{"id":107895,"date":"2021-09-21T08:30:13","date_gmt":"2021-09-21T11:30:13","guid":{"rendered":"https:\/\/www.elsindical.com.ar\/notas\/?p=107895"},"modified":"2021-09-21T08:30:14","modified_gmt":"2021-09-21T11:30:14","slug":"la-corte-bonaerense-aprobo-el-presupuesto-2022-con-eje-en-tecnologia-para-el-trabajo-virtual","status":"publish","type":"post","link":"https:\/\/www.elsindical.com.ar\/notas\/la-corte-bonaerense-aprobo-el-presupuesto-2022-con-eje-en-tecnologia-para-el-trabajo-virtual\/","title":{"rendered":"La Corte bonaerense aprob\u00f3 el presupuesto 2022 con eje en tecnolog\u00eda para el trabajo virtual"},"content":{"rendered":"\n<figure class=\"wp-block-image size-full\"><a href=\"https:\/\/www.elsindical.com.ar\/notas\/var\/www\/html\/notas\/wp-content\/uploads\/2019\/12\/Suprema-Corte-Bonaerense.jpg\"><img loading=\"lazy\" decoding=\"async\" width=\"800\" height=\"600\" src=\"https:\/\/www.elsindical.com.ar\/notas\/var\/www\/html\/notas\/wp-content\/uploads\/2019\/12\/Suprema-Corte-Bonaerense.jpg\" alt=\"\" class=\"wp-image-92094\" srcset=\"https:\/\/www.elsindical.com.ar\/notas\/var\/www\/html\/notas\/wp-content\/uploads\/2019\/12\/Suprema-Corte-Bonaerense.jpg 800w, https:\/\/www.elsindical.com.ar\/notas\/var\/www\/html\/notas\/wp-content\/uploads\/2019\/12\/Suprema-Corte-Bonaerense-300x225.jpg 300w, https:\/\/www.elsindical.com.ar\/notas\/var\/www\/html\/notas\/wp-content\/uploads\/2019\/12\/Suprema-Corte-Bonaerense-768x576.jpg 768w, https:\/\/www.elsindical.com.ar\/notas\/var\/www\/html\/notas\/wp-content\/uploads\/2019\/12\/Suprema-Corte-Bonaerense-400x300.jpg 400w\" sizes=\"auto, (max-width: 800px) 100vw, 800px\" \/><\/a><\/figure>\n\n\n\n<p>La Suprema Corte de Justicia bonaerense aprob\u00f3 el proyecto de Presupuesto del Poder Judicial para el ejercicio 2022, que ser\u00e1 de m\u00e1s de 72 mil millones de pesos para la administraci\u00f3n de justicia y otros 40 mil destinado al Ministerio P\u00fablico.<\/p>\n\n\n\n<p>A trav\u00e9s de una resoluci\u00f3n, la Corte determin\u00f3 que su presupuesto ser\u00e1 de $72.871.782.252 y el del Ministerio P\u00fablico Fiscal de $40.514.954.843.<\/p>\n\n\n\n<p>Seg\u00fan se inform\u00f3, en lo atinente a la Administraci\u00f3n de Justicia las previsiones presupuestarias tienen en cuenta el plan de infraestructura edilicia a partir del reinicio y terminaci\u00f3n de los complejos judiciales en construcci\u00f3n y los proyectados, como as\u00ed tambi\u00e9n las puestas en funcionamiento de los \u00f3rganos jurisdiccionales programados para el pr\u00f3ximo a\u00f1o.<\/p>\n\n\n\n<p>Tambi\u00e9n contempla el fortalecimiento de los programas, proyectos y herramientas tecnol\u00f3gicas en materia de comunicaci\u00f3n electr\u00f3nica e interoperabilidad con organizaciones p\u00fablicas y privadas.<\/p>\n\n\n\n<p>Adem\u00e1s prev\u00e9 la extensi\u00f3n del sistema de firma digital, digitalizaci\u00f3n de tr\u00e1mites, la celebraci\u00f3n de videoaudiencias y acciones orientadas a la incorporaci\u00f3n de aplicaciones de inteligencia artificial en los procesos de trabajo.<\/p>\n\n\n\n<p>Incluso, a partir de las modalidades de gesti\u00f3n implementadas por la pandemia, se prev\u00e9 continuar con la adaptaci\u00f3n de los espacios de trabajo para \u201cpreservar la salud del personal y el p\u00fablico en general\u201d.<\/p>\n\n\n\n<p>La Corte pidi\u00f3 adem\u00e1s que se incorpore en la Ley de Presupuesto de la Provincia los recursos adicionales necesarios para hacer frente a los incrementos de los haberes del personal del Poder Judicial, \u201cconforme una pol\u00edtica salarial establecida por la Suprema Corte de Justicia, orientada a recomponer y jerarquizar las remuneraciones de los magistrados, funcionarios y agentes\u201d.<\/p>\n","protected":false},"excerpt":{"rendered":"<p>La Suprema Corte de Justicia bonaerense aprob\u00f3 el proyecto de Presupuesto del Poder Judicial para el ejercicio 2022, que ser\u00e1 de m\u00e1s de 72 mil millones de pesos para la administraci\u00f3n de justicia y otros 40 mil destinado al Ministerio P\u00fablico. A trav\u00e9s de una resoluci\u00f3n, la Corte determin\u00f3 que su presupuesto ser\u00e1 de $72.871.782.252&hellip;<\/p>\n","protected":false},"author":1,"featured_media":92094,"comment_status":"open","ping_status":"open","sticky":false,"template":"","format":"standard","meta":{"footnotes":""},"categories":[20],"tags":[2450,15588,2281,671,9539],"class_list":["post-107895","post","type-post","status-publish","format-standard","has-post-thumbnail","hentry","category-judiciales","tag-diario-el-sindical","tag-ministerio-publico","tag-poder-judicial","tag-presupuesto","tag-suprema-corte-bonaerense"],"_links":{"self":[{"href":"https:\/\/www.elsindical.com.ar\/notas\/wp-json\/wp\/v2\/posts\/107895","targetHints":{"allow":["GET"]}}],"collection":[{"href":"https:\/\/www.elsindical.com.ar\/notas\/wp-json\/wp\/v2\/posts"}],"about":[{"href":"https:\/\/www.elsindical.com.ar\/notas\/wp-json\/wp\/v2\/types\/post"}],"author":[{"embeddable":true,"href":"https:\/\/www.elsindical.com.ar\/notas\/wp-json\/wp\/v2\/users\/1"}],"replies":[{"embeddable":true,"href":"https:\/\/www.elsindical.com.ar\/notas\/wp-json\/wp\/v2\/comments?post=107895"}],"version-history":[{"count":1,"href":"https:\/\/www.elsindical.com.ar\/notas\/wp-json\/wp\/v2\/posts\/107895\/revisions"}],"predecessor-version":[{"id":107896,"href":"https:\/\/www.elsindical.com.ar\/notas\/wp-json\/wp\/v2\/posts\/107895\/revisions\/107896"}],"wp:featuredmedia":[{"embeddable":true,"href":"https:\/\/www.elsindical.com.ar\/notas\/wp-json\/wp\/v2\/media\/92094"}],"wp:attachment":[{"href":"https:\/\/www.elsindical.com.ar\/notas\/wp-json\/wp\/v2\/media?parent=107895"}],"wp:term":[{"taxonomy":"category","embeddable":true,"href":"https:\/\/www.elsindical.com.ar\/notas\/wp-json\/wp\/v2\/categories?post=107895"},{"taxonomy":"post_tag","embeddable":true,"href":"https:\/\/www.elsindical.com.ar\/notas\/wp-json\/wp\/v2\/tags?post=107895"}],"curies":[{"name":"wp","href":"https:\/\/api.w.org\/{rel}","templated":true}]}}