{"id":107861,"date":"2021-09-19T19:11:56","date_gmt":"2021-09-19T22:11:56","guid":{"rendered":"https:\/\/www.elsindical.com.ar\/notas\/?p=107861"},"modified":"2021-09-19T19:32:21","modified_gmt":"2021-09-19T22:32:21","slug":"festival-de-las-colectividades-en-av-de-mayo","status":"publish","type":"post","link":"https:\/\/www.elsindical.com.ar\/notas\/festival-de-las-colectividades-en-av-de-mayo\/","title":{"rendered":"Festival de las Colectividades en Av. de Mayo"},"content":{"rendered":"\n<figure class=\"wp-block-image size-large\"><a href=\"https:\/\/www.elsindical.com.ar\/notas\/var\/www\/html\/notas\/wp-content\/uploads\/2021\/09\/Festival-Colectividades-01.jpg\"><img loading=\"lazy\" decoding=\"async\" width=\"1024\" height=\"768\" src=\"https:\/\/www.elsindical.com.ar\/notas\/var\/www\/html\/notas\/wp-content\/uploads\/2021\/09\/Festival-Colectividades-01-1024x768.jpg\" alt=\"\" class=\"wp-image-107862\" srcset=\"https:\/\/www.elsindical.com.ar\/notas\/var\/www\/html\/notas\/wp-content\/uploads\/2021\/09\/Festival-Colectividades-01-1024x768.jpg 1024w, https:\/\/www.elsindical.com.ar\/notas\/var\/www\/html\/notas\/wp-content\/uploads\/2021\/09\/Festival-Colectividades-01-300x225.jpg 300w, https:\/\/www.elsindical.com.ar\/notas\/var\/www\/html\/notas\/wp-content\/uploads\/2021\/09\/Festival-Colectividades-01-768x576.jpg 768w, https:\/\/www.elsindical.com.ar\/notas\/var\/www\/html\/notas\/wp-content\/uploads\/2021\/09\/Festival-Colectividades-01-400x300.jpg 400w, https:\/\/www.elsindical.com.ar\/notas\/var\/www\/html\/notas\/wp-content\/uploads\/2021\/09\/Festival-Colectividades-01.jpg 1162w\" sizes=\"auto, (max-width: 1024px) 100vw, 1024px\" \/><\/a><\/figure>\n\n\n\n<p class=\"wp-block-paragraph\">       Volvi\u00f3 un interesante espect\u00e1culo gratuito para los vecinos y los que visitan la Ciudad de Buenos Aires, el Festival de las Colectividades, un espacio para conocer, disfrutar de eventos, comidas t\u00edpicas y artesan\u00edas.<\/p>\n\n\n\n<p class=\"wp-block-paragraph\">Con el objetivo de respetar el distanciamiento correspondiente entre los y las asistentes, el evento se extender\u00e1 desde Av. de Mayo y Bol\u00edvar hasta la calle Tacuar\u00ed, duplicando el n\u00famero de cuadras de extensi\u00f3n tradicional. Adem\u00e1s, durante todo el evento, las diferentes colectividades que conviven en la ciudad participar\u00e1n con stands gastron\u00f3micos y manifestaciones culturales y art\u00edsticas en dos escenarios colocados a los extremos, activos en diferentes momentos para lograr una mayor circulaci\u00f3n. Los espacios estar\u00e1n vallados y habr\u00e1 controles tanto en el ingreso como el egreso del evento para controlar la cantidad de personas seg\u00fan lo indicado por los protocolos vigentes.<\/p>\n\n\n\n<figure class=\"wp-block-gallery columns-1 is-cropped wp-block-gallery-1 is-layout-flex wp-block-gallery-is-layout-flex\"><ul class=\"blocks-gallery-grid\"><li class=\"blocks-gallery-item\"><figure><a href=\"https:\/\/www.elsindical.com.ar\/notas\/var\/www\/html\/notas\/wp-content\/uploads\/2021\/09\/Festival-Colectividades-02.jpg\"><img loading=\"lazy\" decoding=\"async\" width=\"1024\" height=\"768\" src=\"https:\/\/www.elsindical.com.ar\/notas\/var\/www\/html\/notas\/wp-content\/uploads\/2021\/09\/Festival-Colectividades-02-1024x768.jpg\" alt=\"\" data-id=\"107863\" data-full-url=\"https:\/\/www.elsindical.com.ar\/notas\/var\/www\/html\/notas\/wp-content\/uploads\/2021\/09\/Festival-Colectividades-02.jpg\" data-link=\"https:\/\/www.elsindical.com.ar\/notas\/?attachment_id=107863#main\" class=\"wp-image-107863\" srcset=\"https:\/\/www.elsindical.com.ar\/notas\/var\/www\/html\/notas\/wp-content\/uploads\/2021\/09\/Festival-Colectividades-02-1024x768.jpg 1024w, https:\/\/www.elsindical.com.ar\/notas\/var\/www\/html\/notas\/wp-content\/uploads\/2021\/09\/Festival-Colectividades-02-300x225.jpg 300w, https:\/\/www.elsindical.com.ar\/notas\/var\/www\/html\/notas\/wp-content\/uploads\/2021\/09\/Festival-Colectividades-02-768x576.jpg 768w, https:\/\/www.elsindical.com.ar\/notas\/var\/www\/html\/notas\/wp-content\/uploads\/2021\/09\/Festival-Colectividades-02-400x300.jpg 400w, https:\/\/www.elsindical.com.ar\/notas\/var\/www\/html\/notas\/wp-content\/uploads\/2021\/09\/Festival-Colectividades-02.jpg 1162w\" sizes=\"auto, (max-width: 1024px) 100vw, 1024px\" \/><\/a><\/figure><\/li><li class=\"blocks-gallery-item\"><figure><a href=\"https:\/\/www.elsindical.com.ar\/notas\/var\/www\/html\/notas\/wp-content\/uploads\/2021\/09\/Festival-Colectividades-03.jpg\"><img loading=\"lazy\" decoding=\"async\" width=\"1024\" height=\"838\" src=\"https:\/\/www.elsindical.com.ar\/notas\/var\/www\/html\/notas\/wp-content\/uploads\/2021\/09\/Festival-Colectividades-03-1024x838.jpg\" alt=\"\" data-id=\"107864\" data-full-url=\"https:\/\/www.elsindical.com.ar\/notas\/var\/www\/html\/notas\/wp-content\/uploads\/2021\/09\/Festival-Colectividades-03.jpg\" data-link=\"https:\/\/www.elsindical.com.ar\/notas\/?attachment_id=107864#main\" class=\"wp-image-107864\" srcset=\"https:\/\/www.elsindical.com.ar\/notas\/var\/www\/html\/notas\/wp-content\/uploads\/2021\/09\/Festival-Colectividades-03-1024x838.jpg 1024w, https:\/\/www.elsindical.com.ar\/notas\/var\/www\/html\/notas\/wp-content\/uploads\/2021\/09\/Festival-Colectividades-03-300x246.jpg 300w, https:\/\/www.elsindical.com.ar\/notas\/var\/www\/html\/notas\/wp-content\/uploads\/2021\/09\/Festival-Colectividades-03-768x629.jpg 768w, https:\/\/www.elsindical.com.ar\/notas\/var\/www\/html\/notas\/wp-content\/uploads\/2021\/09\/Festival-Colectividades-03-367x300.jpg 367w, https:\/\/www.elsindical.com.ar\/notas\/var\/www\/html\/notas\/wp-content\/uploads\/2021\/09\/Festival-Colectividades-03.jpg 1162w\" sizes=\"auto, (max-width: 1024px) 100vw, 1024px\" \/><\/a><\/figure><\/li><\/ul><\/figure>\n\n\n\n<figure class=\"wp-block-embed is-type-video is-provider-youtube wp-block-embed-youtube wp-embed-aspect-16-9 wp-has-aspect-ratio\"><div class=\"wp-block-embed__wrapper\">\n<iframe loading=\"lazy\" title=\"Festival de Colectividades\" width=\"700\" height=\"394\" src=\"https:\/\/www.youtube.com\/embed\/Pw-QlJIE7ME?feature=oembed\" frameborder=\"0\" allow=\"accelerometer; autoplay; clipboard-write; encrypted-media; gyroscope; picture-in-picture\" allowfullscreen><\/iframe>\n<\/div><\/figure>\n","protected":false},"excerpt":{"rendered":"<p>Volvi\u00f3 un interesante espect\u00e1culo gratuito para los vecinos y los que visitan la Ciudad de Buenos Aires, el Festival de las Colectividades, un espacio para conocer, disfrutar de eventos, comidas t\u00edpicas y artesan\u00edas. Con el objetivo de respetar el distanciamiento correspondiente entre los y las asistentes, el evento se extender\u00e1 desde Av. de Mayo y&hellip;<\/p>\n","protected":false},"author":1,"featured_media":107862,"comment_status":"open","ping_status":"open","sticky":false,"template":"","format":"standard","meta":{"footnotes":""},"categories":[25],"tags":[4284,1762,35550,2450,22027,35549,35551],"class_list":["post-107861","post","type-post","status-publish","format-standard","has-post-thumbnail","hentry","category-sociedad","tag-caba","tag-comidas","tag-costumbres","tag-diario-el-sindical","tag-espectaculos","tag-feria-de-las-colectividades","tag-recreo"],"_links":{"self":[{"href":"https:\/\/www.elsindical.com.ar\/notas\/wp-json\/wp\/v2\/posts\/107861","targetHints":{"allow":["GET"]}}],"collection":[{"href":"https:\/\/www.elsindical.com.ar\/notas\/wp-json\/wp\/v2\/posts"}],"about":[{"href":"https:\/\/www.elsindical.com.ar\/notas\/wp-json\/wp\/v2\/types\/post"}],"author":[{"embeddable":true,"href":"https:\/\/www.elsindical.com.ar\/notas\/wp-json\/wp\/v2\/users\/1"}],"replies":[{"embeddable":true,"href":"https:\/\/www.elsindical.com.ar\/notas\/wp-json\/wp\/v2\/comments?post=107861"}],"version-history":[{"count":2,"href":"https:\/\/www.elsindical.com.ar\/notas\/wp-json\/wp\/v2\/posts\/107861\/revisions"}],"predecessor-version":[{"id":107866,"href":"https:\/\/www.elsindical.com.ar\/notas\/wp-json\/wp\/v2\/posts\/107861\/revisions\/107866"}],"wp:featuredmedia":[{"embeddable":true,"href":"https:\/\/www.elsindical.com.ar\/notas\/wp-json\/wp\/v2\/media\/107862"}],"wp:attachment":[{"href":"https:\/\/www.elsindical.com.ar\/notas\/wp-json\/wp\/v2\/media?parent=107861"}],"wp:term":[{"taxonomy":"category","embeddable":true,"href":"https:\/\/www.elsindical.com.ar\/notas\/wp-json\/wp\/v2\/categories?post=107861"},{"taxonomy":"post_tag","embeddable":true,"href":"https:\/\/www.elsindical.com.ar\/notas\/wp-json\/wp\/v2\/tags?post=107861"}],"curies":[{"name":"wp","href":"https:\/\/api.w.org\/{rel}","templated":true}]}}