{"id":107811,"date":"2021-09-17T00:58:47","date_gmt":"2021-09-17T03:58:47","guid":{"rendered":"https:\/\/www.elsindical.com.ar\/notas\/?p=107811"},"modified":"2021-09-17T00:58:47","modified_gmt":"2021-09-17T03:58:47","slug":"poesia-en-tu-sofa-llega-al-centro-cultural-recoleta","status":"publish","type":"post","link":"https:\/\/www.elsindical.com.ar\/notas\/poesia-en-tu-sofa-llega-al-centro-cultural-recoleta\/","title":{"rendered":"Poes\u00eda en tu Sof\u00e1 llega al Centro Cultural Recoleta"},"content":{"rendered":"\n<figure class=\"wp-block-image size-large\"><a href=\"https:\/\/www.elsindical.com.ar\/notas\/var\/www\/html\/notas\/wp-content\/uploads\/2021\/09\/Flyer_PoesiaEnTuSofa_Recoleta_01-1-1.png\"><img loading=\"lazy\" decoding=\"async\" width=\"1024\" height=\"1024\" src=\"https:\/\/www.elsindical.com.ar\/notas\/var\/www\/html\/notas\/wp-content\/uploads\/2021\/09\/Flyer_PoesiaEnTuSofa_Recoleta_01-1-1-1024x1024.png\" alt=\"\" class=\"wp-image-107812\" srcset=\"https:\/\/www.elsindical.com.ar\/notas\/var\/www\/html\/notas\/wp-content\/uploads\/2021\/09\/Flyer_PoesiaEnTuSofa_Recoleta_01-1-1-1024x1024.png 1024w, https:\/\/www.elsindical.com.ar\/notas\/var\/www\/html\/notas\/wp-content\/uploads\/2021\/09\/Flyer_PoesiaEnTuSofa_Recoleta_01-1-1-300x300.png 300w, https:\/\/www.elsindical.com.ar\/notas\/var\/www\/html\/notas\/wp-content\/uploads\/2021\/09\/Flyer_PoesiaEnTuSofa_Recoleta_01-1-1-150x150.png 150w, https:\/\/www.elsindical.com.ar\/notas\/var\/www\/html\/notas\/wp-content\/uploads\/2021\/09\/Flyer_PoesiaEnTuSofa_Recoleta_01-1-1-768x768.png 768w, https:\/\/www.elsindical.com.ar\/notas\/var\/www\/html\/notas\/wp-content\/uploads\/2021\/09\/Flyer_PoesiaEnTuSofa_Recoleta_01-1-1-1536x1536.png 1536w, https:\/\/www.elsindical.com.ar\/notas\/var\/www\/html\/notas\/wp-content\/uploads\/2021\/09\/Flyer_PoesiaEnTuSofa_Recoleta_01-1-1-50x50.png 50w, https:\/\/www.elsindical.com.ar\/notas\/var\/www\/html\/notas\/wp-content\/uploads\/2021\/09\/Flyer_PoesiaEnTuSofa_Recoleta_01-1-1.png 2000w\" sizes=\"auto, (max-width: 1024px) 100vw, 1024px\" \/><\/a><\/figure>\n\n\n\n<p class=\"wp-block-paragraph\"><strong>El ciclo gratuito de poes\u00eda concretar\u00e1 su d\u00e9cima edici\u00f3n, esta vez en formato presencial y con lectura perform\u00e1ticas de Flavia Calise, Walter Lezcano y La Piba Berreta, entre otros referentes. Ser\u00e1 el jueves 23 de septiembre, a las 19 hs. en el Patio del Aljibe del Centro Cultural Recoleta.&nbsp;<\/strong><\/p>\n\n\n\n<p class=\"wp-block-paragraph\"><strong>Buenos Aires, jueves 16 de septiembre de 2021.<\/strong> \u00abPoes\u00eda en tu Sof\u00e1 Argentina\u00bb es un ciclo gratuito de difusi\u00f3n po\u00e9tica que encuentra en la pandemia la posibilidad de establecer un di\u00e1logo entre diferentes propuestas po\u00e9ticas contempor\u00e1neas. En su d\u00e9cima edici\u00f3n, que se concretar\u00e1 el jueves 23 de septiembre a las 19h en el Centro Cultural Recoleta (CCR), realizar\u00e1n lecturas perform\u00e1ticas Mercedes Romero Russo, Walter Lezcano, Flavia Calise, Maia Tarcic, Tom\u00e1s Rosner, La Piba Berreta, Anshi, Martha Mega, Federico De La Riva, Unai Rivas Campo, Carina Carriqueo y Gerardo Montoya. Adem\u00e1s, contar\u00e1 con la musicalizaci\u00f3n de Jos\u00e9 Luis Ansaldo.<\/p>\n\n\n\n<p class=\"wp-block-paragraph\">El ciclo surgi\u00f3 el a\u00f1o pasado con el objetivo de difundir, de manera libre y gratuita, poes\u00eda con perspectiva federal y latinoamericana en un contexto cr\u00edtico. \u00abCelebramos la d\u00e9cima edici\u00f3n de esta iniciativa que busca establecer un intercambio y di\u00e1logo entre una diversidad de propuestas, inaugurando el formato presencial. \u00b4Le ha correspondido a la poes\u00eda, a esos escombros de una derrota infinitas veces reiterada (..) volver a hacer presente el h\u00e1lito de un amor inextinguible\u00b4, sostiene el poeta chileno Zurita y este regreso a la territorialidad cultural nos permite -protocolo mediante- retornar a b\u00fasqueda habitar en red el tejido social presente y en movimiento\u00bb, expres\u00f3 Sol Aguirre, poeta cordobesa&nbsp; y parte del equipo de Poes\u00eda en tu Sof\u00e1 Arg.<\/p>\n\n\n\n<p class=\"wp-block-paragraph\">Para asistir al formato presencial, se podr\u00e1 adquirir la entrada gratuita desde el lunes 20 en la p\u00e1gina web del <a href=\"http:\/\/centroculturalrecoleta.org\/agenda\/decima-edicion-de-poesia-en-tu-sofa-argentina-con-mercedes-romero-russo-walter-lezcano-flavia-calise-maia-tarcic-tomas-rosner-la-piba-berreta-anshi-martha-mega-federico-de-la-riva-unai-rivas-campo-carina-carriqueo-jose-luis-ansaldo-y-gerardo-montoya\" target=\"_blank\" rel=\"noreferrer noopener\">CCR.<\/a> El ingreso ser\u00e1 de libre acceso con reserva previa de entrada por protocolo. La capacidad es limitada y se puede reservar hasta una entrada por persona.&nbsp;<\/p>\n\n\n\n<p class=\"wp-block-paragraph\">Producen: Mercedes Romero Russo, Tom\u00e1s Rosner y Gerardo Montoya + Organizaci\u00f3n: Mariana Alturria + Dise\u00f1o: Alina Najlis + Prensa: Sol Aguirre.<\/p>\n\n\n\n<p class=\"wp-block-paragraph\"><strong>Materiales gr\u00e1ficos a descargar: <\/strong><a href=\"https:\/\/bit.ly\/poesiaenelrecoleta\" target=\"_blank\" rel=\"noreferrer noopener\"><strong>https:\/\/bit.ly\/poesiaenelrecoleta<\/strong><\/a><strong>&nbsp;<\/strong><\/p>\n\n\n\n<p class=\"wp-block-paragraph\"><strong>Line Up &#8211; D\u00e9cima edici\u00f3n. 19 a 21h&nbsp;<\/strong><\/p>\n\n\n\n<p class=\"wp-block-paragraph\">Mercedes Romero Russo @mercedesromerorusso&nbsp;<\/p>\n\n\n\n<p class=\"wp-block-paragraph\">Walter Lezcano @walterisaaclezcano<\/p>\n\n\n\n<p class=\"wp-block-paragraph\">Flavia Calise @flaviacalise<\/p>\n\n\n\n<p class=\"wp-block-paragraph\">Maia Tarcic @maiatarcic<\/p>\n\n\n\n<p class=\"wp-block-paragraph\">Tom\u00e1s Rosner @los_fatales<\/p>\n\n\n\n<p class=\"wp-block-paragraph\">La Piba Berreta @lapibaberreta<\/p>\n\n\n\n<p class=\"wp-block-paragraph\">Anshi&nbsp;<\/p>\n\n\n\n<p class=\"wp-block-paragraph\">Martha Mega @viboradelamar<\/p>\n\n\n\n<p class=\"wp-block-paragraph\">Federico de la Riva @fededelariva<\/p>\n\n\n\n<p class=\"wp-block-paragraph\">Unai Rivas Campo @unairivascampo<\/p>\n\n\n\n<p class=\"wp-block-paragraph\">Carina Carriqueo @carina_carriqueo<\/p>\n\n\n\n<p class=\"wp-block-paragraph\">Gerardo Montoya @elgympoetico&nbsp;<\/p>\n\n\n\n<p class=\"wp-block-paragraph\">M\u00fasica y transiciones por: Jos\u00e9 Luis Ansaldo @jose.ansaldo<\/p>\n","protected":false},"excerpt":{"rendered":"<p>El ciclo gratuito de poes\u00eda concretar\u00e1 su d\u00e9cima edici\u00f3n, esta vez en formato presencial y con lectura perform\u00e1ticas de Flavia Calise, Walter Lezcano y La Piba Berreta, entre otros referentes. Ser\u00e1 el jueves 23 de septiembre, a las 19 hs. en el Patio del Aljibe del Centro Cultural Recoleta.&nbsp; Buenos Aires, jueves 16 de septiembre&hellip;<\/p>\n","protected":false},"author":1,"featured_media":107812,"comment_status":"open","ping_status":"open","sticky":false,"template":"","format":"standard","meta":{"footnotes":""},"categories":[15],"tags":[33967,24401,2450,33044],"class_list":["post-107811","post","type-post","status-publish","format-standard","has-post-thumbnail","hentry","category-espectaculos","tag-33967","tag-centro-cultural-recoleta","tag-diario-el-sindical","tag-poesia-en-tu-sofa"],"_links":{"self":[{"href":"https:\/\/www.elsindical.com.ar\/notas\/wp-json\/wp\/v2\/posts\/107811","targetHints":{"allow":["GET"]}}],"collection":[{"href":"https:\/\/www.elsindical.com.ar\/notas\/wp-json\/wp\/v2\/posts"}],"about":[{"href":"https:\/\/www.elsindical.com.ar\/notas\/wp-json\/wp\/v2\/types\/post"}],"author":[{"embeddable":true,"href":"https:\/\/www.elsindical.com.ar\/notas\/wp-json\/wp\/v2\/users\/1"}],"replies":[{"embeddable":true,"href":"https:\/\/www.elsindical.com.ar\/notas\/wp-json\/wp\/v2\/comments?post=107811"}],"version-history":[{"count":1,"href":"https:\/\/www.elsindical.com.ar\/notas\/wp-json\/wp\/v2\/posts\/107811\/revisions"}],"predecessor-version":[{"id":107813,"href":"https:\/\/www.elsindical.com.ar\/notas\/wp-json\/wp\/v2\/posts\/107811\/revisions\/107813"}],"wp:featuredmedia":[{"embeddable":true,"href":"https:\/\/www.elsindical.com.ar\/notas\/wp-json\/wp\/v2\/media\/107812"}],"wp:attachment":[{"href":"https:\/\/www.elsindical.com.ar\/notas\/wp-json\/wp\/v2\/media?parent=107811"}],"wp:term":[{"taxonomy":"category","embeddable":true,"href":"https:\/\/www.elsindical.com.ar\/notas\/wp-json\/wp\/v2\/categories?post=107811"},{"taxonomy":"post_tag","embeddable":true,"href":"https:\/\/www.elsindical.com.ar\/notas\/wp-json\/wp\/v2\/tags?post=107811"}],"curies":[{"name":"wp","href":"https:\/\/api.w.org\/{rel}","templated":true}]}}