{"id":107774,"date":"2021-09-15T00:31:17","date_gmt":"2021-09-15T03:31:17","guid":{"rendered":"https:\/\/www.elsindical.com.ar\/notas\/?p=107774"},"modified":"2021-09-15T00:31:18","modified_gmt":"2021-09-15T03:31:18","slug":"gral-rodriguez-leo-garcia-denuncio-un-ataque-homofobico","status":"publish","type":"post","link":"https:\/\/www.elsindical.com.ar\/notas\/gral-rodriguez-leo-garcia-denuncio-un-ataque-homofobico\/","title":{"rendered":"Gral. Rodr\u00edguez: Leo Garc\u00eda denunci\u00f3 un ataque homof\u00f3bico"},"content":{"rendered":"\n<div class=\"wp-block-image\"><figure class=\"aligncenter size-full\"><a href=\"https:\/\/www.elsindical.com.ar\/notas\/var\/www\/html\/notas\/wp-content\/uploads\/2021\/09\/Leo-Garcia-agredido.jpg\"><img loading=\"lazy\" decoding=\"async\" width=\"850\" height=\"709\" src=\"https:\/\/www.elsindical.com.ar\/notas\/var\/www\/html\/notas\/wp-content\/uploads\/2021\/09\/Leo-Garcia-agredido.jpg\" alt=\"\" class=\"wp-image-107775\" srcset=\"https:\/\/www.elsindical.com.ar\/notas\/var\/www\/html\/notas\/wp-content\/uploads\/2021\/09\/Leo-Garcia-agredido.jpg 850w, https:\/\/www.elsindical.com.ar\/notas\/var\/www\/html\/notas\/wp-content\/uploads\/2021\/09\/Leo-Garcia-agredido-300x250.jpg 300w, https:\/\/www.elsindical.com.ar\/notas\/var\/www\/html\/notas\/wp-content\/uploads\/2021\/09\/Leo-Garcia-agredido-768x641.jpg 768w, https:\/\/www.elsindical.com.ar\/notas\/var\/www\/html\/notas\/wp-content\/uploads\/2021\/09\/Leo-Garcia-agredido-360x300.jpg 360w\" sizes=\"auto, (max-width: 850px) 100vw, 850px\" \/><\/a><\/figure><\/div>\n\n\n\n<p>Comparti\u00f3 una imagen con su rostro ensangrentado. Fue agredido en General Rodr\u00edguez.<\/p>\n\n\n\n<p>El m\u00fasico Leo Garc\u00eda sufri\u00f3 un ataque homof\u00f3bico esta madrugada en la localidad bonaerense de General Rodr\u00edguez y mostr\u00f3 sus heridas a trav\u00e9s de las redes sociales donde dijo que no va a \u201cculpar a nadie\u201d, pero asegur\u00f3 que le pas\u00f3 \u201cpor ser homosexual\u201d.<\/p>\n\n\n\n<p>\u201cMiren c\u00f3mo me pegaron, no quiero acusar a nadie porque no me doli\u00f3, pero me hicieron esto\u201d, relat\u00f3 Garc\u00eda en una serie de videos que public\u00f3 en su cuenta de Instagram. \u201cEsto no es un maquillaje, esto es c\u00f3mo me dejaron en General Rodr\u00edguez, el lugar donde yo vivo\u201d, agreg\u00f3 el cantante que presentaba lesiones y su rostro ensangrentado.<\/p>\n\n\n\n<p>En ese sentido, explic\u00f3: \u201cHabl\u00e9 con un chico, le tir\u00e9 una onda gay y cuando le tir\u00e9 una onda gay as\u00ed respondieron\u201d, y denunci\u00f3 que \u201cla homofobia en este pa\u00eds no para\u201d. \u201cNo puede ser que por ser homosexual se me maltrate tanto\u201d, se lament\u00f3.<\/p>\n\n\n\n<p>La unidad fiscal n\u00famero 9 abri\u00f3 una investigaci\u00f3n de oficio al tomar conocimiento a trav\u00e9s de las redes sociales de la agresi\u00f3n f\u00edsica hacia el m\u00fasico. Personal policial acudi\u00f3 al domicilio del cantante y logr\u00f3 entrevistarlo por medio del portero el\u00e9ctrico del edifico. Sin embargo, Garc\u00eda manifest\u00f3 que har\u00e1 la denuncia durante el d\u00eda.<\/p>\n","protected":false},"excerpt":{"rendered":"<p>Comparti\u00f3 una imagen con su rostro ensangrentado. Fue agredido en General Rodr\u00edguez. El m\u00fasico Leo Garc\u00eda sufri\u00f3 un ataque homof\u00f3bico esta madrugada en la localidad bonaerense de General Rodr\u00edguez y mostr\u00f3 sus heridas a trav\u00e9s de las redes sociales donde dijo que no va a \u201cculpar a nadie\u201d, pero asegur\u00f3 que le pas\u00f3 \u201cpor ser&hellip;<\/p>\n","protected":false},"author":1,"featured_media":107775,"comment_status":"open","ping_status":"open","sticky":false,"template":"","format":"standard","meta":{"footnotes":""},"categories":[6,22],"tags":[35533,175,2450,1145,35532,30446,1739,1986],"class_list":["post-107774","post","type-post","status-publish","format-standard","has-post-thumbnail","hentry","category-denuncias","category-policiales","tag-ataque-homofobico","tag-denuncia","tag-diario-el-sindical","tag-gay","tag-gral-rodriguez-2","tag-leo-garcia","tag-lesiones","tag-musico"],"_links":{"self":[{"href":"https:\/\/www.elsindical.com.ar\/notas\/wp-json\/wp\/v2\/posts\/107774","targetHints":{"allow":["GET"]}}],"collection":[{"href":"https:\/\/www.elsindical.com.ar\/notas\/wp-json\/wp\/v2\/posts"}],"about":[{"href":"https:\/\/www.elsindical.com.ar\/notas\/wp-json\/wp\/v2\/types\/post"}],"author":[{"embeddable":true,"href":"https:\/\/www.elsindical.com.ar\/notas\/wp-json\/wp\/v2\/users\/1"}],"replies":[{"embeddable":true,"href":"https:\/\/www.elsindical.com.ar\/notas\/wp-json\/wp\/v2\/comments?post=107774"}],"version-history":[{"count":1,"href":"https:\/\/www.elsindical.com.ar\/notas\/wp-json\/wp\/v2\/posts\/107774\/revisions"}],"predecessor-version":[{"id":107776,"href":"https:\/\/www.elsindical.com.ar\/notas\/wp-json\/wp\/v2\/posts\/107774\/revisions\/107776"}],"wp:featuredmedia":[{"embeddable":true,"href":"https:\/\/www.elsindical.com.ar\/notas\/wp-json\/wp\/v2\/media\/107775"}],"wp:attachment":[{"href":"https:\/\/www.elsindical.com.ar\/notas\/wp-json\/wp\/v2\/media?parent=107774"}],"wp:term":[{"taxonomy":"category","embeddable":true,"href":"https:\/\/www.elsindical.com.ar\/notas\/wp-json\/wp\/v2\/categories?post=107774"},{"taxonomy":"post_tag","embeddable":true,"href":"https:\/\/www.elsindical.com.ar\/notas\/wp-json\/wp\/v2\/tags?post=107774"}],"curies":[{"name":"wp","href":"https:\/\/api.w.org\/{rel}","templated":true}]}}