{"id":10777,"date":"2010-11-14T00:45:50","date_gmt":"2010-11-14T03:45:50","guid":{"rendered":"http:\/\/www.elsindical.com.ar\/notas\/?p=10777"},"modified":"2010-11-14T01:29:56","modified_gmt":"2010-11-14T04:29:56","slug":"atlas-copco-de-vikingos-a-piratas","status":"publish","type":"post","link":"https:\/\/www.elsindical.com.ar\/notas\/atlas-copco-de-vikingos-a-piratas\/","title":{"rendered":"ATLAS COPCO DE VIKINGOS A PIRATAS"},"content":{"rendered":"<p style=\"text-align: justify;\"><a href=\"http:\/\/www.elsindical.com.ar\/notas\/var\/www\/html\/notas\/wp-content\/uploads\/2010\/11\/Yoan-y-Marcelo-estudio-jur\u00ed.jpg\"><img loading=\"lazy\" decoding=\"async\" class=\"alignleft size-medium wp-image-10778\" title=\"Yoan-y-Marcelo-estudio-jur\u00ed\" src=\"http:\/\/www.elsindical.com.ar\/notas\/var\/www\/html\/notas\/wp-content\/uploads\/2010\/11\/Yoan-y-Marcelo-estudio-jur\u00ed-300x180.jpg\" alt=\"\" width=\"300\" height=\"180\" srcset=\"https:\/\/www.elsindical.com.ar\/notas\/var\/www\/html\/notas\/wp-content\/uploads\/2010\/11\/Yoan-y-Marcelo-estudio-jur\u00ed-300x180.jpg 300w, https:\/\/www.elsindical.com.ar\/notas\/var\/www\/html\/notas\/wp-content\/uploads\/2010\/11\/Yoan-y-Marcelo-estudio-jur\u00ed.jpg 413w\" sizes=\"auto, (max-width: 300px) 100vw, 300px\" \/><\/a>Suecia es una de los pa\u00edses con mejor desarrollo tecnol\u00f3gico, una creciente econom\u00eda, con un alto nivel de vida, se ubica como el 5to.pa\u00eds de Europa en tama\u00f1o y es una de las 20 econom\u00edas m\u00e1s grandes del mundo. Sus pol\u00edticas internas se orientan a la conservaci\u00f3n de la naturaleza, la protecci\u00f3n del medio ambiente y la eficacia energ\u00e9tica. Si bien es miembro de la UE, no adhiri\u00f3 el Euro y sostiene su moneda, la Corona Sueca. Posee 25 provincias o Iandskap, y su sistema pol\u00edtico es una monarqu\u00eda constitucional representada por el Rey Carlos XVI Gustavo, como representante del Estado, pero regida pol\u00edticamente por un parlamento o Riksdag, compuesto por 349 miembros. La presi\u00f3n impositiva es una de las m\u00e1s altas ronda el 51,1%, con una inflaci\u00f3n menor al 2% lo que lo convierte en el 3\u00ba pa\u00eds m\u00e1s competitivo del mundo. Su tasa de esperanza de vida ronda los 81 a\u00f1os y es uno de los pa\u00edses con la menor tasa de mortalidad infantil. Posee en contra uno de los \u00edndices m\u00e1s altos de Europa de delincuencia, entre los que se destacan, asaltos, cr\u00edmenes sexuales, cr\u00edmenes por odio y el fraude, teniendo curiosamente un bajo nivel de corrupci\u00f3n. Tambi\u00e9n es el tercer pa\u00eds en producciones musicales, con varios grupos de reconocida trayectoria mundial, como ABBA, ROXETTE, ACE OF BASE, EUROPE, entre otros. Posee una rica historia en la que se destacan los vikingos con sus eternos relatos. Tambi\u00e9n es un pa\u00eds con un marcado reconocimiento de los Derechos Humanos, firmando varios Tratados y Pactos internacionales al respecto.<\/p>\n<p style=\"text-align: justify;\">Hasta aqu\u00ed, la presentaci\u00f3n de una gran naci\u00f3n, de un pa\u00eds con a\u00f1os de historia y que a pesar de poseer solo algo m\u00e1s de 9 millones de habitantes, ha podido desarrollar una s\u00f3lida econom\u00eda y una m\u00e1s importante representaci\u00f3n industrial y empresarial con empresas multinacionales que se destacan en por todo el mundo con gran prestigio, entre estas podemos mencionar, las 20 m\u00e1s importantes como ser: AB Volvo, Ericsson, Vattenfall, <strong>Skanska<\/strong>, Sony Ericsson Mobile Communications AB, Svenska Cellulosa Aktiebolaget, Electrolux, Volvo Car Corporation, TeliaSonera, Sandvik, <strong>Scania<\/strong>, IKEA, Hennes &amp; Mauritz, Nordea, Preem, <strong>Atlas Copco<\/strong>, Securitas, Nordstjernan, y SKF.<\/p>\n<p style=\"text-align: justify;\">Varias de estas empresas mencionadas, han ido teniendo serios problemas en los pa\u00edses extranjeros donde se han radicado a realizar sus negocios, especialmente en los pa\u00edses de Am\u00e9rica Latina, donde curiosamente se han vuelto involucradas en casos de cohecho o corrupci\u00f3n, en Argentina la firma SKANSKA, tuvo un importante protagonismo medi\u00e1tico al involucrar a funcionarios y pol\u00edticos en uno de los mayores casos de corrupci\u00f3n, que a\u00fan hoy la justicia no ha podido concluir en la que intervinieron tres jueces, el Dr. Javier L\u00f3pez Biscayart, Juez Penal Tributario, quien inici\u00f3 la investigaci\u00f3n y proces\u00f3 a varios de los involucrados, habiendo tenido por probado que la empresa pag\u00f3 118 facturas ap\u00f3crifas a 23 empresas fantasmas. Posterior al procesamiento de 7 ejecutivos que incluy\u00f3 la prisi\u00f3n preventiva, la empresa Skanska los despidi\u00f3, pero pag\u00f3 fuertes sumas \u201cindemnizatorias\u201d que se interpretaron como sujetas, a un acuerdo de silencio. Las multas frente a la AFIP, llegaron a los 10 millones de pesos. Otro de los jueces que intervinieron fue el Dr. Norberto Oyarbide como Juez Federal Subrogante del Juzgado Federal N\u00ba 7, actuando a\u00fan en la causa, donde la Sala I, ha solicitado se determine la situaci\u00f3n procesal de los involucrados. El tercer Juez fue el Dr. Guillermo Montenegro, quien solicito la divisi\u00f3n de la causa y deb\u00eda investigar los sobornos, investigaci\u00f3n que no prospero hasta su retiro de la justicia y asumir el puesto de Ministro de Seguridad de la Ciudad de Buenos Aires, puesto ofrecido por el Jefe de Gobierno Mauricio Macri.\u00a0<\/p>\n<p style=\"text-align: justify;\"><strong>ATLAS COPCO<\/strong>\u00a0<\/p>\n<p style=\"text-align: justify;\">\u00a0\u00a0 Era necesario ubicar el lector en esta compleja causa que vuelve a involucrar a una empresa extranjera, en hechos de corrupci\u00f3n, cohecho y tr\u00e1fico de influencias, tal como est\u00e1n caratuladas las distintas causas que surgen como consecuencia de una causa del fuero laboral en la que nos referimos en la nota anterior.<\/p>\n<p style=\"text-align: justify;\">Para aquellos que no la han le\u00eddo la causa \u201cmadre\u201d es la identificada como \u201cYoan Daniel Atilio C\/Atlas Copco Argentina S.A. s\/Despido\u201d Expte. 3598\/08.<\/p>\n<p style=\"text-align: justify;\">La causa en cuesti\u00f3n, se encuentra al d\u00eda viernes en la Sala III, de la C\u00e1mara Nacional de Apelaciones del Trabajo de la Capital Federal, integrada interinamente por los Jueces, Dr. Catardo, Luis Alberto, ( Juez de la Sala VIII), Dr. Balestrini, Alvarado Edmundo, (Juez de la Sala IX), Dr. Maza, Miguel \u00c1ngel, (Juez Sala I).<\/p>\n<p style=\"text-align: justify;\">Como podr\u00e1n apreciar en el video que acompa\u00f1a la nota, la causa laboral no solo deriv\u00f3 en varias causas penales, sino que tambi\u00e9n ha tenido un tratamiento judicial at\u00edpico, en la cual, la demanda, ha la fecha, solo ha intentado demorar la sentencia definitiva en el \u00e1mbito laboral, apelando a cuanto artilugio legal o no (por los resultados de la causa federal) han tenido a mano.<\/p>\n<p style=\"text-align: justify;\">Un viejo refr\u00e1n popular dice que, \u201ccuando se va a hacer algo malo, hay que hacerlo solo\u201d, es evidente, que para poder revertir la causa laboral, existieron reuniones de empresarios, funcionarios y particulares tendientes a hacer lo que fuera necesario, esto surge de la investigaci\u00f3n federal en curso y ratifica lo que la investigaci\u00f3n period\u00edstica viene acopiando.<\/p>\n<p style=\"text-align: justify;\">Este medio ha hecho uso del pedido de informes al Gobierno de la Ciudad, invocando la Ley 104, respecto de una serie de abogados contratados por el Banco Ciudad como asesores, los cuales cobran abultados contratos, m\u00e1s otros gastos como ser los de representaci\u00f3n, pero que a veces se utilizan para pagar \u201ctrabajos\u201d que no tienen al banco como parte, s\u00ed a su vicepresidente el abogado Juan Ernesto Curutchet. En este punto es importante destacar que quien nada teme, tampoco debe ocultar informaci\u00f3n, en ese punto, el Banco Ciudad no ha cumplido con los plazos para brindar la informaci\u00f3n requerida, y el responsable de informar, el Dr. Claudio Ramos, como Secretario de Directorio, se ha hecho negar a los requerimientos de este medio, incluso cuando el d\u00eda mi\u00e9rcoles personalmente me constitu\u00ed en la casa matriz del banco para evitar que deban gastar en una carta documento que no hemos recibido donde se nos notifica del uso de la pr\u00f3rroga, tampoco se han comunicado telef\u00f3nicamente a pesar de que poseen los n\u00fameros para hacerlo incluido el celular.<\/p>\n<p style=\"text-align: justify;\">Tan seguros estamos en esta investigaci\u00f3n de que vamos por el camino correcto, coincidente con la justicia, que en el portal del estudio jur\u00eddico Curutchet &amp; Odriozola, se han eliminado del staff de abogados, algunos de los contratados por el Banco Ciudad, casualmente cuando se requiri\u00f3 la nomina de abogados y se objeto que en el informe anterior sobre los estudios jur\u00eddicos que asesoran al banco, se omiti\u00f3 informar sobre el estudio del vicepresidente, quien ten\u00eda personal de su staff en el banco. Tambi\u00e9n se han acortado sus antecedentes laborales, algo extra\u00f1o en alguien que siempre ostenta sus conocimientos, pero que tiene una sana l\u00f3gica para Juan Ernesto Curutchet, ya que entre sus antecedentes laborales esta el hecho de ser abogado de la firma sueca Scania Argentina S.A., Scania Plan de Ahorro para Fines Determinados S.A. Habr\u00e1 que preguntarle al abogado \u00bfpor qu\u00e9? alguien eliminar\u00eda parte de sus antecedentes laborales.<\/p>\n<p style=\"text-align: justify;\">Otro punto llamativo que se ha omitido de la Web del estudio, es la referente a las \u00e1reas de trabajo del estudio entre las que se cuenta, representaciones ante la Inspecci\u00f3n General de Justicia o Direcci\u00f3n de Personas Jur\u00eddicas, estos datos que ya no se aprecian en la p\u00e1gina, fueron detallados en el C.V. que presentara ante la Legislatura Porte\u00f1a con motivo de evaluar su candidatura a la vicepresidencia del Banco Ciudad.<\/p>\n<p style=\"text-align: justify;\">Este medio tambi\u00e9n tiene por acreditada la reuni\u00f3n entre empresarios, abogados y funcionarios en el Hotel Sheraton de Retiro, contando con la desgravaci\u00f3n y el audio de la misma a la espera de que se levante el secreto de sumario para hacer p\u00fablica la misma.<\/p>\n<p style=\"text-align: justify;\">Para ir siguiendo la causa y sus pasos, este medio el d\u00eda jueves se reuni\u00f3 con el Secretario de la Sala III de la C\u00e1mara Nacional de Apelaciones del Trabajo de la Capital Federal, el Dr. Bloise, Leonardo Gabriel, en el tercer piso, donde el Secretario solo se limit\u00f3 a negar las versiones que indicaban que el expediente era visitado por profesionales que no estaban presentados en el mismo, como por ejemplo el Dr. Anzorreguy, Jorge Eduardo, defensor de los ejecutivos de la empresa en la causa federal, pero ajeno a la causa laboral. Para nuestra sorpresa, Bloise, neg\u00f3 siquiera saber quien era Anzorreguy, algo que se contradice con lo aportado por una de nuestras fuentes en la C\u00e1mara, que recordaba haber escuchado a Blosie comentar preocupado que la Dra. Porta se hab\u00eda quejado de que Anzorreguy la hab\u00eda metido en un l\u00edo cuando se involucr\u00f3 en la causa. Durante la conversaci\u00f3n reconoci\u00f3 que la causa era compleja, que era reservada, motivo por el cual para tener acceso a la misma se debe hablar antes con \u00e9l, lo que lo hace responsable con sus propias palabras de cualquier acceso irregular a la misma. La conversaci\u00f3n fue en un tono muy amable y agradecemos su gesto de recibirnos, pero tambi\u00e9n por momentos parec\u00eda querer probar que grado de conocimiento sobre la causa ten\u00edamos al preguntarnos por ejemplo \u00bfhay una causa penal por esta causa?, la causa penal lleva varios meses, en donde la causa laboral ha ido y venido, por lo que parece poco cre\u00edble que desconozca la existencia de la misma. Reconoci\u00f3 que los jueces que conforman temporalmente la Sala son subrogantes y que el \u00fanico por as\u00ed decirlo natural en la misma y responsable es \u00e9l. Ya que por pedido de los propios jueces el se ocupa de recibir a las personas o atender a los pedidos. Cuando le referimos que fuentes del mismo edificio que tienen visual sobre la mesa de entradas de la Sala III, hab\u00edan visto que Jorge Eduardo Anzorreguy y otra persona hab\u00edan sido recibidos varias veces, pens\u00f3 y se justific\u00f3 diciendo que a veces vienen cuatro, cinco\u00a0 o diez abogados y no sabe si en esos momentos de confusi\u00f3n pudo ser que atendiera a esta persona, o que este abogado hubiera acompa\u00f1ado a alguno de los que esta presentado en la causa y haya as\u00ed tomado contacto con \u00e9l, la jueza o la causa, pero minimiz\u00f3 el hecho, porque a\u00fan no se han expedido en la causa, as\u00ed que no se puede juzgar si esas visitas van a influir o no en el expediente.<\/p>\n<p style=\"text-align: justify;\">Me fui con la impresi\u00f3n de que muchas de sus afirmaciones eran contradictorias y endebles, ya que al mencionarle los testigos, prefiri\u00f3 desmerecer el impacto de la presencia de abogados que no est\u00e9n presentados, fundando esta idea en la falta de una resoluci\u00f3n de parte de la misma. S\u00ed, pude dejarle la certeza de que a ra\u00edz de las intimidaciones y llamados a personal del diario y a m\u00ed persona, el tema ya pasaba a ser algo personal, porque todo esto comienza luego de que solicitara las declaraciones juradas de los jueces de la sala, algo que no deber\u00eda ni molestar ni preocupar a nadie que haga las cosas bien. Ya que el pedido y el resultado de las mismas no ten\u00edan como finalidad hacer p\u00fablicas las observaciones sobre las mismas, pero que ante el llamado imperativo de una jueza al que ya <a href=\"http:\/\/www.elsindical.com.ar\/notas\/declaraciones-juradas-de-funcionarios-judiciales\/\">nos referimos en otra nota<\/a>, obliga a presentar la denuncia que corresponda.<\/p>\n<p style=\"text-align: justify;\">Con la intenci\u00f3n de tener un panorama actualizado e intercambiar informaci\u00f3n con los demandantes, nos pusimos en contacto con el Dr. Marcelo A. Dom\u00ednguez y el Ing. Daniel Atilio Yoan, para advertirles de los llamados intimidatorios que est\u00e1bamos recibiendo, de la intimidaci\u00f3n de la que fue objeto en la semana uno de nuestros redactores, de la propuesta de \u201chablar\u201d que le hicieron a la directora de publicidad del medio, y los llamados que se me hicieron dici\u00e9ndome est\u00e1s parado en la esquina de Uruguay y Tucum\u00e1n y te estamos mirando.<\/p>\n<p style=\"text-align: justify;\">De esa entrevista mantenida en el estudio jur\u00eddico, podr\u00e1n apreciar el contenido en el video que acompa\u00f1a la nota, pudimos comprobar que el abogado que representa a la actora debi\u00f3 realizar una denuncia penal por algunos mensajes que recibi\u00f3 y que el demandante, por presiones que est\u00e1 recibiendo la justicia dispuso que tenga custodia policial.<\/p>\n<p style=\"text-align: justify;\"><strong>CONCLUSI\u00d3N<\/strong>\u00a0<\/p>\n<p style=\"text-align: justify;\">Como se aprecia en la nota, hay muchas maniobras que se han realizado de manera \u00a0delictiva, reuniones con personajes conocidos en el ambiente pol\u00edtico y judicial, asesores que trabajan \u00a0para empresas con el dinero de un banco p\u00fablico, (la lista de asesores, fue confirmada por la CGI del Banco Ciudad) y funcionarios judiciales que se molestan por tener que realizar correcciones en las declaraciones juradas y por el hecho de que cualquier ciudadano ejerza su derecho a realizar un control ciudadano.<\/p>\n<p style=\"text-align: justify;\">Es indudable que existe una causa judicial en la que hay una marcada desigualdad de fuerzas, por un lado una empresa internacional que factura millones de d\u00f3lares anuales, con aceitados contactos en los pa\u00edses donde act\u00faa, registrando varias denuncias por despidos e investigaciones por corrupci\u00f3n como ser en los EEUU, Per\u00fa, Venezuela, y denuncias de trabajadores en Chile, Brasil, M\u00e9xico y Argentina.<\/p>\n<p style=\"text-align: justify;\">Podemos confirmar las intimidaciones por las pruebas que han registrado la parte actora y por nuestras propias pruebas al respecto.<\/p>\n<p style=\"text-align: justify;\">Existen buenas relaciones entre los ejecutivos de la empresa, funcionarios del PRO, pol\u00edticos extranjeros, legisladores locales, periodistas. El Banco Ciudad ha ido aumentando considerablemente la pauta publicitaria con los principales medios de comunicaci\u00f3n, curiosamente Curutchet, est\u00e1 vinculado a una agencia de publicidad.<\/p>\n<p style=\"text-align: justify;\">Es llamativo que algunos funcionarios judiciales padezcan de una amnesia selectiva para recordar reuniones o conocidos, a\u00fan m\u00e1s, olvidar comentarios o charlas de caf\u00e9 en su \u00e1mbito de trabajo.<\/p>\n<p style=\"text-align: justify;\">Confiamos en la justicia, en que los que tengan que responder judicialmente por las maniobras descriptas tengan la pena correspondiente, tambi\u00e9n que la justicia laboral atienda el reclamo laboral como cualquier otro, porque cualquier trabajador tiene derecho a la indemnizaci\u00f3n por despido.<\/p>\n<p style=\"text-align: justify;\">Atlas Copco, de continuar con esta actitud, bastardear\u00e1 la historia de su pa\u00eds, pasando de Vikingos a piratas.<\/p>\n<p style=\"text-align: justify;\">Hacemos responsables de cualquier atentado contra los involucrados incluyendo a los que conforman nuestro medio a los involucrados, a los mencionados en la nota y a los que est\u00e1n denunciados en la justicia.<\/p>\n<p style=\"text-align: justify;\">Mientras seguiremos investigando, porque cualquier trabajador puede terminar siendo v\u00edctima de estos cr\u00e1pulas, por ustedes, por nosotros, vamos a seguir hasta las \u00faltimas consecuencias, ser\u00e1 justicia.<\/p>\n<p><object classid=\"clsid:d27cdb6e-ae6d-11cf-96b8-444553540000\" width=\"560\" height=\"340\" codebase=\"http:\/\/download.macromedia.com\/pub\/shockwave\/cabs\/flash\/swflash.cab#version=6,0,40,0\"><param name=\"allowFullScreen\" value=\"true\" \/><param name=\"allowscriptaccess\" value=\"always\" \/><param name=\"src\" value=\"http:\/\/www.youtube.com\/v\/K5VNvDpR7hI?fs=1&amp;hl=en_US\" \/><param name=\"allowfullscreen\" value=\"true\" \/><embed type=\"application\/x-shockwave-flash\" width=\"560\" height=\"340\" src=\"http:\/\/www.youtube.com\/v\/K5VNvDpR7hI?fs=1&amp;hl=en_US\" allowfullscreen=\"true\" allowscriptaccess=\"always\"><\/embed><\/object><\/p>\n<p style=\"text-align: justify;\"><strong><em>Por Marcelo Ricardo Hawrylciw<\/em><\/strong><\/p>\n","protected":false},"excerpt":{"rendered":"<p>Suecia es una de los pa\u00edses con mejor desarrollo tecnol\u00f3gico, una creciente econom\u00eda, con un alto nivel de vida, se ubica como el 5to.pa\u00eds de Europa en tama\u00f1o y es una de las 20 econom\u00edas m\u00e1s grandes del mundo. Sus pol\u00edticas internas se orientan a la conservaci\u00f3n de la naturaleza, la protecci\u00f3n del medio ambiente&hellip;<\/p>\n","protected":false},"author":1,"featured_media":0,"comment_status":"open","ping_status":"open","sticky":false,"template":"","format":"standard","meta":{"footnotes":""},"categories":[1,12],"tags":[4861,5119,1451,4851,2931,5118,2210],"class_list":["post-10777","post","type-post","status-publish","format-standard","hentry","category-destacadas","category-investigacion","tag-atlas-copco","tag-cohecho","tag-corrupcion","tag-jorge-anzorreguy","tag-juan-ernesto-curutchet","tag-skanska","tag-suecia"],"_links":{"self":[{"href":"https:\/\/www.elsindical.com.ar\/notas\/wp-json\/wp\/v2\/posts\/10777","targetHints":{"allow":["GET"]}}],"collection":[{"href":"https:\/\/www.elsindical.com.ar\/notas\/wp-json\/wp\/v2\/posts"}],"about":[{"href":"https:\/\/www.elsindical.com.ar\/notas\/wp-json\/wp\/v2\/types\/post"}],"author":[{"embeddable":true,"href":"https:\/\/www.elsindical.com.ar\/notas\/wp-json\/wp\/v2\/users\/1"}],"replies":[{"embeddable":true,"href":"https:\/\/www.elsindical.com.ar\/notas\/wp-json\/wp\/v2\/comments?post=10777"}],"version-history":[{"count":5,"href":"https:\/\/www.elsindical.com.ar\/notas\/wp-json\/wp\/v2\/posts\/10777\/revisions"}],"predecessor-version":[{"id":10787,"href":"https:\/\/www.elsindical.com.ar\/notas\/wp-json\/wp\/v2\/posts\/10777\/revisions\/10787"}],"wp:attachment":[{"href":"https:\/\/www.elsindical.com.ar\/notas\/wp-json\/wp\/v2\/media?parent=10777"}],"wp:term":[{"taxonomy":"category","embeddable":true,"href":"https:\/\/www.elsindical.com.ar\/notas\/wp-json\/wp\/v2\/categories?post=10777"},{"taxonomy":"post_tag","embeddable":true,"href":"https:\/\/www.elsindical.com.ar\/notas\/wp-json\/wp\/v2\/tags?post=10777"}],"curies":[{"name":"wp","href":"https:\/\/api.w.org\/{rel}","templated":true}]}}