{"id":107751,"date":"2021-09-14T08:44:02","date_gmt":"2021-09-14T11:44:02","guid":{"rendered":"https:\/\/www.elsindical.com.ar\/notas\/?p=107751"},"modified":"2021-09-14T08:44:03","modified_gmt":"2021-09-14T11:44:03","slug":"la-onu-denuncia-a-los-talibanes-por-violacion-a-los-derechos-humanos","status":"publish","type":"post","link":"https:\/\/www.elsindical.com.ar\/notas\/la-onu-denuncia-a-los-talibanes-por-violacion-a-los-derechos-humanos\/","title":{"rendered":"La ONU denuncia a los talibanes por violaci\u00f3n a los derechos humanos"},"content":{"rendered":"\n<figure class=\"wp-block-image size-full\"><a href=\"https:\/\/www.elsindical.com.ar\/notas\/var\/www\/html\/notas\/wp-content\/uploads\/2021\/09\/denuncia-a-talibanes-de-la-ONU.jpg\"><img loading=\"lazy\" decoding=\"async\" width=\"900\" height=\"506\" src=\"https:\/\/www.elsindical.com.ar\/notas\/var\/www\/html\/notas\/wp-content\/uploads\/2021\/09\/denuncia-a-talibanes-de-la-ONU.jpg\" alt=\"\" class=\"wp-image-107752\" srcset=\"https:\/\/www.elsindical.com.ar\/notas\/var\/www\/html\/notas\/wp-content\/uploads\/2021\/09\/denuncia-a-talibanes-de-la-ONU.jpg 900w, https:\/\/www.elsindical.com.ar\/notas\/var\/www\/html\/notas\/wp-content\/uploads\/2021\/09\/denuncia-a-talibanes-de-la-ONU-300x169.jpg 300w, https:\/\/www.elsindical.com.ar\/notas\/var\/www\/html\/notas\/wp-content\/uploads\/2021\/09\/denuncia-a-talibanes-de-la-ONU-768x432.jpg 768w, https:\/\/www.elsindical.com.ar\/notas\/var\/www\/html\/notas\/wp-content\/uploads\/2021\/09\/denuncia-a-talibanes-de-la-ONU-500x281.jpg 500w, https:\/\/www.elsindical.com.ar\/notas\/var\/www\/html\/notas\/wp-content\/uploads\/2021\/09\/denuncia-a-talibanes-de-la-ONU-460x260.jpg 460w\" sizes=\"auto, (max-width: 900px) 100vw, 900px\" \/><\/a><\/figure>\n\n\n\n<p class=\"wp-block-paragraph\">Michelle Bachelet denunci\u00f3 que en Afganist\u00e1n no se respetan, los derechos de las mujeres y tampoco se amnisti\u00f3 a las personas relacionadas con el gobierno anterior.<\/p>\n\n\n\n<p class=\"wp-block-paragraph\"><strong>La alta comisionada de las Naciones Unidas para los DDHH, Michelle Bachelet, denunci\u00f3 el incumplimiento por parte del r\u00e9gimen talib\u00e1n en su promesa de respetar los derechos de las mujeres y amnistiar a las personas relacionadas con el anterior Gobierno.<\/strong><\/p>\n\n\n\n<p class=\"wp-block-paragraph\">Adem\u00e1s de la ex presidenta chilena, el ministro franc\u00e9s de Exteriores, Jean-Yves Le Drian, afirm\u00f3 que los talibanes no est\u00e1n respondiendo a las demandas de la comunidad internacional. Dicho grupo tom\u00f3 el poder en Afganist\u00e1n tras 20 a\u00f1os.<\/p>\n\n\n\n<p class=\"wp-block-paragraph\"><strong>Durante una rueda de prensa en Doha, Le Drian se\u00f1al\u00f3 que \u201cla respuesta que hemos visto desde Kabul no est\u00e1 a la altura de nuestras expectativas hasta el momento\u201d,<\/strong> en referencia a los derechos de las mujeres en Afganist\u00e1n. De todas maneras, destac\u00f3: \u201cEstamos esperando acciones y continuaremos ejerciendo presi\u00f3n. Las mujeres son una prioridad\u201d.<\/p>\n\n\n\n<p class=\"wp-block-paragraph\">Por su parte, la alta comisionada de las Naciones Unidas para los Derechos Humanos, Michelle Bachelet, denunci\u00f3 que el r\u00e9gimen talib\u00e1n no est\u00e1 cumpliendo con su promesa de respetar los derechos humanos de las mujeres y dar una amnist\u00eda a aquellas personas relacionadas con el anterior Gobierno, el cual ten\u00eda el apoyo de los Estados Unidos.<\/p>\n\n\n\n<p class=\"wp-block-paragraph\"><strong>Tambi\u00e9n se lament\u00f3 porque \u201cel pa\u00eds ha entrado en una nueva y peligrosa etapa, en la que muchos afganos est\u00e1n profundamente preocupados por sus derechos humanos\u201d.<\/strong><\/p>\n\n\n\n<p class=\"wp-block-paragraph\">En las \u00faltimas semanas se vieron im\u00e1genes aterradoras, de personas que se colgaban de los aviones con la idea de escapar del pa\u00eds tras la toma de poder por parte del grupo talib\u00e1n.<\/p>\n\n\n\n<p class=\"wp-block-paragraph\">El secretario general de la ONU, Ant\u00f3nio Guterres, dijo: \u201cEs imposible enviar asistencia a Afganist\u00e1n sin implicarse con las autoridades de facto del pa\u00eds\u201d, y se lament\u00f3 porque \u201cpensar que la ONU puede ponerle fin a un problema que no han logrado solucionar pa\u00edses que mandaron miles de soldados es absurdo\u201d.<\/p>\n","protected":false},"excerpt":{"rendered":"<p>Michelle Bachelet denunci\u00f3 que en Afganist\u00e1n no se respetan, los derechos de las mujeres y tampoco se amnisti\u00f3 a las personas relacionadas con el gobierno anterior. La alta comisionada de las Naciones Unidas para los DDHH, Michelle Bachelet, denunci\u00f3 el incumplimiento por parte del r\u00e9gimen talib\u00e1n en su promesa de respetar los derechos de las&hellip;<\/p>\n","protected":false},"author":1,"featured_media":107752,"comment_status":"open","ping_status":"open","sticky":false,"template":"","format":"standard","meta":{"footnotes":""},"categories":[18],"tags":[4889,175,2450,18777,2338,4890,35526],"class_list":["post-107751","post","type-post","status-publish","format-standard","has-post-thumbnail","hentry","category-internacionales","tag-afganistan","tag-denuncia","tag-diario-el-sindical","tag-internacionales-2","tag-onu","tag-talibanes","tag-violacion-de-derechos-humanos"],"_links":{"self":[{"href":"https:\/\/www.elsindical.com.ar\/notas\/wp-json\/wp\/v2\/posts\/107751","targetHints":{"allow":["GET"]}}],"collection":[{"href":"https:\/\/www.elsindical.com.ar\/notas\/wp-json\/wp\/v2\/posts"}],"about":[{"href":"https:\/\/www.elsindical.com.ar\/notas\/wp-json\/wp\/v2\/types\/post"}],"author":[{"embeddable":true,"href":"https:\/\/www.elsindical.com.ar\/notas\/wp-json\/wp\/v2\/users\/1"}],"replies":[{"embeddable":true,"href":"https:\/\/www.elsindical.com.ar\/notas\/wp-json\/wp\/v2\/comments?post=107751"}],"version-history":[{"count":1,"href":"https:\/\/www.elsindical.com.ar\/notas\/wp-json\/wp\/v2\/posts\/107751\/revisions"}],"predecessor-version":[{"id":107753,"href":"https:\/\/www.elsindical.com.ar\/notas\/wp-json\/wp\/v2\/posts\/107751\/revisions\/107753"}],"wp:featuredmedia":[{"embeddable":true,"href":"https:\/\/www.elsindical.com.ar\/notas\/wp-json\/wp\/v2\/media\/107752"}],"wp:attachment":[{"href":"https:\/\/www.elsindical.com.ar\/notas\/wp-json\/wp\/v2\/media?parent=107751"}],"wp:term":[{"taxonomy":"category","embeddable":true,"href":"https:\/\/www.elsindical.com.ar\/notas\/wp-json\/wp\/v2\/categories?post=107751"},{"taxonomy":"post_tag","embeddable":true,"href":"https:\/\/www.elsindical.com.ar\/notas\/wp-json\/wp\/v2\/tags?post=107751"}],"curies":[{"name":"wp","href":"https:\/\/api.w.org\/{rel}","templated":true}]}}