{"id":107735,"date":"2021-09-13T19:35:16","date_gmt":"2021-09-13T22:35:16","guid":{"rendered":"https:\/\/www.elsindical.com.ar\/notas\/?p=107735"},"modified":"2021-09-13T19:35:16","modified_gmt":"2021-09-13T22:35:16","slug":"avellaneda-comunicado-de-la-ucr","status":"publish","type":"post","link":"https:\/\/www.elsindical.com.ar\/notas\/avellaneda-comunicado-de-la-ucr\/","title":{"rendered":"Avellaneda: Comunicado de la UCR"},"content":{"rendered":"\n<figure class=\"wp-block-image size-full\"><a href=\"https:\/\/www.elsindical.com.ar\/notas\/var\/www\/html\/notas\/wp-content\/uploads\/2021\/09\/UCR-Avellaneda.jpg\"><img loading=\"lazy\" decoding=\"async\" width=\"1024\" height=\"824\" src=\"https:\/\/www.elsindical.com.ar\/notas\/var\/www\/html\/notas\/wp-content\/uploads\/2021\/09\/UCR-Avellaneda.jpg\" alt=\"\" class=\"wp-image-107736\" srcset=\"https:\/\/www.elsindical.com.ar\/notas\/var\/www\/html\/notas\/wp-content\/uploads\/2021\/09\/UCR-Avellaneda.jpg 1024w, https:\/\/www.elsindical.com.ar\/notas\/var\/www\/html\/notas\/wp-content\/uploads\/2021\/09\/UCR-Avellaneda-300x241.jpg 300w, https:\/\/www.elsindical.com.ar\/notas\/var\/www\/html\/notas\/wp-content\/uploads\/2021\/09\/UCR-Avellaneda-768x618.jpg 768w, https:\/\/www.elsindical.com.ar\/notas\/var\/www\/html\/notas\/wp-content\/uploads\/2021\/09\/UCR-Avellaneda-373x300.jpg 373w\" sizes=\"auto, (max-width: 1024px) 100vw, 1024px\" \/><\/a><\/figure>\n\n\n\n<p>\u201cQueremos agradecer a cada uno de los militantes, fiscales y quienes por convicci\u00f3n trabajaron en la campa\u00f1a y en el d\u00eda de la elecci\u00f3n. Tambi\u00e9n a las fuerzas pol\u00edticas que nos acompa\u00f1aron en esta coalici\u00f3n porque seguimos juntos en este camino. Luchamos y trabajamos en cada momento para la uni\u00f3n, el crecimiento y el fortalecimiento de nuestro partido, es la manera de empezar a trabajar y as\u00ed lograr m\u00e1s protagonismo y volver a ser gobierno.<br>Felicitar a Diego Santili en la provincia, Orlando Machado a nivel local junto a la lista de candidatos del Pro con qui\u00e9nes en breve comenzaremos a trabajar para ganar en noviembre.<\/p>\n\n\n\n<p>Gracias a los Avellanedenses por acompa\u00f1arnos en las urnas.<br>Melisa Gorosito<br>Presidente<br>Mateo Mercep Vicepresidente del Comit\u00e9 de Distrito<\/p>\n","protected":false},"excerpt":{"rendered":"<p>\u201cQueremos agradecer a cada uno de los militantes, fiscales y quienes por convicci\u00f3n trabajaron en la campa\u00f1a y en el d\u00eda de la elecci\u00f3n. Tambi\u00e9n a las fuerzas pol\u00edticas que nos acompa\u00f1aron en esta coalici\u00f3n porque seguimos juntos en este camino. Luchamos y trabajamos en cada momento para la uni\u00f3n, el crecimiento y el fortalecimiento&hellip;<\/p>\n","protected":false},"author":1,"featured_media":107736,"comment_status":"open","ping_status":"open","sticky":false,"template":"","format":"standard","meta":{"footnotes":""},"categories":[13],"tags":[461,2450,756,35524,35523,18420,1826],"class_list":["post-107735","post","type-post","status-publish","format-standard","has-post-thumbnail","hentry","category-politica","tag-avellaneda","tag-diario-el-sindical","tag-diego-santilli","tag-mateo-mercep","tag-melisa-gorosito","tag-orlando-machado","tag-ucr"],"_links":{"self":[{"href":"https:\/\/www.elsindical.com.ar\/notas\/wp-json\/wp\/v2\/posts\/107735","targetHints":{"allow":["GET"]}}],"collection":[{"href":"https:\/\/www.elsindical.com.ar\/notas\/wp-json\/wp\/v2\/posts"}],"about":[{"href":"https:\/\/www.elsindical.com.ar\/notas\/wp-json\/wp\/v2\/types\/post"}],"author":[{"embeddable":true,"href":"https:\/\/www.elsindical.com.ar\/notas\/wp-json\/wp\/v2\/users\/1"}],"replies":[{"embeddable":true,"href":"https:\/\/www.elsindical.com.ar\/notas\/wp-json\/wp\/v2\/comments?post=107735"}],"version-history":[{"count":1,"href":"https:\/\/www.elsindical.com.ar\/notas\/wp-json\/wp\/v2\/posts\/107735\/revisions"}],"predecessor-version":[{"id":107737,"href":"https:\/\/www.elsindical.com.ar\/notas\/wp-json\/wp\/v2\/posts\/107735\/revisions\/107737"}],"wp:featuredmedia":[{"embeddable":true,"href":"https:\/\/www.elsindical.com.ar\/notas\/wp-json\/wp\/v2\/media\/107736"}],"wp:attachment":[{"href":"https:\/\/www.elsindical.com.ar\/notas\/wp-json\/wp\/v2\/media?parent=107735"}],"wp:term":[{"taxonomy":"category","embeddable":true,"href":"https:\/\/www.elsindical.com.ar\/notas\/wp-json\/wp\/v2\/categories?post=107735"},{"taxonomy":"post_tag","embeddable":true,"href":"https:\/\/www.elsindical.com.ar\/notas\/wp-json\/wp\/v2\/tags?post=107735"}],"curies":[{"name":"wp","href":"https:\/\/api.w.org\/{rel}","templated":true}]}}