{"id":10766,"date":"2010-11-13T00:50:06","date_gmt":"2010-11-13T03:50:06","guid":{"rendered":"http:\/\/www.elsindical.com.ar\/notas\/?p=10766"},"modified":"2010-11-13T00:50:06","modified_gmt":"2010-11-13T03:50:06","slug":"continua-el-conflicto-en-el-teatro-colon","status":"publish","type":"post","link":"https:\/\/www.elsindical.com.ar\/notas\/continua-el-conflicto-en-el-teatro-colon\/","title":{"rendered":"Contin\u00faa el conflicto en el Teatro Col\u00f3n"},"content":{"rendered":"<p style=\"text-align: justify;\"><em><a href=\"http:\/\/www.elsindical.com.ar\/notas\/var\/www\/html\/notas\/wp-content\/uploads\/2010\/03\/Teatro-Col\u00f3n.jpg\"><img loading=\"lazy\" decoding=\"async\" class=\"alignleft size-full wp-image-5083\" title=\"Teatro-Col\u00f3n\" src=\"http:\/\/www.elsindical.com.ar\/notas\/var\/www\/html\/notas\/wp-content\/uploads\/2010\/03\/Teatro-Col\u00f3n.jpg\" alt=\"\" width=\"227\" height=\"171\" \/><\/a>Los integrantes del Ballet Estable reclaman para que se refaccionen los pisos de las salas de ensayos y del escenario principal para evitar nuevas lesiones, y denuncian que el ingreso al Ballet Estable \u201cno se hace por concurso como deber\u00eda ser\u201d.<\/em><\/p>\n<p style=\"text-align: justify;\">Denunciaron ante los medios de prensa las condiciones laborales en que se desarrolla la actividad art\u00edstica, como as\u00ed tambi\u00e9n la decisi\u00f3n de la Direcci\u00f3n de reducir un 40 por ciento la integraci\u00f3n del Cuerpo del Ballet.<\/p>\n<p style=\"text-align: justify;\">\u00abNos encontramos con que los pisos est\u00e1n desastrosos. Muchos compa\u00f1eros tienen lesiones\u00bb dijo Rossana, una de las bailarinas del Col\u00f3n.<\/p>\n<p style=\"text-align: justify;\">\u00abHace cinco a\u00f1os que bailo en el Col\u00f3n, nuestra carrera es corta , y el momento es ahora\u00bb, concluy\u00f3.<\/p>\n","protected":false},"excerpt":{"rendered":"<p>Los integrantes del Ballet Estable reclaman para que se refaccionen los pisos de las salas de ensayos y del escenario principal para evitar nuevas lesiones, y denuncian que el ingreso al Ballet Estable \u201cno se hace por concurso como deber\u00eda ser\u201d. Denunciaron ante los medios de prensa las condiciones laborales en que se desarrolla la&hellip;<\/p>\n","protected":false},"author":1,"featured_media":0,"comment_status":"open","ping_status":"open","sticky":false,"template":"","format":"standard","meta":{"footnotes":""},"categories":[16],"tags":[5109,3617,5111,5110],"class_list":["post-10766","post","type-post","status-publish","format-standard","hentry","category-gremiales","tag-bailarines","tag-carrera","tag-pisos","tag-tetaro-colon"],"_links":{"self":[{"href":"https:\/\/www.elsindical.com.ar\/notas\/wp-json\/wp\/v2\/posts\/10766","targetHints":{"allow":["GET"]}}],"collection":[{"href":"https:\/\/www.elsindical.com.ar\/notas\/wp-json\/wp\/v2\/posts"}],"about":[{"href":"https:\/\/www.elsindical.com.ar\/notas\/wp-json\/wp\/v2\/types\/post"}],"author":[{"embeddable":true,"href":"https:\/\/www.elsindical.com.ar\/notas\/wp-json\/wp\/v2\/users\/1"}],"replies":[{"embeddable":true,"href":"https:\/\/www.elsindical.com.ar\/notas\/wp-json\/wp\/v2\/comments?post=10766"}],"version-history":[{"count":2,"href":"https:\/\/www.elsindical.com.ar\/notas\/wp-json\/wp\/v2\/posts\/10766\/revisions"}],"predecessor-version":[{"id":10768,"href":"https:\/\/www.elsindical.com.ar\/notas\/wp-json\/wp\/v2\/posts\/10766\/revisions\/10768"}],"wp:attachment":[{"href":"https:\/\/www.elsindical.com.ar\/notas\/wp-json\/wp\/v2\/media?parent=10766"}],"wp:term":[{"taxonomy":"category","embeddable":true,"href":"https:\/\/www.elsindical.com.ar\/notas\/wp-json\/wp\/v2\/categories?post=10766"},{"taxonomy":"post_tag","embeddable":true,"href":"https:\/\/www.elsindical.com.ar\/notas\/wp-json\/wp\/v2\/tags?post=10766"}],"curies":[{"name":"wp","href":"https:\/\/api.w.org\/{rel}","templated":true}]}}