{"id":107551,"date":"2021-09-06T00:34:05","date_gmt":"2021-09-06T03:34:05","guid":{"rendered":"https:\/\/www.elsindical.com.ar\/notas\/?p=107551"},"modified":"2021-09-06T00:34:06","modified_gmt":"2021-09-06T03:34:06","slug":"gran-acto-en-la-plata-la-salida-es-con-trabajo","status":"publish","type":"post","link":"https:\/\/www.elsindical.com.ar\/notas\/gran-acto-en-la-plata-la-salida-es-con-trabajo\/","title":{"rendered":"Gran Acto en La Plata: \u00abLa salida es con Trabajo\u00bb"},"content":{"rendered":"\n<div class=\"wp-block-image\"><figure class=\"aligncenter size-full\"><a href=\"https:\/\/www.elsindical.com.ar\/notas\/var\/www\/html\/notas\/wp-content\/uploads\/2021\/09\/PORTADA-acto-en-La-Plata.jpg\"><img loading=\"lazy\" decoding=\"async\" width=\"594\" height=\"355\" src=\"https:\/\/www.elsindical.com.ar\/notas\/var\/www\/html\/notas\/wp-content\/uploads\/2021\/09\/PORTADA-acto-en-La-Plata.jpg\" alt=\"\" class=\"wp-image-107559\" srcset=\"https:\/\/www.elsindical.com.ar\/notas\/var\/www\/html\/notas\/wp-content\/uploads\/2021\/09\/PORTADA-acto-en-La-Plata.jpg 594w, https:\/\/www.elsindical.com.ar\/notas\/var\/www\/html\/notas\/wp-content\/uploads\/2021\/09\/PORTADA-acto-en-La-Plata-300x179.jpg 300w, https:\/\/www.elsindical.com.ar\/notas\/var\/www\/html\/notas\/wp-content\/uploads\/2021\/09\/PORTADA-acto-en-La-Plata-500x300.jpg 500w\" sizes=\"auto, (max-width: 594px) 100vw, 594px\" \/><\/a><\/figure><\/div>\n\n\n\n<p class=\"wp-block-paragraph\"><strong>El s\u00e1bado 4 de septiembre, y bajo el lema \u201cLa salida es con trabajo\u201d, se realiz\u00f3 el Plenario de los<\/strong> <strong>Movimentos Populares en el Frente de Todos de la ciudad de La Plata.<\/strong><\/p>\n\n\n\n<p class=\"wp-block-paragraph\">El acto comenz\u00f3 con la lectura de un <strong>documento consensuado<\/strong> entre las organizaciones convocantes. M\u00e1s de mil platenses se acercaron a este acto de campa\u00f1a, fue una jornada combativa y de alegr\u00eda, te\u00f1ida por el color y el ritmo las comparsas La Chispa de Melchor Romero y Los Terribles de Malvinas.<\/p>\n\n\n\n<p class=\"wp-block-paragraph\">Luego de la lectura del documento por parte de la compa\u00f1era Albina Vides (Presidenta de Asoma-FNC), fue el turno de los oradores. En primer t\u00e9rmino hizo uso de la palabra <strong>Jorge \u201cAlem\u00e1n\u201d Smith<\/strong> dirigente hist\u00f3rico de la CCC en el Astilleros R\u00edo Santiago, secretario del PCR zonal y pre-candidato a diputado nacional por la Pcia. de Buenos Aires por el Frente de Todos; <strong>Natalia L\u00f3pez<\/strong>, referenta de Somos Barrios de Pie\u00a0de La Plata; <strong>Gustavo \u201cT\u00edo\u201d Di Marzio<\/strong> responsable del Movimiento Evita La Plata y diputado provincial (mc). El cierre del acto estuvo a cargo del compa\u00f1ero coordinador nacional de la CCC, presidente del Partido del Trabajo y del Pueblo y diputado nacional <strong>Juan Carlos Alderete<\/strong>.<\/p>\n\n\n\n<p class=\"wp-block-paragraph\"><strong>Jorge Smith:<\/strong> <strong>\u00abPara que haya una solucion para los de abajo tenemos que crearle un problema a los de arriba\u00bb<\/strong><\/p>\n\n\n\n<p class=\"wp-block-paragraph\">El compa\u00f1ero Smith comenz\u00f3 hablando del \u00ab<em>orgullo de estar en este acto de los Movimientos sociales, en este acto de campa\u00f1a para las elecciones del 12 de septiembre. Es un orgullo estar con estas organizaciones llamadas los Cayetanos: el Movimiento Evita, Somos Barrios de Pie y la Corriente Clasista y Combativa, que han sido parte de toda esta lucha durante todos estos a\u00f1os en la derrota de Macri-Vidal y en la formaci\u00f3n del Frente de Todos<\/em>\u00ab<\/p>\n\n\n\n<p class=\"wp-block-paragraph\">El dirigente nacional de la <strong>Corriente Clasista y Combativa<\/strong> precis\u00f3 que <em>\u00abestamos atravezando una crisis social y cultural. La sociedad est\u00e1 dividida y estamos atravezando una pandemia que es mundial con la variante Delta que es preocupante y que nos obliga a no bajar la guardia\u00bb<\/em>.<\/p>\n\n\n\n<p class=\"wp-block-paragraph\"><strong>LA PANDEMIA AMARILLA<\/strong><\/p>\n\n\n\n<p class=\"wp-block-paragraph\">El tambi\u00e9n dirigente del <strong>Partido Comunista Revolucionario<\/strong> hizo incapi\u00e9 en que <em>\u00ablos a\u00f1os de sufrimiento que pasamos con el gobierno de Macri. Esos sufrimientos, esas necesidades, esas reivindicaciones tan reclamadas que no se pudieron resolver y fueron profundizadas por la pandema. Tuvimos una pandemia amarilla y ahora una pandemia del coronavirus. El gobierno del FdT tom\u00f3 medidas. Trat\u00f3 de cuidar a la salud, trat\u00f3 de tomar medidas para paliar la situaci\u00f3n social, de hambre. No alcanz\u00f3. No alcanza. Fueron insuficientes. No alcanzan y fueron insuficientes porque el da\u00f1o producido por el macrismo fue muy grande. Enrtendemos que es importante trabajar para derrotar en las urnas como lo derrotamos en la calle al macrismo\u00bb<\/em>.<\/p>\n\n\n\n<p class=\"wp-block-paragraph\">Nosotros decimos que <em>\u00abno hay que bajar la guardia. Es necesario derrotar al macrismo. No solamente por la persona de Macri: \u00abmu\u00f1equito de torta\u00bb sino por lo que tiene atr\u00e1s. Los poderosos intereses olig\u00e1rquicos financieros monopolistas que tiene detr\u00e1s. Son muy peligrosos\u00bb<\/em>.<\/p>\n\n\n\n<div class=\"wp-block-image\"><figure class=\"aligncenter size-full\"><a href=\"https:\/\/www.elsindical.com.ar\/notas\/var\/www\/html\/notas\/wp-content\/uploads\/2021\/09\/006-1.jpg\"><img loading=\"lazy\" decoding=\"async\" width=\"600\" height=\"900\" src=\"https:\/\/www.elsindical.com.ar\/notas\/var\/www\/html\/notas\/wp-content\/uploads\/2021\/09\/006-1.jpg\" alt=\"\" class=\"wp-image-107552\" srcset=\"https:\/\/www.elsindical.com.ar\/notas\/var\/www\/html\/notas\/wp-content\/uploads\/2021\/09\/006-1.jpg 600w, https:\/\/www.elsindical.com.ar\/notas\/var\/www\/html\/notas\/wp-content\/uploads\/2021\/09\/006-1-200x300.jpg 200w\" sizes=\"auto, (max-width: 600px) 100vw, 600px\" \/><\/a><\/figure><\/div>\n\n\n\n<p class=\"wp-block-paragraph\"><strong>Smith <\/strong>se refiri\u00f3 a las palabras de la vicepresidenta <strong>Cristina Fern\u00e1ndez de Kirchner<\/strong> en el acto en el Estadio Ciudad de La Plata: <em>\u00abtiene raz\u00f3n cuando dijo que dijo que no hab\u00eda que andar discutiendo otras cosas como las fotos, hay que discutir el modelo. Y tiene raz\u00f3n: nosotros decimos que hay que discutir el rumbo, a donde vamos y como vamos.<\/em><\/p>\n\n\n\n<p class=\"wp-block-paragraph\">\u00ab<em>Nosotros desde el PTP y el PCR trabajamos con todo dentro del Frente de Todos.<\/em> Asi como trabajamos para que se constituyera, trabajamos para profundizar un camino que se inici\u00f3 con el impuesto a las grandes fortunas. En la pelea por la soberan\u00eda en la Hidrov\u00eda, en la lucha por bajar al Monopolio Vicent\u00edn\u00bb.<\/p>\n\n\n\n<p class=\"wp-block-paragraph\">Por eso tenemos nuestra 10 medidas. Tenemos programa y propuestas y lo pelearemos dentro del Frente de Todos.<\/p>\n\n\n\n<p class=\"wp-block-paragraph\">Se refiri\u00f3 <strong>Smith<\/strong> a la \u00abpelea por tener una vacuna nacional. No queremos ser v\u00edctimas, como fuimos de los chantajes de las grandes potencias, que a cambio de darnos las vacunas nos reclamaban recursos. nacionales, empresas, tierras y negocios. Tenemos la pelea por conseguir la tierra. Queremos satisfacer la necesidad de tierra, el hambre de tierra que tienen los compa\u00f1eros campesinos pobres. Necesitamos el acceso a la tierra y subsidios para los productores\u00bb.<\/p>\n\n\n\n<blockquote class=\"wp-block-quote is-layout-flow wp-block-quote-is-layout-flow\"><p><em><strong>\u00abtiene raz\u00f3n (por Cristina Fern\u00e1ndez de Kirchner) cuando dijo que dijo que no hab\u00eda que andar discutiendo otras cosas como las fotos, hay que discutir el modelo. Y tiene raz\u00f3n: nosotros decimos que hay que discutir el rumbo, a donde vamos y como vamos \u2013 Jorge Smith.<\/strong><\/em><\/p><cite>\u00abNecesitamos mejorar nuestros bolisllos. Tanto los jubilados como los de las cooperativas. Los compa\u00f1eros precarizados, desocupados y los trabajadores formales. Es cierto que el gobierno trabaja para que los salarios acompa\u00f1en la inflaci\u00f3n <strong><em>pero la inflaci\u00f2n no la han resuelto y tenemos que pelar para resolverla<\/em><\/strong>, porque sino la carrera es desigual\u00bb. Precis\u00f3 adem\u00e1s respecto a este tema que \u00abpara resolver el problema de la inflaci\u00f3n tenemos que tocar intereses profundos. <strong>Por eso tiene raz\u00f3n la vicepresidenta cuando habla que la discusi\u00f3n es el modelo<\/strong>. Tenemos que tocar intereses profundos. Para que haya una solucion para los de abajo tenemos que crearle un problema a los de arriba. Como fue el impuesto a las grandes fiortunas y tenemos que profundizarlo.<br>Tenemos que salir de este acto a protagonizar, como lo venismos haciendo, la pelea para ganar las elecciones este 12 de setiembre. Tenemos que seguir avanzando.<br>Hizo referencia a la pol\u00edtica del ex presdiente Macri y la ex gobernadora Vidal -que se va a CABA porque no puede pisar la provincia- de <em>\u00abdestruir y dinamitar el astillero. Nosotros los enfrentamos. Tenemos un eterno agradecimiento a los Movimientos Sociales a los compa\u00f1eros que tenemos enfrente. Gracias por habernos apoyado en la lucha cuando no quisieron dinamitar\u00bb. <\/em>Nosotros desde el Astillero vamos a seguir la pelea, tambien tenemos propuestas. Hemos trabajado, no nos quedamos tranquilos. <em>\u00abEstamos peleando por la reactivaci\u00f3n. Tenemos un proyecto que es transformar una empresa que hoy se maneja con reglamentos del Ministerio; lo queremos transformar en una empresa productiva, competitiva que permita cumplir con los plazos de entrega. Queremos que se tranforme en una sociedad del estado, 100% estatal\u00bb<\/em>. Hoy tenemos el Astillero R\u00edo Santiago peleando para que sea sociedad del estado.<br>Finaliz\u00f3 el dirigente remarcando <em>\u00abvamos a trabajar para que la reactivaci\u00f3n del Astillero cumpla con el apoyo hacia la comunidad, peleando para que la empresa se reactive y sea cabeza de la punta de lanza para la industria naval nacional. Para crear \u00ablos puestos de trabajo que necesitamos, porque efectivamente es necesario que los planes sociales se transformen en trabajo genuino. Desde la creaci\u00f3n del movimientio de desocuados ese siempre fue el norte\u00bb<\/em>. Ustedes nos ense\u00f1aron. El 7 de agosto fue el acto m\u00e1s grande que se hizo hasta ahora en el Frente de Todos. Ese camino lo vamos a seguir. La respuesta es como dicen ustedes: <em><strong>La salida es con trabajo<\/strong><\/em>.<\/cite><\/blockquote>\n\n\n\n<figure class=\"wp-block-gallery columns-3 is-cropped wp-block-gallery-1 is-layout-flex wp-block-gallery-is-layout-flex\"><ul class=\"blocks-gallery-grid\"><li class=\"blocks-gallery-item\"><figure><a href=\"https:\/\/www.elsindical.com.ar\/notas\/var\/www\/html\/notas\/wp-content\/uploads\/2021\/09\/001.jpg\"><img loading=\"lazy\" decoding=\"async\" width=\"600\" height=\"337\" src=\"https:\/\/www.elsindical.com.ar\/notas\/var\/www\/html\/notas\/wp-content\/uploads\/2021\/09\/001.jpg\" alt=\"\" data-id=\"107553\" data-full-url=\"https:\/\/www.elsindical.com.ar\/notas\/var\/www\/html\/notas\/wp-content\/uploads\/2021\/09\/001.jpg\" data-link=\"https:\/\/www.elsindical.com.ar\/notas\/?attachment_id=107553#main\" class=\"wp-image-107553\" srcset=\"https:\/\/www.elsindical.com.ar\/notas\/var\/www\/html\/notas\/wp-content\/uploads\/2021\/09\/001.jpg 600w, https:\/\/www.elsindical.com.ar\/notas\/var\/www\/html\/notas\/wp-content\/uploads\/2021\/09\/001-300x169.jpg 300w, https:\/\/www.elsindical.com.ar\/notas\/var\/www\/html\/notas\/wp-content\/uploads\/2021\/09\/001-500x281.jpg 500w\" sizes=\"auto, (max-width: 600px) 100vw, 600px\" \/><\/a><\/figure><\/li><li class=\"blocks-gallery-item\"><figure><a href=\"https:\/\/www.elsindical.com.ar\/notas\/var\/www\/html\/notas\/wp-content\/uploads\/2021\/09\/002.jpg\"><img loading=\"lazy\" decoding=\"async\" width=\"600\" height=\"337\" src=\"https:\/\/www.elsindical.com.ar\/notas\/var\/www\/html\/notas\/wp-content\/uploads\/2021\/09\/002.jpg\" alt=\"\" data-id=\"107554\" data-full-url=\"https:\/\/www.elsindical.com.ar\/notas\/var\/www\/html\/notas\/wp-content\/uploads\/2021\/09\/002.jpg\" data-link=\"https:\/\/www.elsindical.com.ar\/notas\/?attachment_id=107554#main\" class=\"wp-image-107554\" srcset=\"https:\/\/www.elsindical.com.ar\/notas\/var\/www\/html\/notas\/wp-content\/uploads\/2021\/09\/002.jpg 600w, https:\/\/www.elsindical.com.ar\/notas\/var\/www\/html\/notas\/wp-content\/uploads\/2021\/09\/002-300x169.jpg 300w, https:\/\/www.elsindical.com.ar\/notas\/var\/www\/html\/notas\/wp-content\/uploads\/2021\/09\/002-500x281.jpg 500w\" sizes=\"auto, (max-width: 600px) 100vw, 600px\" \/><\/a><\/figure><\/li><li class=\"blocks-gallery-item\"><figure><a href=\"https:\/\/www.elsindical.com.ar\/notas\/var\/www\/html\/notas\/wp-content\/uploads\/2021\/09\/007.jpg\"><img loading=\"lazy\" decoding=\"async\" width=\"400\" height=\"600\" src=\"https:\/\/www.elsindical.com.ar\/notas\/var\/www\/html\/notas\/wp-content\/uploads\/2021\/09\/007.jpg\" alt=\"\" data-id=\"107555\" data-full-url=\"https:\/\/www.elsindical.com.ar\/notas\/var\/www\/html\/notas\/wp-content\/uploads\/2021\/09\/007.jpg\" data-link=\"https:\/\/www.elsindical.com.ar\/notas\/?attachment_id=107555#main\" class=\"wp-image-107555\" srcset=\"https:\/\/www.elsindical.com.ar\/notas\/var\/www\/html\/notas\/wp-content\/uploads\/2021\/09\/007.jpg 400w, https:\/\/www.elsindical.com.ar\/notas\/var\/www\/html\/notas\/wp-content\/uploads\/2021\/09\/007-200x300.jpg 200w\" sizes=\"auto, (max-width: 400px) 100vw, 400px\" \/><\/a><\/figure><\/li><li class=\"blocks-gallery-item\"><figure><a href=\"https:\/\/www.elsindical.com.ar\/notas\/var\/www\/html\/notas\/wp-content\/uploads\/2021\/09\/012.jpg\"><img loading=\"lazy\" decoding=\"async\" width=\"600\" height=\"450\" src=\"https:\/\/www.elsindical.com.ar\/notas\/var\/www\/html\/notas\/wp-content\/uploads\/2021\/09\/012.jpg\" alt=\"\" data-id=\"107556\" data-full-url=\"https:\/\/www.elsindical.com.ar\/notas\/var\/www\/html\/notas\/wp-content\/uploads\/2021\/09\/012.jpg\" data-link=\"https:\/\/www.elsindical.com.ar\/notas\/?attachment_id=107556#main\" class=\"wp-image-107556\" srcset=\"https:\/\/www.elsindical.com.ar\/notas\/var\/www\/html\/notas\/wp-content\/uploads\/2021\/09\/012.jpg 600w, https:\/\/www.elsindical.com.ar\/notas\/var\/www\/html\/notas\/wp-content\/uploads\/2021\/09\/012-300x225.jpg 300w, https:\/\/www.elsindical.com.ar\/notas\/var\/www\/html\/notas\/wp-content\/uploads\/2021\/09\/012-400x300.jpg 400w\" sizes=\"auto, (max-width: 600px) 100vw, 600px\" \/><\/a><\/figure><\/li><li class=\"blocks-gallery-item\"><figure><a href=\"https:\/\/www.elsindical.com.ar\/notas\/var\/www\/html\/notas\/wp-content\/uploads\/2021\/09\/013-1.jpg\"><img loading=\"lazy\" decoding=\"async\" width=\"600\" height=\"450\" src=\"https:\/\/www.elsindical.com.ar\/notas\/var\/www\/html\/notas\/wp-content\/uploads\/2021\/09\/013-1.jpg\" alt=\"\" data-id=\"107557\" data-full-url=\"https:\/\/www.elsindical.com.ar\/notas\/var\/www\/html\/notas\/wp-content\/uploads\/2021\/09\/013-1.jpg\" data-link=\"https:\/\/www.elsindical.com.ar\/notas\/?attachment_id=107557#main\" class=\"wp-image-107557\" srcset=\"https:\/\/www.elsindical.com.ar\/notas\/var\/www\/html\/notas\/wp-content\/uploads\/2021\/09\/013-1.jpg 600w, https:\/\/www.elsindical.com.ar\/notas\/var\/www\/html\/notas\/wp-content\/uploads\/2021\/09\/013-1-300x225.jpg 300w, https:\/\/www.elsindical.com.ar\/notas\/var\/www\/html\/notas\/wp-content\/uploads\/2021\/09\/013-1-400x300.jpg 400w\" sizes=\"auto, (max-width: 600px) 100vw, 600px\" \/><\/a><\/figure><\/li><\/ul><\/figure>\n\n\n\n<p class=\"wp-block-paragraph\"><strong>Alderete: \u00ab<em>Es fundamental esta elecci\u00f3n porque no queremos perder ni dar un paso atr\u00e1s<\/em>\u00ab<\/strong><\/p>\n\n\n\n<p class=\"wp-block-paragraph\">Comenz\u00f3 Alderete agradeciendo <em>\u00abpoder estar en este acto en el medio de la campa\u00f1a electoral. Faltan pocos d\u00edas. Quiero decirles a todos y a todas mis compa\u00f1eras de las organizaciones sociales que nos sentimos produndamente orgullosos de tener compa\u00f1eros y compa\u00f1eras como ustedes. Ustedes son los que han protagonizado la pelea pol\u00edtica para derrotar a Macri en la calle y en las urnas. Esta unidad que comenzo por el a\u00f1o 2016. Han tratado de dividirnos, de destruirnos, los oligarcas y algunos con intereses pol\u00edticos tambi\u00e9n pero no lo han logrado. Gracias a esa convivencia y a esa militancia que tenemos en cada uno de los barrios\u00bb.<\/em><\/p>\n\n\n\n<p class=\"wp-block-paragraph\">En diputado Nacional por el Frente de Todos remarc\u00f3 <em>\u00abcomo no sentirnos orgullosos. Llevamos m\u00e1s de un a\u00f1o y medio con esta pandemia donde ustedes, conscientes de que se pod\u00edan infectar o llevar la infecci\u00f3n a su casa, pusieron con una decisi\u00f2n pol\u00edtica enorme, mantener los comedores, las copas de leche. Con esfuerzos extraordinarios: haciendo rifas, loter\u00edas. Cualquier actividad para darles de comer a nuestros hijos, ni\u00f1os y adolescentes<\/em>\u00ab.<\/p>\n\n\n\n<p class=\"wp-block-paragraph\">\u00ab<em><strong>Ha sido tremendamente doloroso para el pueblo, para nuestras organizaciones porque compa\u00f1eras que estuvieron al frente de los comedores y los merenderos este virus se los ha llevado<\/strong>. Nosotros lo decimos con claridad: no son un n\u00famero m\u00e1s. Esas compa\u00f1eras y compa\u00f1eros son h\u00e9roes. No son un n\u00famero m\u00e1s<\/em>\u00bb exclam\u00f3 con emoci\u00f3n Alderete.<\/p>\n\n\n\n<p class=\"wp-block-paragraph\"><strong>PROTAGONISMO Y DECISI\u00d3N POL\u00cdTICA<\/strong><\/p>\n\n\n\n<p class=\"wp-block-paragraph\">Sin ese protagonismo ni esa decisi\u00f3n pol\u00edtica, hubiese sido un infierno para nuestro pueblo, para nuestra barriada. Ustedes son los que no han hecho ganar un lugar en el espacio politicio. Algunos oligarcas quieren o pretenden que nuestra compa\u00f1eras sigan removiendo la olla, entendiendo que no tienen pensamiento pol\u00edtico, que no tienen propuesta y que no saben en que pa\u00eds queremos vivir. Han sido ustedes protagonizando la lucha politica en las calles y derrotando a esta pandemia, que hemos tenido, que es el macrismo<\/p>\n\n\n\n<p class=\"wp-block-paragraph\">Sali\u00f3 al cruce Alderete a las declaraciones del ex presidente Macri <em>\u00abdesde ac\u00e1 le contestamos al macrismo, a Cambiemos: \u00abSi pretenden ellos tirar el gobierno abajo, las organizaciones vamos a salir a la calle a defender con lo que tengamos en mano\u00bb. No vamos a volver un paso para atr\u00e1s. Lo que hemos ganado lo hemos ganado con mucho esfuerzo, con mucho sacrificio\u00bb.<\/em><\/p>\n\n\n\n<p class=\"wp-block-paragraph\">\u00abEs fundamental esta elecci\u00f3n. Convenzamos a nuestros compa\u00f1eros, a nuestros amigos a nuestros familiares. Hemos dado pasos para adelante, nos falta todav\u00eda.<\/p>\n\n\n\n<p class=\"wp-block-paragraph\">Hay necesidades que producto de esos empresarios como \u00c1valos que lo unico que le importa es la ganancia. Son esos empresarios que cuando se anuncia que vamos a cobrar unos pesos m\u00e1s en la Tarjeta Alimentar o en los programas sociales, antes de que comencemos a cobrar, con la inflaci\u00f2n nos lo han quitado.<\/p>\n\n\n\n<p class=\"wp-block-paragraph\"><em>Es fundamental esta elecci\u00f3n porque no queremos perder ni dar un paso atr\u00e1s. Decirles a nuestros compa\u00f1eros: tenemos bronca, rabia y necesidades. Pero tambi\u00e9n pensamos en pol\u00edtica y no queremos que vuelva a gobernar a nuestro pa\u00eds el macrismo que tanto da\u00f1o a causado a nuestro pueblo.<\/em><\/p>\n\n\n\n<p class=\"wp-block-paragraph\">Refiriendose al pago de los intereses de la deuda externa el referente nacional de los desocupados y precarizados de la CCC remarc\u00f3 que <em>\u00abes un endeudamiento enorme que va a ser imposible de pagar. Por eso le decimos tambien a nuestro gobierno de Alberto Fern\u00e1ndez que la deuda es principalmente con el pueblo y solamente con trabajo podemos poner a nuestro pa\u00eds de pie\u00bb.<\/em><\/p>\n\n\n\n<blockquote class=\"wp-block-quote is-layout-flow wp-block-quote-is-layout-flow\"><p><em><strong>\u00abDesde ac\u00e1 le contestamos al macrismo, a Cambiemos: \u00abSi pretenden ellos tirar el gobierno abajo, las<\/strong> <\/em><strong><em>organizaciones vamos a salir a la calle a defender con lo que tengamos en mano\u00bb. No vamos a volver un paso para atr\u00e1s. Lo que hemos ganado lo hemos ganado con mucho esfuerzo, con mucho sacrificio\u00bb.<\/em><\/strong><\/p><\/blockquote>\n\n\n\n<p class=\"wp-block-paragraph\">Recuerdan cada uno de ustedes que cada uno de los funcionarios, de los diputados del macrismo salieron a dcecir que la vacuna es veneno. Son unos hip\u00f3critas: fueron los primeros que se fueron a vacunas y siguieron maniobrando que no debian vacunarse porque una de ellas era comunista o era veneno.<\/p>\n\n\n\n<p class=\"wp-block-paragraph\">Justamente los que hemos sufrido el virus cuando no ten\u00edamos la vacuna sab\u00edamos que no ten\u00edamos esperanza de poder vivir. Hoy tenemos vacuna. Es una luz al final del tunel. <em>Por eso es que no vamos a bajar los brazos para qe el Frente de Todos triunfe en las PASO para marcarle la cancha a Cambiemos. Asi en noviembre derrotemos y recuperemos las bancas que nos hacen falta.<\/em><\/p>\n\n\n\n<div class=\"wp-block-image\"><figure class=\"aligncenter size-full\"><a href=\"https:\/\/www.elsindical.com.ar\/notas\/var\/www\/html\/notas\/wp-content\/uploads\/2021\/09\/005-2.jpg\"><img loading=\"lazy\" decoding=\"async\" width=\"600\" height=\"400\" src=\"https:\/\/www.elsindical.com.ar\/notas\/var\/www\/html\/notas\/wp-content\/uploads\/2021\/09\/005-2.jpg\" alt=\"\" class=\"wp-image-107558\" srcset=\"https:\/\/www.elsindical.com.ar\/notas\/var\/www\/html\/notas\/wp-content\/uploads\/2021\/09\/005-2.jpg 600w, https:\/\/www.elsindical.com.ar\/notas\/var\/www\/html\/notas\/wp-content\/uploads\/2021\/09\/005-2-300x200.jpg 300w, https:\/\/www.elsindical.com.ar\/notas\/var\/www\/html\/notas\/wp-content\/uploads\/2021\/09\/005-2-450x300.jpg 450w\" sizes=\"auto, (max-width: 600px) 100vw, 600px\" \/><\/a><\/figure><\/div>\n\n\n\n<p class=\"wp-block-paragraph\">Se\u00f1al\u00f3 Alderete y le remarc\u00f3 a la militancia: \u00ab<em>ustedes son los que militan todos los d\u00edas el proyecto que es de todos: Tierra, Techo y Trabajo. All\u00ed est\u00e1 contemplado todo: para los pueblos y naciones originarias; para los campesinos sin tierra; para la salida laboral porque parece que para Cambiemos y a los gorilas, a nosotros lo unico que nos interesa es cobrar el programa social. Les decimos a esos: \u00bfAcaso ustedes est\u00e1n dispuestos a venir a trabajar en las ollas, en los comedores por 12500 pesos? Estos compa\u00f1eros trabajan todos los d\u00edas. Y los compa\u00f1eros que est\u00e1n en los cursos de formacion de salud, las compa\u00f1eras que estan en la lucha por los derechos de las mujeres, contra la violencia contra las mujeres. No tienen siquiera para la SUBE, pero buscan la forma de trasladar a esas compa\u00f1eras golpeadas a los lugares que tienen que ir<\/em>.<\/p>\n\n\n\n<p class=\"wp-block-paragraph\">Respecto al tema de los impuestos y la carga que sufre el pueblo con el IVA y otros grav\u00e1menes dijo que \u00ab<em>el macrismo nos llev\u00f3 a que proponcionalmente paguemos mas impuestos los de abajo respecto a los que tienen dinero. Eso tambi\u00e9n se lo tenemos que dar vuelta. No podemos esperar m\u00e1s, tenemos que darsela vuelta ahora. Que paguen m\u00e1s los que tienen plata. El camino es el aporte a las grandes fortunas. Hay que cobrarle impuestos a estos que nos perjudicaron como pa\u00eds y que se llevan toda la plata\u00bb<\/em>. En medio de la pandemia \u00ab<em>se ha demostrado que esos grandes empresarios han hecho grandes fortunas. M\u00e1s que en tiempos normales<\/em>\u00ab.<\/p>\n\n\n\n<p class=\"wp-block-paragraph\">Respecto a la pandemia tambi\u00e9n hizo incapi\u00e9 en la vacuna y los trabajos que se vienen realizando en la UNLP al respecto: <em>\u00abtienen una universidad que es una de las seis que est\u00e1n en la investigaci\u00f3n de la vacuna argentina. En los proximos d\u00edas ya se va a ir a Fase 1. Son pocos a los que les interesa que nuestro pa\u00eds tenga la vacuna contra el COVID-19. Somos nosotros los que tenemos que salir a la calle a hacerlo realidad<\/em>\u00ab.<\/p>\n\n\n\n<p class=\"wp-block-paragraph\"><strong>MODELO Y CUESTIONES ESTRAT\u00c9GICAS<\/strong><\/p>\n\n\n\n<p class=\"wp-block-paragraph\">Como dijo mi compa\u00f1ero Jorge (por Smith) \u00ab<em>tenemos que discutir las cuestiones estrat\u00e9gicas para nuestro pa\u00eds. Si no discutimos estas cuestiones va a ser dificil que el viento sople a favor de nuestro pueblo\u00bb.<\/em><\/p>\n\n\n\n<p class=\"wp-block-paragraph\">Cuando uno habla de cuestiones estrat\u00e9gicas est\u00e1 hablando sobre la Hidrov\u00eda. \u00ab<em>Son pocos los diputados nacionales que conoc\u00edan sobre la Hidrov\u00eda. Gracias a esos compa\u00f1eros, de Dragado y Balizamiento, del Astillero R\u00edo Santiago, que nos dieron m\u00e1s conocimiento de lo que eso significa para nuestro pa\u00eds. Desde la Hidrov\u00eda en la actualidad alli se fugan entre 12000 y 20000 millones de d\u00f3lares por a\u00f1o. Fijense lo que podr\u00eda hacer con ese dinero si eso fuese estatal\u00bb.<\/em><\/p>\n\n\n\n<p class=\"wp-block-paragraph\"><strong>Si fuera estatal se producirian miles de puestos de trabajo en la industria nacional.<\/strong><\/p>\n\n\n\n<p class=\"wp-block-paragraph\">Tuvo palabras para referisrse a la extracci\u00f3n del litio en el norte del pa\u00eds por parte de empresas monop\u00f3licas extranjeras \u00ab<em>para aquellos que hemos nacido en el norte de nuestro pa\u00eds: Jujuy, Salta, Tucum\u00e1n, Catamarca. Nadie quiere hablar de esa reserva natural que tenemos. Hoy que hablamos de la robotica, la inform\u00e1tica, la tecnolog\u00eda, de las bater\u00edas; no puede ser que se sigan llevando nuestros recursos y paguen con monedas seg\u00fan que declaraci\u00f3n jurada hagan esos empresarios. Monopolistas extranjeros que est\u00e1n en el norte saqueandonos<\/em>\u00ab. De eso tambien tenemos que hablar.<\/p>\n\n\n\n<p class=\"wp-block-paragraph\">Anoche hemos tenido una nueva reuni\u00f3n con el nuevo ministro y le dijimos claramente: \u00abHay que ponerle plata en el bolsillo a los trabajadores. Hay que ponerle plata a los desocupados. Hay que ponerle plata a los compa\u00f1eros que tienen los programas sociales, para reactivar el consumo para que asi empiecen a trabajar las PYMES y el comercio\u00bb. Para eso hay que tomar medidas contra los poderosos que quieren volver a gobernar para seguirnos saqueando como en los cuatro a\u00f1os que estuvieron.<\/p>\n\n\n\n<p class=\"wp-block-paragraph\">Sobre su punto de vista acerca de la la labor parlamentaria, Alderete precis\u00f3 que \u00ab<em>en el bloque del Frente de Todos en el Congreso, me permiten decir de todo. Porque esa banca en el Congreso Nacional es de todos y todas ustedes compa\u00f1eros. Estoy al servicio de ustedes<\/em>\u00ab.<\/p>\n\n\n\n<p class=\"wp-block-paragraph\">Finaliz\u00f3 Juan Carlos Alderete marcando con firmeza que \u00abtenemos que convencer a los compa\u00f1eros que est\u00e1n enojados y la est\u00e1n pasando mal: Si vuelve el macrismo, realmete, nos va a matar. Pero antes estamos dispuestos a enfrentar. Que vengan, que se animen a dar un golpe institucional o un golpe de estado. Estamos dispuestos a dar nuestra vida para defender lo que hemos logrado hasta el d\u00eda de hoy.<\/p>\n\n\n\n<p class=\"wp-block-paragraph\">Un gran abrazo a todos y a todas y a nuestra juventud. Esa juventud rebelde, valiente, que nos da una fuerza enorme a aquellos que ya tenemos cierta edad; a nuestras mujeres que son leonas, defendiendo nuestros derechos. Defendiendo a sus hijos y a sus nietos.<\/p>\n","protected":false},"excerpt":{"rendered":"<p>El s\u00e1bado 4 de septiembre, y bajo el lema \u201cLa salida es con trabajo\u201d, se realiz\u00f3 el Plenario de los Movimentos Populares en el Frente de Todos de la ciudad de La Plata. El acto comenz\u00f3 con la lectura de un documento consensuado entre las organizaciones convocantes. M\u00e1s de mil platenses se acercaron a este&hellip;<\/p>\n","protected":false},"author":1,"featured_media":107559,"comment_status":"open","ping_status":"open","sticky":false,"template":"","format":"standard","meta":{"footnotes":""},"categories":[13],"tags":[12209,2450,31431,33433,239],"class_list":["post-107551","post","type-post","status-publish","format-standard","has-post-thumbnail","hentry","category-politica","tag-ccc","tag-diario-el-sindical","tag-frente-de-todos","tag-juan-carlos-alderete","tag-la-plata"],"_links":{"self":[{"href":"https:\/\/www.elsindical.com.ar\/notas\/wp-json\/wp\/v2\/posts\/107551","targetHints":{"allow":["GET"]}}],"collection":[{"href":"https:\/\/www.elsindical.com.ar\/notas\/wp-json\/wp\/v2\/posts"}],"about":[{"href":"https:\/\/www.elsindical.com.ar\/notas\/wp-json\/wp\/v2\/types\/post"}],"author":[{"embeddable":true,"href":"https:\/\/www.elsindical.com.ar\/notas\/wp-json\/wp\/v2\/users\/1"}],"replies":[{"embeddable":true,"href":"https:\/\/www.elsindical.com.ar\/notas\/wp-json\/wp\/v2\/comments?post=107551"}],"version-history":[{"count":1,"href":"https:\/\/www.elsindical.com.ar\/notas\/wp-json\/wp\/v2\/posts\/107551\/revisions"}],"predecessor-version":[{"id":107560,"href":"https:\/\/www.elsindical.com.ar\/notas\/wp-json\/wp\/v2\/posts\/107551\/revisions\/107560"}],"wp:featuredmedia":[{"embeddable":true,"href":"https:\/\/www.elsindical.com.ar\/notas\/wp-json\/wp\/v2\/media\/107559"}],"wp:attachment":[{"href":"https:\/\/www.elsindical.com.ar\/notas\/wp-json\/wp\/v2\/media?parent=107551"}],"wp:term":[{"taxonomy":"category","embeddable":true,"href":"https:\/\/www.elsindical.com.ar\/notas\/wp-json\/wp\/v2\/categories?post=107551"},{"taxonomy":"post_tag","embeddable":true,"href":"https:\/\/www.elsindical.com.ar\/notas\/wp-json\/wp\/v2\/tags?post=107551"}],"curies":[{"name":"wp","href":"https:\/\/api.w.org\/{rel}","templated":true}]}}