{"id":10752,"date":"2010-11-12T20:07:22","date_gmt":"2010-11-12T23:07:22","guid":{"rendered":"http:\/\/www.elsindical.com.ar\/notas\/?p=10752"},"modified":"2010-11-12T20:07:22","modified_gmt":"2010-11-12T23:07:22","slug":"chau-a-la-banda-callejeros","status":"publish","type":"post","link":"https:\/\/www.elsindical.com.ar\/notas\/chau-a-la-banda-callejeros\/","title":{"rendered":"Chau, a la banda Callejeros"},"content":{"rendered":"<p style=\"text-align: justify;\"><em><a href=\"http:\/\/www.elsindical.com.ar\/notas\/var\/www\/html\/notas\/wp-content\/uploads\/2010\/04\/Callejeros-abrazados.jpg\"><img loading=\"lazy\" decoding=\"async\" class=\"alignleft size-full wp-image-5374\" title=\"Callejeros-abrazados\" src=\"http:\/\/www.elsindical.com.ar\/notas\/var\/www\/html\/notas\/wp-content\/uploads\/2010\/04\/Callejeros-abrazados.jpg\" alt=\"\" width=\"283\" height=\"170\" \/><\/a>La\u00a0banda\u00a0de rock que protagoniz\u00f3 el fat\u00eddico show en <strong>Croma\u00f1\u00f3n <\/strong>la noche del 30 de diciembre\u00a0de 2004, que le cost\u00f3 la\u00a0vida a 194 personas\u00a0tras un\u00a0incendio en el lugar,<strong> anunci\u00f3 su disoluci\u00f3n tras innumerables crisis.<\/strong><\/em><\/p>\n<p style=\"text-align: justify;\">El propio grupo lo reconoci\u00f3 en un comunicado en su p\u00e1gina web, donde el cantante <strong>Patricio Santos Fontanet<\/strong> tambi\u00e9n revel\u00f3 el lanzamiento de un nuevo proyecto, el grupo<strong> Casi Justicia Social<\/strong> que re\u00fane las iniciales <strong>CJS<\/strong>, que a veces identificaba a <strong>Callejeros.<\/strong><\/p>\n<p style=\"text-align: justify;\">En el juicio, los miembros de <strong>Callejeros<\/strong> fueron absueltos aunque a fin de a\u00f1o la C\u00e1mara de Casaci\u00f3n debe decidir si deja firme o revoca ese fallo.<\/p>\n<p style=\"text-align: justify;\">Durante el juicio los guitarristas <strong>Maximiliano Djerfy<\/strong> y <strong>Elio Delgado<\/strong> dejaron el grupo y hasta tuvieron una estrategia diferente en lo que a su defensa concierne.<\/p>\n<p style=\"text-align: justify;\">La banda sigui\u00f3 tocando, pero una nueva tragedia sacudio al grupo, cuando el baterista <strong>Eduardo V\u00e1zquez<\/strong> fue detenido acusado del asesinato de su novia <strong>Wanda Taddei<\/strong>, quien falleci\u00f3 quemada.<\/p>\n<p style=\"text-align: justify;\">A pesar de esta tragedia,<strong> Santos Fontanet<\/strong> y el saxofonista <strong>Juanjo Carbone<\/strong>, que conducian los destinos del grupo, decidieron seguir y llamaron a <strong>Luis Lamas<\/strong>, baterista del grupo de Mataderos <strong>Ojos Locos<\/strong> para que se hiciera cargo de los parches.<\/p>\n<p style=\"text-align: justify;\">En reemplazo de <strong>Djerfy<\/strong> y<strong> Delgado<\/strong> ingres\u00f3 el ex J\u00f3venes Pordioseros<strong> Pedi<\/strong> y un ex plomo de la banda, <strong>Crisp\u00edn<\/strong> se hizo cargo de la segunda guitarra.<\/p>\n<p style=\"text-align: justify;\">De esa manera a principios de este a\u00f1o quedaban solamente tres miembros fundamentales del grupo: <strong>Fontanet<\/strong>, <strong>Carbone<\/strong> y el bajista <strong>Cristian Torrej\u00f3n<\/strong>, pero luego de suspender algunas presentaciones, el combo entr\u00f3 en un parate.<\/p>\n<p style=\"text-align: justify;\">Ahora se sabe que se disolvio la sociedad creativa y de mando que formaban Fontanet y Carbone, ya que el saxofonista decidi\u00f3 armar el grupo de tango <strong>Perfil Bajo.<br \/>\n<\/strong><\/p>\n<p style=\"text-align: justify;\">Fontanet disolvi\u00f3 Callejeros y con los mismos m\u00fasicos form\u00f3<strong> Casi Justicia Social<\/strong> que incluye a <strong>Pedi<\/strong> y a<strong> Crispin<\/strong> en guitarras, <strong>Cristian Torrej\u00f3n<\/strong> en bajo y a <strong>Luis Lamas<\/strong> en bater\u00eda.<\/p>\n<p style=\"text-align: justify;\">Por su parte, Delgado arm\u00f3 su grupo<strong> El Hito<\/strong>, Djerfy toca en <strong>Esas Cosas<\/strong>, V\u00e1zquez esta preso y Carbone se dedica a tocar tangos.<\/p>\n<p style=\"text-align: justify;\">Esta crisis se evidenci\u00f3 con las duras cr\u00edticas de Delgado, quien lleg\u00f3 a afirmar que<strong> \u201cCallejeros no existe m\u00e1s, ahora son Pato y sus amigos\u201d.<br \/>\n<\/strong><\/p>\n<p style=\"text-align: justify;\">Pero adem\u00e1s, seg\u00fan indica <em>T\u00e9lam<\/em>,\u00a0tanto Delgado como Djerfy formularon declaraciones<strong> que podr\u00edan modificar la marcha de la causa por la denominada tragedia de Croma\u00f1\u00f3n.<\/strong><\/p>\n<p style=\"text-align: justify;\">Ambos se\u00f1alaron que ellos eran <strong>empleados del grupo<\/strong> y que <strong>las decisiones corr\u00edan por cuenta de Fontanet, Carbone y el ex manager Diego Arga\u00f1araz<\/strong>, que tambi\u00e9n se encuentra en libertad.<\/p>\n","protected":false},"excerpt":{"rendered":"<p>La\u00a0banda\u00a0de rock que protagoniz\u00f3 el fat\u00eddico show en Croma\u00f1\u00f3n la noche del 30 de diciembre\u00a0de 2004, que le cost\u00f3 la\u00a0vida a 194 personas\u00a0tras un\u00a0incendio en el lugar, anunci\u00f3 su disoluci\u00f3n tras innumerables crisis. El propio grupo lo reconoci\u00f3 en un comunicado en su p\u00e1gina web, donde el cantante Patricio Santos Fontanet tambi\u00e9n revel\u00f3 el lanzamiento&hellip;<\/p>\n","protected":false},"author":1,"featured_media":0,"comment_status":"open","ping_status":"open","sticky":false,"template":"","format":"standard","meta":{"footnotes":""},"categories":[15],"tags":[997,1814,1426,3899],"class_list":["post-10752","post","type-post","status-publish","format-standard","hentry","category-espectaculos","tag-banda","tag-callejeros","tag-cromanon","tag-musica"],"_links":{"self":[{"href":"https:\/\/www.elsindical.com.ar\/notas\/wp-json\/wp\/v2\/posts\/10752","targetHints":{"allow":["GET"]}}],"collection":[{"href":"https:\/\/www.elsindical.com.ar\/notas\/wp-json\/wp\/v2\/posts"}],"about":[{"href":"https:\/\/www.elsindical.com.ar\/notas\/wp-json\/wp\/v2\/types\/post"}],"author":[{"embeddable":true,"href":"https:\/\/www.elsindical.com.ar\/notas\/wp-json\/wp\/v2\/users\/1"}],"replies":[{"embeddable":true,"href":"https:\/\/www.elsindical.com.ar\/notas\/wp-json\/wp\/v2\/comments?post=10752"}],"version-history":[{"count":1,"href":"https:\/\/www.elsindical.com.ar\/notas\/wp-json\/wp\/v2\/posts\/10752\/revisions"}],"predecessor-version":[{"id":10753,"href":"https:\/\/www.elsindical.com.ar\/notas\/wp-json\/wp\/v2\/posts\/10752\/revisions\/10753"}],"wp:attachment":[{"href":"https:\/\/www.elsindical.com.ar\/notas\/wp-json\/wp\/v2\/media?parent=10752"}],"wp:term":[{"taxonomy":"category","embeddable":true,"href":"https:\/\/www.elsindical.com.ar\/notas\/wp-json\/wp\/v2\/categories?post=10752"},{"taxonomy":"post_tag","embeddable":true,"href":"https:\/\/www.elsindical.com.ar\/notas\/wp-json\/wp\/v2\/tags?post=10752"}],"curies":[{"name":"wp","href":"https:\/\/api.w.org\/{rel}","templated":true}]}}