{"id":107512,"date":"2021-09-03T10:36:21","date_gmt":"2021-09-03T13:36:21","guid":{"rendered":"https:\/\/www.elsindical.com.ar\/notas\/?p=107512"},"modified":"2021-09-03T10:36:22","modified_gmt":"2021-09-03T13:36:22","slug":"el-ministerio-de-trabajo-bonaerense-prorrogo-la-moratoria-2021-para-pymes","status":"publish","type":"post","link":"https:\/\/www.elsindical.com.ar\/notas\/el-ministerio-de-trabajo-bonaerense-prorrogo-la-moratoria-2021-para-pymes\/","title":{"rendered":"El Ministerio de Trabajo bonaerense prorrog\u00f3 la moratoria 2021 para Pymes"},"content":{"rendered":"\n<figure class=\"wp-block-image size-large\"><a href=\"https:\/\/www.elsindical.com.ar\/notas\/var\/www\/html\/notas\/wp-content\/uploads\/2021\/09\/Pyme.jpg\"><img loading=\"lazy\" decoding=\"async\" width=\"1024\" height=\"576\" src=\"https:\/\/www.elsindical.com.ar\/notas\/var\/www\/html\/notas\/wp-content\/uploads\/2021\/09\/Pyme-1024x576.jpg\" alt=\"\" class=\"wp-image-107513\" srcset=\"https:\/\/www.elsindical.com.ar\/notas\/var\/www\/html\/notas\/wp-content\/uploads\/2021\/09\/Pyme-1024x576.jpg 1024w, https:\/\/www.elsindical.com.ar\/notas\/var\/www\/html\/notas\/wp-content\/uploads\/2021\/09\/Pyme-300x169.jpg 300w, https:\/\/www.elsindical.com.ar\/notas\/var\/www\/html\/notas\/wp-content\/uploads\/2021\/09\/Pyme-768x432.jpg 768w, https:\/\/www.elsindical.com.ar\/notas\/var\/www\/html\/notas\/wp-content\/uploads\/2021\/09\/Pyme-500x281.jpg 500w, https:\/\/www.elsindical.com.ar\/notas\/var\/www\/html\/notas\/wp-content\/uploads\/2021\/09\/Pyme-460x260.jpg 460w, https:\/\/www.elsindical.com.ar\/notas\/var\/www\/html\/notas\/wp-content\/uploads\/2021\/09\/Pyme.jpg 1200w\" sizes=\"auto, (max-width: 1024px) 100vw, 1024px\" \/><\/a><\/figure>\n\n\n\n<p>El r\u00e9gimen de regularizaci\u00f3n de deudas del Ministerio de Trabajo venc\u00eda el 31 de agosto. Abarca a las infracciones en materia laboral y de seguridad e higiene.<\/p>\n\n\n\n<p>El Ministerio de Trabajo bonaerense prorrog\u00f3 hasta el 29 de octubre del r\u00e9gimen de regularizaci\u00f3n de deudas por infracciones laborales y de seguridad e higiene, dirigido a peque\u00f1as y medianas empresas, a la que sum\u00f3 a las que, sin importar su tama\u00f1o, pertenezcan a las actividades afectadas por la pandemia, seg\u00fan la calsificaci\u00f3n del Ministerio de Producci\u00f3n, Ciencia e Innovaci\u00f3n Tecnol\u00f3gica.<\/p>\n\n\n\n<p>La iniciativa comprende todos los montos exigibles originados en multas impuestas por resoluci\u00f3n dictada hasta el 31 de diciembre de 2020, en cualquier estado de cobro administrativo o judicial, salvo que exista sentencia de apremio firme.<\/p>\n\n\n\n<p>\u201cResulta de inter\u00e9s para la Provincia de Buenos Aires continuar creando las condiciones necesarias para que la mayor cantidad de empleadores puedan regularizar su situaci\u00f3n, cancelar sus deudas y retomar as\u00ed la senda del cumplimiento, sin que ello impida fomentar la reactivaci\u00f3n econ\u00f3mica, el mantenimiento y el crecimiento de las fuentes de empleo de las y los bonaerenses y la efectivizaci\u00f3n de sus derechos humanos esenciales\u201d, fundamenta la resoluci\u00f3n ministerial.<\/p>\n\n\n\n<p>Seg\u00fan los datos del Ministerio de Trabajo, durante 2020 se labraron 58.131 multas que representan un capital adeudado de $1.268.113.915. Sumado a los intereses, la deuda con el Estado provincial asciende a m\u00e1s de $4.175.879.521.<\/p>\n\n\n\n<p>La Moratoria 2021 ofrece bonificaci\u00f3n de intereses con descuentos del 50% al 100%, posibilidad de pago al contado hasta tres cuotas sin inter\u00e9s, y posibilidad de financiaci\u00f3n hasta en 48 cuotas.<\/p>\n\n\n\n<p>Entre los requisitos se incluye el compromiso de mantener la cantidad de trabajadores en relaci\u00f3n de dependencia existente mientras dure la situaci\u00f3n de emergencia, as\u00ed como el sostenimiento de la paz social en el marco de las relaciones laborales, sin que existan conflictos que se extiendan m\u00e1s all\u00e1 de los plazos de la conciliaci\u00f3n obligatoria.<\/p>\n\n\n\n<p>Asimismo, se solicita la realizaci\u00f3n de un curso a distancia de inducci\u00f3n a las mejores pr\u00e1cticas en las relaciones laborales. De igual forma, las empresas tambi\u00e9n deben estar inscriptas en la plataforma ActiBA del Ministerio de Producci\u00f3n bonaerense al momento de solicitar la adhesi\u00f3n.<\/p>\n\n\n\n<p>Adem\u00e1s se estableci\u00f3 una bonificaci\u00f3n de intereses que ser\u00e1 del total en el caso de las micro y peque\u00f1as empresas; del 50 porciento en las medianas empresas de tramo 1, y del total de los intereses a las empresas afectadas por la pandemia del Covid-19.<\/p>\n","protected":false},"excerpt":{"rendered":"<p>El r\u00e9gimen de regularizaci\u00f3n de deudas del Ministerio de Trabajo venc\u00eda el 31 de agosto. Abarca a las infracciones en materia laboral y de seguridad e higiene. El Ministerio de Trabajo bonaerense prorrog\u00f3 hasta el 29 de octubre del r\u00e9gimen de regularizaci\u00f3n de deudas por infracciones laborales y de seguridad e higiene, dirigido a peque\u00f1as&hellip;<\/p>\n","protected":false},"author":1,"featured_media":107513,"comment_status":"open","ping_status":"open","sticky":false,"template":"","format":"standard","meta":{"footnotes":""},"categories":[13],"tags":[3307,2450,11125,853,16877,35464],"class_list":["post-107512","post","type-post","status-publish","format-standard","has-post-thumbnail","hentry","category-politica","tag-deudas","tag-diario-el-sindical","tag-ministerio-de-trabajo-bonaerense","tag-moratoria","tag-pymes","tag-regularizacion-laboral"],"_links":{"self":[{"href":"https:\/\/www.elsindical.com.ar\/notas\/wp-json\/wp\/v2\/posts\/107512","targetHints":{"allow":["GET"]}}],"collection":[{"href":"https:\/\/www.elsindical.com.ar\/notas\/wp-json\/wp\/v2\/posts"}],"about":[{"href":"https:\/\/www.elsindical.com.ar\/notas\/wp-json\/wp\/v2\/types\/post"}],"author":[{"embeddable":true,"href":"https:\/\/www.elsindical.com.ar\/notas\/wp-json\/wp\/v2\/users\/1"}],"replies":[{"embeddable":true,"href":"https:\/\/www.elsindical.com.ar\/notas\/wp-json\/wp\/v2\/comments?post=107512"}],"version-history":[{"count":1,"href":"https:\/\/www.elsindical.com.ar\/notas\/wp-json\/wp\/v2\/posts\/107512\/revisions"}],"predecessor-version":[{"id":107514,"href":"https:\/\/www.elsindical.com.ar\/notas\/wp-json\/wp\/v2\/posts\/107512\/revisions\/107514"}],"wp:featuredmedia":[{"embeddable":true,"href":"https:\/\/www.elsindical.com.ar\/notas\/wp-json\/wp\/v2\/media\/107513"}],"wp:attachment":[{"href":"https:\/\/www.elsindical.com.ar\/notas\/wp-json\/wp\/v2\/media?parent=107512"}],"wp:term":[{"taxonomy":"category","embeddable":true,"href":"https:\/\/www.elsindical.com.ar\/notas\/wp-json\/wp\/v2\/categories?post=107512"},{"taxonomy":"post_tag","embeddable":true,"href":"https:\/\/www.elsindical.com.ar\/notas\/wp-json\/wp\/v2\/tags?post=107512"}],"curies":[{"name":"wp","href":"https:\/\/api.w.org\/{rel}","templated":true}]}}