{"id":107491,"date":"2021-09-02T12:41:58","date_gmt":"2021-09-02T15:41:58","guid":{"rendered":"https:\/\/www.elsindical.com.ar\/notas\/?p=107491"},"modified":"2021-09-02T12:42:00","modified_gmt":"2021-09-02T15:42:00","slug":"que-es-la-bfs-estreno-video-aniversario-25a","status":"publish","type":"post","link":"https:\/\/www.elsindical.com.ar\/notas\/que-es-la-bfs-estreno-video-aniversario-25a\/","title":{"rendered":"\u00bfQu\u00e9 es la BFS? #Estreno video aniversario 25A"},"content":{"rendered":"\n<figure class=\"wp-block-image size-full\"><a href=\"https:\/\/www.elsindical.com.ar\/notas\/var\/www\/html\/notas\/wp-content\/uploads\/2021\/09\/BFS.jpg\"><img loading=\"lazy\" decoding=\"async\" width=\"820\" height=\"312\" src=\"https:\/\/www.elsindical.com.ar\/notas\/var\/www\/html\/notas\/wp-content\/uploads\/2021\/09\/BFS.jpg\" alt=\"\" class=\"wp-image-107492\" srcset=\"https:\/\/www.elsindical.com.ar\/notas\/var\/www\/html\/notas\/wp-content\/uploads\/2021\/09\/BFS.jpg 820w, https:\/\/www.elsindical.com.ar\/notas\/var\/www\/html\/notas\/wp-content\/uploads\/2021\/09\/BFS-300x114.jpg 300w, https:\/\/www.elsindical.com.ar\/notas\/var\/www\/html\/notas\/wp-content\/uploads\/2021\/09\/BFS-768x292.jpg 768w, https:\/\/www.elsindical.com.ar\/notas\/var\/www\/html\/notas\/wp-content\/uploads\/2021\/09\/BFS-500x190.jpg 500w\" sizes=\"auto, (max-width: 820px) 100vw, 820px\" \/><\/a><\/figure>\n\n\n\n<p>? La Coordinadora <a href=\"https:\/\/gmail.us5.list-manage.com\/track\/click?u=d2180be2152be7de7c167cb36&amp;id=863533cafa&amp;e=baa489a7f3\" target=\"_blank\" rel=\"noreferrer noopener\">@bastadefalsassoluciones<\/a> es lo que ves en el video, un espacio de lucha plurinacional que recibe a todes para sumarse y trabajar en unidad, debatir ideas, proyectos y acciones, las cuales decidimos siempre por consenso.<br>\u270a\u270a\u270a<br>La salida es colectiva.<br>\u00a1Nos vemos en las calles, los caminos y donde haya que defender a la naturaleza! \u00a1Sumate!<\/p>\n\n\n\n<p>?? Gui\u00f3n y video: Comisi\u00f3n de Redacci\u00f3n y Audiovisuales de la BFS<br>? M\u00fasica: @jeronimoenvuelo<\/p>\n\n\n\n<p>#bastadefalsassoluciones #bastadeextractivismo #noalacuerdoporcinoconchina #leydehumedalesya<\/p>\n\n\n\n<figure class=\"wp-block-embed is-type-video is-provider-youtube wp-block-embed-youtube wp-embed-aspect-16-9 wp-has-aspect-ratio\"><div class=\"wp-block-embed__wrapper\">\n<iframe loading=\"lazy\" title=\"\u00bfQU\u00c9 ES LA BFS? Coordinadora Basta de Falsas Soluciones\" width=\"700\" height=\"394\" src=\"https:\/\/www.youtube.com\/embed\/hrBFwbKbsNo?feature=oembed\" frameborder=\"0\" allow=\"accelerometer; autoplay; clipboard-write; encrypted-media; gyroscope; picture-in-picture\" allowfullscreen><\/iframe>\n<\/div><\/figure>\n","protected":false},"excerpt":{"rendered":"<p>? La Coordinadora @bastadefalsassoluciones es lo que ves en el video, un espacio de lucha plurinacional que recibe a todes para sumarse y trabajar en unidad, debatir ideas, proyectos y acciones, las cuales decidimos siempre por consenso.\u270a\u270a\u270aLa salida es colectiva.\u00a1Nos vemos en las calles, los caminos y donde haya que defender a la naturaleza! \u00a1Sumate!&hellip;<\/p>\n","protected":false},"author":1,"featured_media":107492,"comment_status":"open","ping_status":"open","sticky":false,"template":"","format":"standard","meta":{"footnotes":""},"categories":[25],"tags":[35459,35458,35456,4938,35457,2450],"class_list":["post-107491","post","type-post","status-publish","format-standard","has-post-thumbnail","hentry","category-sociedad","tag-activismo","tag-basta-de-falsas-soluciones","tag-bfs","tag-comision","tag-coordinadora","tag-diario-el-sindical"],"_links":{"self":[{"href":"https:\/\/www.elsindical.com.ar\/notas\/wp-json\/wp\/v2\/posts\/107491","targetHints":{"allow":["GET"]}}],"collection":[{"href":"https:\/\/www.elsindical.com.ar\/notas\/wp-json\/wp\/v2\/posts"}],"about":[{"href":"https:\/\/www.elsindical.com.ar\/notas\/wp-json\/wp\/v2\/types\/post"}],"author":[{"embeddable":true,"href":"https:\/\/www.elsindical.com.ar\/notas\/wp-json\/wp\/v2\/users\/1"}],"replies":[{"embeddable":true,"href":"https:\/\/www.elsindical.com.ar\/notas\/wp-json\/wp\/v2\/comments?post=107491"}],"version-history":[{"count":1,"href":"https:\/\/www.elsindical.com.ar\/notas\/wp-json\/wp\/v2\/posts\/107491\/revisions"}],"predecessor-version":[{"id":107493,"href":"https:\/\/www.elsindical.com.ar\/notas\/wp-json\/wp\/v2\/posts\/107491\/revisions\/107493"}],"wp:featuredmedia":[{"embeddable":true,"href":"https:\/\/www.elsindical.com.ar\/notas\/wp-json\/wp\/v2\/media\/107492"}],"wp:attachment":[{"href":"https:\/\/www.elsindical.com.ar\/notas\/wp-json\/wp\/v2\/media?parent=107491"}],"wp:term":[{"taxonomy":"category","embeddable":true,"href":"https:\/\/www.elsindical.com.ar\/notas\/wp-json\/wp\/v2\/categories?post=107491"},{"taxonomy":"post_tag","embeddable":true,"href":"https:\/\/www.elsindical.com.ar\/notas\/wp-json\/wp\/v2\/tags?post=107491"}],"curies":[{"name":"wp","href":"https:\/\/api.w.org\/{rel}","templated":true}]}}