{"id":107460,"date":"2021-09-01T09:24:25","date_gmt":"2021-09-01T12:24:25","guid":{"rendered":"https:\/\/www.elsindical.com.ar\/notas\/?p=107460"},"modified":"2021-09-01T09:28:20","modified_gmt":"2021-09-01T12:28:20","slug":"la-pfa-desbarato-una-banda-de-estafadores","status":"publish","type":"post","link":"https:\/\/www.elsindical.com.ar\/notas\/la-pfa-desbarato-una-banda-de-estafadores\/","title":{"rendered":"La PFA desbarat\u00f3 una banda de estafadores"},"content":{"rendered":"\n<figure class=\"wp-block-image size-full\"><a href=\"https:\/\/www.elsindical.com.ar\/notas\/var\/www\/html\/notas\/wp-content\/uploads\/2021\/09\/WhatsApp-Image-2021-08-31-at-17.03.17.jpeg\"><img loading=\"lazy\" decoding=\"async\" width=\"1024\" height=\"768\" src=\"https:\/\/www.elsindical.com.ar\/notas\/var\/www\/html\/notas\/wp-content\/uploads\/2021\/09\/WhatsApp-Image-2021-08-31-at-17.03.17.jpeg\" alt=\"\" class=\"wp-image-107461\" srcset=\"https:\/\/www.elsindical.com.ar\/notas\/var\/www\/html\/notas\/wp-content\/uploads\/2021\/09\/WhatsApp-Image-2021-08-31-at-17.03.17.jpeg 1024w, https:\/\/www.elsindical.com.ar\/notas\/var\/www\/html\/notas\/wp-content\/uploads\/2021\/09\/WhatsApp-Image-2021-08-31-at-17.03.17-300x225.jpeg 300w, https:\/\/www.elsindical.com.ar\/notas\/var\/www\/html\/notas\/wp-content\/uploads\/2021\/09\/WhatsApp-Image-2021-08-31-at-17.03.17-768x576.jpeg 768w, https:\/\/www.elsindical.com.ar\/notas\/var\/www\/html\/notas\/wp-content\/uploads\/2021\/09\/WhatsApp-Image-2021-08-31-at-17.03.17-400x300.jpeg 400w\" sizes=\"auto, (max-width: 1024px) 100vw, 1024px\" \/><\/a><\/figure>\n\n\n\n<p>\u201cOPERACI\u00d3N PANDEMIA FRAUDULENTA\u201d<\/p>\n\n\n\n<p>Tras dos a\u00f1os de investigaci\u00f3n criminal la Polic\u00eda Federal Argentina, fuerza dependiente del Ministerio de Seguridad de la Naci\u00f3n, logr\u00f3 desarticular a una organizaci\u00f3n criminal que se dedicaba a estafar a personas mediante diferentes m\u00e9todos que les permiti\u00f3 acumular, seg\u00fan las primeras pericias, una suma equivalente a los doscientos millones de pesos.<\/p>\n\n\n\n<p>La organizaci\u00f3n desarrollaba formas de enga\u00f1o dis\u00edmiles, lo que pudo comprobarse tras una meticulosa investigaci\u00f3n que, siguiendo los patrones de profesionalidad que promueven la ministra Sabina Frederic y el Jefe de la PFA, Comisario Juan Carlos Hern\u00e1ndez, pudieron desgranar las y los detectives de la Divisi\u00f3n Investigaci\u00f3n de Delitos Tecnol\u00f3gicos de PFA.<\/p>\n\n\n\n<p>La complejidad del modus operandi de esta organizaci\u00f3n criminal, con ramificaciones fuera del pa\u00eds, requiri\u00f3 de la fuerza federal vincular tipos de estafas que se iniciaban fuera de la Argentina para luego concretarse en el pa\u00eds.<br>En primer lugar, el grupo de estafadores, mediante el uso de bases y la adulteraci\u00f3n de datos inform\u00e1ticos que extra\u00edan de manera ilegal de determinadas empresas, identificaban a personas que pose\u00edan alg\u00fan tipo de deuda monetaria. Establecida la identidad de las y los deudores, la organizaci\u00f3n les ofrec\u00eda, mediante enga\u00f1os convincentes (como alterar de manera casi imperceptible el correo electr\u00f3nico de la empresa acreedora), formas de pago para saldar sus compromisos con descuentos respecto del monto total. De ese modo, al ofrecerles estos modos de condonaci\u00f3n, brindarles un n\u00famero de cuenta bancaria y haci\u00e9ndose pasar por sus acreedores, la organizaci\u00f3n lograba hacerse del dinero de sus v\u00edctimas, quienes cre\u00edan estar pagando sus deudas. Como consecuencia de ello, las personas enga\u00f1adas, adem\u00e1s de continuar con sus deudas originales, perd\u00edan el monto que hab\u00edan depositado.<\/p>\n\n\n\n<p>En segundo lugar, se logr\u00f3 comprender una segunda forma de estafa que llevaba a cabo el mismo grupo, denominada \u201cEstafa del Soldado Americano\u201d. La misma se iniciaba a partir de entablar un v\u00ednculo de confianza mediante contactos digitales entre el estafador y la futura v\u00edctima. El victimario, que se presentaba como un extranjero que realizaba alguna misi\u00f3n fuera del pa\u00eds, sosten\u00eda la relaci\u00f3n durante largo tiempo hasta convencer a la otra persona de que, debido a su actividad en el extranjero, se ve\u00eda imposibilitado de retirar de la aduana encomiendas que, seg\u00fan explicaba, le hab\u00edan llegado a la Argentina.<\/p>\n\n\n\n<p>Debido a ello, el miembro de la organizaci\u00f3n le solicitaba que fuera a la aduana despu\u00e9s de hacer un dep\u00f3sito en una cuenta bancaria para poder hacerse de la aludida encomienda. De este modo, la v\u00edctima, creyendo estar colaborando con la necesidad de su interlocutor, depositaba dinero en cuentas bancarias ajenas para personas ap\u00f3crifas. Las cuentas que recib\u00edan el dinero estaban a nombre de otras personas que, formando el eslab\u00f3n m\u00e1s bajo de la organizaci\u00f3n criminal, prestaban sus datos y cuentas a cambio de un porcentaje menor de aquello que se estaba robando. Finalmente, la organizaci\u00f3n extra\u00eda el grueso del dinero y, a trav\u00e9s de una compa\u00f1\u00eda de servicios financieros, enviaban lo robado hacia el exterior. De ah\u00ed que la PFA llegara a determinar la dimensi\u00f3n transnacional de la organizaci\u00f3n, cuya ramificaci\u00f3n alcanza a varios pa\u00edses.<\/p>\n\n\n\n<p>Una vez que la PFA, mediante esta exhaustiva investigaci\u00f3n, logr\u00f3 acumular las pruebas necesarias, se iniciaron los operativos que permitieron la detenci\u00f3n de 15 involucrados, entre quienes se encuentra el l\u00edder de la banda. Siguiendo las indicaciones del Poder Judicial se realizaron allanamientos en barrios de clase media y media alta de la Ciudad Aut\u00f3noma de Buenos Aires, en Entre R\u00edos, en la provincia de Buenos Aires y en San Luis.<\/p>\n\n\n\n<p>La red criminal que organizaba las estafas estaba encabezada por quien brindaba los datos de quienes ser\u00edan luego las v\u00edctimas de toda esta operatoria. Hasta donde se logr\u00f3 establecer, la organizaci\u00f3n delictiva operaba en varios pa\u00edses. De all\u00ed que, entre las detenciones, se encuentren personas de diferentes nacionalidades.<\/p>\n\n\n\n<p>Tras 23 allanamientos, a los 15 miembros de la organizaci\u00f3n se les secuestraron 46 tel\u00e9fonos celulares, 14 notebooks, pendrives, discos r\u00edgidos con informaci\u00f3n sustancial para la causa, elementos de almacenamiento digital, tarjetas de cr\u00e9dito y d\u00e9bito, documentaci\u00f3n bancaria de inter\u00e9s, gran cantidad de dinero en efectivo de diferentes denominaciones, dos autos y una motocicleta.<\/p>\n\n\n\n<p>Interviene el Juzgado Nacional en lo Criminal y Correccional N\u00b0 5 a cargo del Dr. Manuel de Campo, Secretar\u00eda N\u00b0 116 a cargo de la Dra. Tamara Garc\u00eda.<\/p>\n\n\n\n<p>Los lugares allanados<\/p>\n\n\n\n<ol class=\"wp-block-list\"><li>Gdia. Vieja 3300 CABA<\/li><li>San Luis 3300 CABA.-<\/li><li>Azcu\u00e9naga 770 CABA<\/li><li>Berutti 4400 CABA.-<\/li><li>Av. Callao 380 CABA.-<\/li><li>Av. Larrazabal 920 CABA.-<\/li><li>Juan B. Justo 3800 CABA.-<\/li><li>Crucero Gral BELGRANO 5800 La Tablada PBA.-<\/li><li>Poeta Forti 870 Mor\u00f3n PBA.-<\/li><li>Gobernador Cresto 2100 Concordia Entre R\u00edos.<\/li><li>Alte. Cordero 20 Pi\u00f1eiro PBA.-<\/li><li>Carlos Pellegrini 2600, Libertad PBA.-<\/li><li>Amen\u00e1bar 1100 CABA.-<\/li><li>Av. Santa Fe 1200 CABA.-<\/li><li>Av. Santa Fe 1270 CABA.-<\/li><li>Yapey\u00fa 80 CABA.-<\/li><li>Tokio 3700 Isidro Casanova PBA.<\/li><li>Consejal Noya N\u00b0 2100 P.B. Lan\u00fas P.B.A.<\/li><li>Monoblock Lucas Rodr\u00edguez \u2013 San Luis.-<\/li><li>Juan Pi\u00f1eiro 100 Lan\u00fas P.B.A..-<\/li><li>Ayacucho 1400 CABA.-<\/li><li>Juan Pi\u00f1eiro 100 Lan\u00fas P.B.A..-<\/li><li>Ciudad de la Paz 1100 CABA<\/li><\/ol>\n\n\n\n<figure class=\"wp-block-embed is-type-video is-provider-youtube wp-block-embed-youtube wp-embed-aspect-16-9 wp-has-aspect-ratio\"><div class=\"wp-block-embed__wrapper\">\n<iframe loading=\"lazy\" title=\"La PFA desbarat\u00f3 una banda de estafadores\" width=\"700\" height=\"394\" src=\"https:\/\/www.youtube.com\/embed\/qhX0if6eQ_k?feature=oembed\" frameborder=\"0\" allow=\"accelerometer; autoplay; clipboard-write; encrypted-media; gyroscope; picture-in-picture\" allowfullscreen><\/iframe>\n<\/div><\/figure>\n\n\n\n<figure class=\"wp-block-gallery columns-1 is-cropped wp-block-gallery-1 is-layout-flex wp-block-gallery-is-layout-flex\"><ul class=\"blocks-gallery-grid\"><li class=\"blocks-gallery-item\"><figure><a href=\"https:\/\/www.elsindical.com.ar\/notas\/var\/www\/html\/notas\/wp-content\/uploads\/2021\/09\/WhatsApp-Image-2021-08-31-at-17.03.171.jpeg\"><img loading=\"lazy\" decoding=\"async\" width=\"1024\" height=\"768\" src=\"https:\/\/www.elsindical.com.ar\/notas\/var\/www\/html\/notas\/wp-content\/uploads\/2021\/09\/WhatsApp-Image-2021-08-31-at-17.03.171.jpeg\" alt=\"\" data-id=\"107462\" data-full-url=\"https:\/\/www.elsindical.com.ar\/notas\/var\/www\/html\/notas\/wp-content\/uploads\/2021\/09\/WhatsApp-Image-2021-08-31-at-17.03.171.jpeg\" data-link=\"https:\/\/www.elsindical.com.ar\/notas\/?attachment_id=107462#main\" class=\"wp-image-107462\" srcset=\"https:\/\/www.elsindical.com.ar\/notas\/var\/www\/html\/notas\/wp-content\/uploads\/2021\/09\/WhatsApp-Image-2021-08-31-at-17.03.171.jpeg 1024w, https:\/\/www.elsindical.com.ar\/notas\/var\/www\/html\/notas\/wp-content\/uploads\/2021\/09\/WhatsApp-Image-2021-08-31-at-17.03.171-300x225.jpeg 300w, https:\/\/www.elsindical.com.ar\/notas\/var\/www\/html\/notas\/wp-content\/uploads\/2021\/09\/WhatsApp-Image-2021-08-31-at-17.03.171-768x576.jpeg 768w, https:\/\/www.elsindical.com.ar\/notas\/var\/www\/html\/notas\/wp-content\/uploads\/2021\/09\/WhatsApp-Image-2021-08-31-at-17.03.171-400x300.jpeg 400w\" sizes=\"auto, (max-width: 1024px) 100vw, 1024px\" \/><\/a><\/figure><\/li><li class=\"blocks-gallery-item\"><figure><a href=\"https:\/\/www.elsindical.com.ar\/notas\/var\/www\/html\/notas\/wp-content\/uploads\/2021\/09\/WhatsApp-Image-2021-08-31-at-17.03.16.jpeg\"><img loading=\"lazy\" decoding=\"async\" width=\"1024\" height=\"768\" src=\"https:\/\/www.elsindical.com.ar\/notas\/var\/www\/html\/notas\/wp-content\/uploads\/2021\/09\/WhatsApp-Image-2021-08-31-at-17.03.16.jpeg\" alt=\"\" data-id=\"107463\" data-full-url=\"https:\/\/www.elsindical.com.ar\/notas\/var\/www\/html\/notas\/wp-content\/uploads\/2021\/09\/WhatsApp-Image-2021-08-31-at-17.03.16.jpeg\" data-link=\"https:\/\/www.elsindical.com.ar\/notas\/?attachment_id=107463#main\" class=\"wp-image-107463\" srcset=\"https:\/\/www.elsindical.com.ar\/notas\/var\/www\/html\/notas\/wp-content\/uploads\/2021\/09\/WhatsApp-Image-2021-08-31-at-17.03.16.jpeg 1024w, https:\/\/www.elsindical.com.ar\/notas\/var\/www\/html\/notas\/wp-content\/uploads\/2021\/09\/WhatsApp-Image-2021-08-31-at-17.03.16-300x225.jpeg 300w, https:\/\/www.elsindical.com.ar\/notas\/var\/www\/html\/notas\/wp-content\/uploads\/2021\/09\/WhatsApp-Image-2021-08-31-at-17.03.16-768x576.jpeg 768w, https:\/\/www.elsindical.com.ar\/notas\/var\/www\/html\/notas\/wp-content\/uploads\/2021\/09\/WhatsApp-Image-2021-08-31-at-17.03.16-400x300.jpeg 400w\" sizes=\"auto, (max-width: 1024px) 100vw, 1024px\" \/><\/a><\/figure><\/li><li class=\"blocks-gallery-item\"><figure><a href=\"https:\/\/www.elsindical.com.ar\/notas\/var\/www\/html\/notas\/wp-content\/uploads\/2021\/09\/WhatsApp-Image-2021-08-31-at-17.03.15.jpeg\"><img loading=\"lazy\" decoding=\"async\" width=\"1024\" height=\"768\" src=\"https:\/\/www.elsindical.com.ar\/notas\/var\/www\/html\/notas\/wp-content\/uploads\/2021\/09\/WhatsApp-Image-2021-08-31-at-17.03.15-1024x768.jpeg\" alt=\"\" data-id=\"107464\" data-full-url=\"https:\/\/www.elsindical.com.ar\/notas\/var\/www\/html\/notas\/wp-content\/uploads\/2021\/09\/WhatsApp-Image-2021-08-31-at-17.03.15.jpeg\" data-link=\"https:\/\/www.elsindical.com.ar\/notas\/?attachment_id=107464#main\" class=\"wp-image-107464\" srcset=\"https:\/\/www.elsindical.com.ar\/notas\/var\/www\/html\/notas\/wp-content\/uploads\/2021\/09\/WhatsApp-Image-2021-08-31-at-17.03.15-1024x768.jpeg 1024w, https:\/\/www.elsindical.com.ar\/notas\/var\/www\/html\/notas\/wp-content\/uploads\/2021\/09\/WhatsApp-Image-2021-08-31-at-17.03.15-300x225.jpeg 300w, https:\/\/www.elsindical.com.ar\/notas\/var\/www\/html\/notas\/wp-content\/uploads\/2021\/09\/WhatsApp-Image-2021-08-31-at-17.03.15-768x576.jpeg 768w, https:\/\/www.elsindical.com.ar\/notas\/var\/www\/html\/notas\/wp-content\/uploads\/2021\/09\/WhatsApp-Image-2021-08-31-at-17.03.15-400x300.jpeg 400w, https:\/\/www.elsindical.com.ar\/notas\/var\/www\/html\/notas\/wp-content\/uploads\/2021\/09\/WhatsApp-Image-2021-08-31-at-17.03.15-1536x1152.jpeg 1536w, https:\/\/www.elsindical.com.ar\/notas\/var\/www\/html\/notas\/wp-content\/uploads\/2021\/09\/WhatsApp-Image-2021-08-31-at-17.03.15.jpeg 1600w\" sizes=\"auto, (max-width: 1024px) 100vw, 1024px\" \/><\/a><\/figure><\/li><\/ul><\/figure>\n","protected":false},"excerpt":{"rendered":"<p>\u201cOPERACI\u00d3N PANDEMIA FRAUDULENTA\u201d Tras dos a\u00f1os de investigaci\u00f3n criminal la Polic\u00eda Federal Argentina, fuerza dependiente del Ministerio de Seguridad de la Naci\u00f3n, logr\u00f3 desarticular a una organizaci\u00f3n criminal que se dedicaba a estafar a personas mediante diferentes m\u00e9todos que les permiti\u00f3 acumular, seg\u00fan las primeras pericias, una suma equivalente a los doscientos millones de pesos.&hellip;<\/p>\n","protected":false},"author":1,"featured_media":107461,"comment_status":"open","ping_status":"open","sticky":false,"template":"","format":"standard","meta":{"footnotes":""},"categories":[22],"tags":[493,2450,35447,698],"class_list":["post-107460","post","type-post","status-publish","format-standard","has-post-thumbnail","hentry","category-policiales","tag-allanamientos","tag-diario-el-sindical","tag-estafadores","tag-pfa"],"_links":{"self":[{"href":"https:\/\/www.elsindical.com.ar\/notas\/wp-json\/wp\/v2\/posts\/107460","targetHints":{"allow":["GET"]}}],"collection":[{"href":"https:\/\/www.elsindical.com.ar\/notas\/wp-json\/wp\/v2\/posts"}],"about":[{"href":"https:\/\/www.elsindical.com.ar\/notas\/wp-json\/wp\/v2\/types\/post"}],"author":[{"embeddable":true,"href":"https:\/\/www.elsindical.com.ar\/notas\/wp-json\/wp\/v2\/users\/1"}],"replies":[{"embeddable":true,"href":"https:\/\/www.elsindical.com.ar\/notas\/wp-json\/wp\/v2\/comments?post=107460"}],"version-history":[{"count":2,"href":"https:\/\/www.elsindical.com.ar\/notas\/wp-json\/wp\/v2\/posts\/107460\/revisions"}],"predecessor-version":[{"id":107466,"href":"https:\/\/www.elsindical.com.ar\/notas\/wp-json\/wp\/v2\/posts\/107460\/revisions\/107466"}],"wp:featuredmedia":[{"embeddable":true,"href":"https:\/\/www.elsindical.com.ar\/notas\/wp-json\/wp\/v2\/media\/107461"}],"wp:attachment":[{"href":"https:\/\/www.elsindical.com.ar\/notas\/wp-json\/wp\/v2\/media?parent=107460"}],"wp:term":[{"taxonomy":"category","embeddable":true,"href":"https:\/\/www.elsindical.com.ar\/notas\/wp-json\/wp\/v2\/categories?post=107460"},{"taxonomy":"post_tag","embeddable":true,"href":"https:\/\/www.elsindical.com.ar\/notas\/wp-json\/wp\/v2\/tags?post=107460"}],"curies":[{"name":"wp","href":"https:\/\/api.w.org\/{rel}","templated":true}]}}