{"id":107355,"date":"2021-08-27T12:11:18","date_gmt":"2021-08-27T15:11:18","guid":{"rendered":"https:\/\/www.elsindical.com.ar\/notas\/?p=107355"},"modified":"2021-08-27T12:11:37","modified_gmt":"2021-08-27T15:11:37","slug":"repudian-la-designacion-de-un-defensor-del-terrorismo-de-estado-como-director-de-una-escuela-portena","status":"publish","type":"post","link":"https:\/\/www.elsindical.com.ar\/notas\/repudian-la-designacion-de-un-defensor-del-terrorismo-de-estado-como-director-de-una-escuela-portena\/","title":{"rendered":"Repudian la designaci\u00f3n de un defensor del terrorismo de Estado como director de una escuela porte\u00f1a"},"content":{"rendered":"\n<figure class=\"wp-block-image size-full\"><a href=\"https:\/\/www.elsindical.com.ar\/notas\/var\/www\/html\/notas\/wp-content\/uploads\/2021\/08\/repudio-padres-al-director-Gustavo-Albonico.jpg\"><img loading=\"lazy\" decoding=\"async\" width=\"1004\" height=\"565\" src=\"https:\/\/www.elsindical.com.ar\/notas\/var\/www\/html\/notas\/wp-content\/uploads\/2021\/08\/repudio-padres-al-director-Gustavo-Albonico.jpg\" alt=\"\" class=\"wp-image-107356\" srcset=\"https:\/\/www.elsindical.com.ar\/notas\/var\/www\/html\/notas\/wp-content\/uploads\/2021\/08\/repudio-padres-al-director-Gustavo-Albonico.jpg 1004w, https:\/\/www.elsindical.com.ar\/notas\/var\/www\/html\/notas\/wp-content\/uploads\/2021\/08\/repudio-padres-al-director-Gustavo-Albonico-300x169.jpg 300w, https:\/\/www.elsindical.com.ar\/notas\/var\/www\/html\/notas\/wp-content\/uploads\/2021\/08\/repudio-padres-al-director-Gustavo-Albonico-768x432.jpg 768w, https:\/\/www.elsindical.com.ar\/notas\/var\/www\/html\/notas\/wp-content\/uploads\/2021\/08\/repudio-padres-al-director-Gustavo-Albonico-500x281.jpg 500w, https:\/\/www.elsindical.com.ar\/notas\/var\/www\/html\/notas\/wp-content\/uploads\/2021\/08\/repudio-padres-al-director-Gustavo-Albonico-460x260.jpg 460w\" sizes=\"auto, (max-width: 1004px) 100vw, 1004px\" \/><\/a><\/figure>\n\n\n\n<p>A trav\u00e9s de sus redes sociales, Gustavo Alb\u00f3nico hizo gala de su violencia de g\u00e9nero y su misoginia: reivindic\u00f3 el gatillo f\u00e1cil, a la dictadura y pidi\u00f3 el cierre del Inadi y del Ministerio de la Mujer. Pese a ello, el Ministerio de Educaci\u00f3n porte\u00f1o lo nombr\u00f3 director de una escuela en Santander al 1100.Padres, docentes y alumnos en la protesta por la designaci\u00f3n de Alb\u00f3nico como director. <\/p>\n\n\n\n<p>La comunidad educativa de una escuela de Parque Chacabuco realiz\u00f3 este mi\u00e9rcoles una protesta en rechazo a la designaci\u00f3n como director del establecimiento del docente Gustavo Alb\u00f3nico, quien fue denunciado por <strong>\u00abapolog\u00eda del terrorismo de Estado y de los cr\u00edmenes de lesa humanidad de la dictadura\u00bb<\/strong> en las redes sociales, y pidi\u00f3 su separaci\u00f3n del cargo al Ministerio de Educaci\u00f3n porte\u00f1o.<br><br>\u00abNo queremos que est\u00e9 al frente de esta escuela ni de ninguna escuela de la Ciudad de Buenos Aires, y pedimos al Ministerio de Educaci\u00f3n que tome las medidas que tiene que tomar\u00bb, dijo a T\u00e9lam Mariana Bermejo, presidenta de la Cooperadora de la <strong>Escuela 2, del Distrito Escolar 8, \u00abTom\u00e1s Santa Coloma\u00bb, situada en Santander 1150.<\/strong><\/p>\n\n\n\n<p>La movilizaci\u00f3n reuni\u00f3 a los integrantes de la comunidad educativa, entre los que se hicieron presentes trabajadores docentes y no docentes del establecimiento, alumnos y ex alumnos, y padres y madres de los estudiantes.<br><br>Seg\u00fan indicaron a T\u00e9lam los organizadores, la intenci\u00f3n fue \u00abvisibilizar la situaci\u00f3n y manifestar la preocupaci\u00f3n\u00bb frente al nombramiento de <strong>Alb\u00f3nico, quien permaneci\u00f3 dentro de la escuela mientras se desarrollaba la protesta.<\/strong><\/p>\n\n\n\n<p>El docente, que se desempe\u00f1a en el \u00e1rea de la educaci\u00f3n p\u00fablica desde hace m\u00e1s de 15 a\u00f1os, accedi\u00f3 el lunes, a trav\u00e9s de un concurso, al cargo de director de la escuela primaria, el que qued\u00f3 vacante tras la jubilaci\u00f3n en 2020 de su directora y la renuncia de la maestra que la reemplaz\u00f3 durante la primera parte de este a\u00f1o.<\/p>\n\n\n\n<p><strong>Alb\u00f3nico, seg\u00fan constat\u00f3 el diario P\u00e1gina\/12, realiz\u00f3 posteos en sus redes sociales en las cuales hizo apolog\u00eda de los cr\u00edmenes de lesa humanidad de la dictadura, expres\u00f3 su ideolog\u00eda violenta y machista, y reclam\u00f3 el cierre del Inadi y el Ministerio de Mujeres.<\/strong><br><br>En una de las publicaciones, retuite\u00f3 un posteo que mostraba el mensaje #AbranLasEscuelas acompa\u00f1ado por la imagen de la ex Escuela de Mec\u00e1nica de la Armada, uno de los centros clandestinos de tortura de la \u00faltima dictadura c\u00edvico-militar.<\/p>\n\n\n\n<p>Por su parte, <strong>la Regional de la Ciudad de Buenos Aires de la Asamblea Permanente por los Derechos Humanos (APDH) expres\u00f3 su \u00aben\u00e9rgico repudio\u00bb al nombramiento del docente<\/strong> y pidi\u00f3 por su separaci\u00f3n preventiva del cargo.<br><br>\u00abInstamos al Gobierno de la Ciudad, a trav\u00e9s de su Ministerio de Educaci\u00f3n, a revisar el nombramiento del citado docente procediendo a la inmediata investigaci\u00f3n sumaria de sus acciones, y apart\u00e1ndolo preventivamente del cargo para el que fuera designado\u00bb, indicaron.<\/p>\n\n\n\n<p>En un comunicado, la APDH se\u00f1al\u00f3 que \u00abel cuestionado docente se ha manifestado p\u00fablicamente en redes sociales con expresiones mis\u00f3ginas, otras de odio expl\u00edcito y otras que pretenden reivindicar la acci\u00f3n genocida de la dictadura\u00bb.<br><br><strong>\u00abEl cargo de director de escuela implica una responsabilidad social totalmente consustanciada con la defensa irrestricta de los derechos humanos\u00bb<\/strong>, concluy\u00f3.<\/p>\n\n\n\n<p>La legisladora del Frente de Izquierda Unidad Mercedes de Mendieta present\u00f3 un proyecto de \u00abrechazo total a la designaci\u00f3n como director de Alb\u00f3nico por expresarse de manera sistem\u00e1tica a favor de la \u00faltima dictadura militar; adem\u00e1s de manifestar con un lenguaje expl\u00edcitamente violento, machista y discriminador\u00bb.<br><br><strong>\u00abEl se\u00f1or Alb\u00f3nico representa con sus palabras una verdadera falta de respeto a las v\u00edctimas<\/strong> de uno de los tiempos m\u00e1s oscuros de nuestra historia\u00bb, consider\u00f3 la diputada en su iniciativa.<br><br><br>El docente aludido ejerci\u00f3 cargos al frente de grados del nivel primario en distintas escuelas porte\u00f1as y <strong>en mayo pasado fue nombrado como director de un establecimiento de Saavedra, no obstante su designaci\u00f3n no prosper\u00f3 ante el reclamo de la comunidad educativa de la zona.<\/strong><\/p>\n\n\n\n<figure class=\"wp-block-gallery columns-1 is-cropped wp-block-gallery-1 is-layout-flex wp-block-gallery-is-layout-flex\"><ul class=\"blocks-gallery-grid\"><li class=\"blocks-gallery-item\"><figure><a href=\"https:\/\/www.elsindical.com.ar\/notas\/var\/www\/html\/notas\/wp-content\/uploads\/2021\/08\/Gustavo-Albonico-rechazo.jpg\"><img loading=\"lazy\" decoding=\"async\" width=\"940\" height=\"788\" src=\"https:\/\/www.elsindical.com.ar\/notas\/var\/www\/html\/notas\/wp-content\/uploads\/2021\/08\/Gustavo-Albonico-rechazo.jpg\" alt=\"\" data-id=\"107357\" data-full-url=\"https:\/\/www.elsindical.com.ar\/notas\/var\/www\/html\/notas\/wp-content\/uploads\/2021\/08\/Gustavo-Albonico-rechazo.jpg\" data-link=\"https:\/\/www.elsindical.com.ar\/notas\/?attachment_id=107357#main\" class=\"wp-image-107357\" srcset=\"https:\/\/www.elsindical.com.ar\/notas\/var\/www\/html\/notas\/wp-content\/uploads\/2021\/08\/Gustavo-Albonico-rechazo.jpg 940w, https:\/\/www.elsindical.com.ar\/notas\/var\/www\/html\/notas\/wp-content\/uploads\/2021\/08\/Gustavo-Albonico-rechazo-300x251.jpg 300w, https:\/\/www.elsindical.com.ar\/notas\/var\/www\/html\/notas\/wp-content\/uploads\/2021\/08\/Gustavo-Albonico-rechazo-768x644.jpg 768w, https:\/\/www.elsindical.com.ar\/notas\/var\/www\/html\/notas\/wp-content\/uploads\/2021\/08\/Gustavo-Albonico-rechazo-358x300.jpg 358w\" sizes=\"auto, (max-width: 940px) 100vw, 940px\" \/><\/a><\/figure><\/li><li class=\"blocks-gallery-item\"><figure><a href=\"https:\/\/www.elsindical.com.ar\/notas\/var\/www\/html\/notas\/wp-content\/uploads\/2021\/08\/publicaciones-G-Albonico-1.png\"><img loading=\"lazy\" decoding=\"async\" width=\"1004\" height=\"947\" src=\"https:\/\/www.elsindical.com.ar\/notas\/var\/www\/html\/notas\/wp-content\/uploads\/2021\/08\/publicaciones-G-Albonico-1.png\" alt=\"\" data-id=\"107358\" data-full-url=\"https:\/\/www.elsindical.com.ar\/notas\/var\/www\/html\/notas\/wp-content\/uploads\/2021\/08\/publicaciones-G-Albonico-1.png\" data-link=\"https:\/\/www.elsindical.com.ar\/notas\/?attachment_id=107358#main\" class=\"wp-image-107358\" srcset=\"https:\/\/www.elsindical.com.ar\/notas\/var\/www\/html\/notas\/wp-content\/uploads\/2021\/08\/publicaciones-G-Albonico-1.png 1004w, https:\/\/www.elsindical.com.ar\/notas\/var\/www\/html\/notas\/wp-content\/uploads\/2021\/08\/publicaciones-G-Albonico-1-300x283.png 300w, https:\/\/www.elsindical.com.ar\/notas\/var\/www\/html\/notas\/wp-content\/uploads\/2021\/08\/publicaciones-G-Albonico-1-768x724.png 768w, https:\/\/www.elsindical.com.ar\/notas\/var\/www\/html\/notas\/wp-content\/uploads\/2021\/08\/publicaciones-G-Albonico-1-318x300.png 318w\" sizes=\"auto, (max-width: 1004px) 100vw, 1004px\" \/><\/a><\/figure><\/li><\/ul><\/figure>\n\n\n\n<p><br><\/p>\n","protected":false},"excerpt":{"rendered":"<p>A trav\u00e9s de sus redes sociales, Gustavo Alb\u00f3nico hizo gala de su violencia de g\u00e9nero y su misoginia: reivindic\u00f3 el gatillo f\u00e1cil, a la dictadura y pidi\u00f3 el cierre del Inadi y del Ministerio de la Mujer. Pese a ello, el Ministerio de Educaci\u00f3n porte\u00f1o lo nombr\u00f3 director de una escuela en Santander al 1100.Padres,&hellip;<\/p>\n","protected":false},"author":1,"featured_media":107356,"comment_status":"open","ping_status":"open","sticky":false,"template":"","format":"standard","meta":{"footnotes":""},"categories":[25],"tags":[2450,35426,35427,28640,2842,35425,777],"class_list":["post-107355","post","type-post","status-publish","format-standard","has-post-thumbnail","hentry","category-sociedad","tag-diario-el-sindical","tag-director-escuela","tag-gustavo-albonico","tag-publicaciones","tag-repudio","tag-terrorismo-de-estado","tag-ute"],"_links":{"self":[{"href":"https:\/\/www.elsindical.com.ar\/notas\/wp-json\/wp\/v2\/posts\/107355","targetHints":{"allow":["GET"]}}],"collection":[{"href":"https:\/\/www.elsindical.com.ar\/notas\/wp-json\/wp\/v2\/posts"}],"about":[{"href":"https:\/\/www.elsindical.com.ar\/notas\/wp-json\/wp\/v2\/types\/post"}],"author":[{"embeddable":true,"href":"https:\/\/www.elsindical.com.ar\/notas\/wp-json\/wp\/v2\/users\/1"}],"replies":[{"embeddable":true,"href":"https:\/\/www.elsindical.com.ar\/notas\/wp-json\/wp\/v2\/comments?post=107355"}],"version-history":[{"count":2,"href":"https:\/\/www.elsindical.com.ar\/notas\/wp-json\/wp\/v2\/posts\/107355\/revisions"}],"predecessor-version":[{"id":107360,"href":"https:\/\/www.elsindical.com.ar\/notas\/wp-json\/wp\/v2\/posts\/107355\/revisions\/107360"}],"wp:featuredmedia":[{"embeddable":true,"href":"https:\/\/www.elsindical.com.ar\/notas\/wp-json\/wp\/v2\/media\/107356"}],"wp:attachment":[{"href":"https:\/\/www.elsindical.com.ar\/notas\/wp-json\/wp\/v2\/media?parent=107355"}],"wp:term":[{"taxonomy":"category","embeddable":true,"href":"https:\/\/www.elsindical.com.ar\/notas\/wp-json\/wp\/v2\/categories?post=107355"},{"taxonomy":"post_tag","embeddable":true,"href":"https:\/\/www.elsindical.com.ar\/notas\/wp-json\/wp\/v2\/tags?post=107355"}],"curies":[{"name":"wp","href":"https:\/\/api.w.org\/{rel}","templated":true}]}}