{"id":107297,"date":"2021-08-26T09:07:18","date_gmt":"2021-08-26T12:07:18","guid":{"rendered":"https:\/\/www.elsindical.com.ar\/notas\/?p=107297"},"modified":"2021-08-26T09:07:19","modified_gmt":"2021-08-26T12:07:19","slug":"covid-19-hubo-161-fallecidos-y-6-994-contagios-en-las-ultimas-24-horas","status":"publish","type":"post","link":"https:\/\/www.elsindical.com.ar\/notas\/covid-19-hubo-161-fallecidos-y-6-994-contagios-en-las-ultimas-24-horas\/","title":{"rendered":"Covid-19: Hubo 161 fallecidos y 6.994 contagios en las \u00faltimas 24 horas"},"content":{"rendered":"\n<figure class=\"wp-block-image size-full\"><a href=\"https:\/\/www.elsindical.com.ar\/notas\/var\/www\/html\/notas\/wp-content\/uploads\/2021\/08\/Covid-Argentina-25-agost-21.jpg\"><img loading=\"lazy\" decoding=\"async\" width=\"850\" height=\"453\" src=\"https:\/\/www.elsindical.com.ar\/notas\/var\/www\/html\/notas\/wp-content\/uploads\/2021\/08\/Covid-Argentina-25-agost-21.jpg\" alt=\"\" class=\"wp-image-107298\" srcset=\"https:\/\/www.elsindical.com.ar\/notas\/var\/www\/html\/notas\/wp-content\/uploads\/2021\/08\/Covid-Argentina-25-agost-21.jpg 850w, https:\/\/www.elsindical.com.ar\/notas\/var\/www\/html\/notas\/wp-content\/uploads\/2021\/08\/Covid-Argentina-25-agost-21-300x160.jpg 300w, https:\/\/www.elsindical.com.ar\/notas\/var\/www\/html\/notas\/wp-content\/uploads\/2021\/08\/Covid-Argentina-25-agost-21-768x409.jpg 768w, https:\/\/www.elsindical.com.ar\/notas\/var\/www\/html\/notas\/wp-content\/uploads\/2021\/08\/Covid-Argentina-25-agost-21-500x266.jpg 500w\" sizes=\"auto, (max-width: 850px) 100vw, 850px\" \/><\/a><\/figure>\n\n\n\n<p class=\"wp-block-paragraph\">Lo inform\u00f3 el Ministerio de Salud. La ocupaci\u00f3n de camas de terapia intensiva en el AMBA es del 47,4%.<\/p>\n\n\n\n<p class=\"wp-block-paragraph\">El Ministerio de Salud report\u00f3 este mi\u00e9rcoles 161 decesos y 6.994 casos positivos de coronavirus y, con estos datos, suman 110.966 los fallecidos y 5.155.079 los contagiados desde el inicio de la pandemia.<\/p>\n\n\n\n<p class=\"wp-block-paragraph\">La cartera sanitaria tambi\u00e9n precis\u00f3 que son 3.087 los internados en unidades de terapia intensiva, con un porcentaje de ocupaci\u00f3n de camas de adultos de 47 por ciento en el pa\u00eds y del 47,4 por ciento en el \u00c1rea Metropolitana Buenos Aires (AMBA).<\/p>\n\n\n\n<h5 class=\"wp-block-heading\">Fallecidos<\/h5>\n\n\n\n<p class=\"wp-block-paragraph\">El reporte consign\u00f3 que fallecieron 94 hombres y 67 mujeres.<\/p>\n\n\n\n<p class=\"wp-block-paragraph\">El parte precis\u00f3 que de los hombres fallecidos corresponden 6 a la provincia de Buenos Aires, 1 a la Ciudad de Buenos Aires, 1 a Chaco, 3 a Chubut, 3 a Corrientes, 25 a C\u00f3rdoba, 2 a Entre R\u00edos, 3 a Formosa, 2 a La Pampa, 12 a Mendoza, 2 a Misiones, 13 a Salta, 1 a San Juan, 10 a Santa Fe y 10 a Tucum\u00e1n.<\/p>\n\n\n\n<p class=\"wp-block-paragraph\">Tambi\u00e9n fallecieron 4 mujeres en la provincia de Buenos Aires, 4 en la Ciudad de Buenos Aires, 1 en Chaco, 4 en Chubut, 1 en Corrientes, 10 en C\u00f3rdoba, 3 Entre R\u00edos, 2 en Formosa, 1 en Jujuy, 4 en La Pampa, 5 en Mendoza, 3 en Misiones, 9 en Salta, 2 en San Luis, 9 en Santa Fe, 1 en Santiago del Estero y 4 en Tucum\u00e1n.<\/p>\n\n\n\n<h5 class=\"wp-block-heading\">Nuevos casos<\/h5>\n\n\n\n<p class=\"wp-block-paragraph\">Este mi\u00e9rcoles se registraron en la provincia de Buenos Aires 1.929 casos, en la Ciudad de Buenos Aires 419, en Catamarca 233, en Chaco 189, en Chubut 211, en Corrientes 10, en C\u00f3rdoba 984, en Entre R\u00edos 194, en Formosa 122, en Jujuy 113, en La Pampa 103, en La Rioja 73, en Mendoza 240, en Misiones 191, en Neuqu\u00e9n 139, en R\u00edo Negro 162, en Salta 171, en San Juan 80, en San Luis 70, en Santa Cruz 46, en Santa Fe 394, en Santiago del Estero 184, en Tierra del Fuego 40 y en Tucum\u00e1n 698.<\/p>\n\n\n\n<p class=\"wp-block-paragraph\">De esta forma la provincia de Buenos Aires suma 2.030.089 casos, la Ciudad de Buenos Aires 505.339, Catamarca 47.417, Chaco 98.299, Chubut 80.573, Corrientes 88.676, C\u00f3rdoba 503.118, Entre R\u00edos 133.862, Formosa 60.379, Jujuy 46.599, La Pampa 66.205, La Rioja 32.050, Mendoza 161.312, Misiones 34.979, Neuqu\u00e9n 111.677, R\u00edo Negro 97.806, Salta 81.279, San Juan 66.774, San Luis 79.297, Santa Cruz 59.039, Santa Fe 464.192, Santiago del Estero 79.123, Tierra del Fuego 32.037 y Tucum\u00e1n 194.958.<\/p>\n","protected":false},"excerpt":{"rendered":"<p>Lo inform\u00f3 el Ministerio de Salud. La ocupaci\u00f3n de camas de terapia intensiva en el AMBA es del 47,4%. El Ministerio de Salud report\u00f3 este mi\u00e9rcoles 161 decesos y 6.994 casos positivos de coronavirus y, con estos datos, suman 110.966 los fallecidos y 5.155.079 los contagiados desde el inicio de la pandemia. La cartera sanitaria&hellip;<\/p>\n","protected":false},"author":1,"featured_media":107298,"comment_status":"open","ping_status":"open","sticky":false,"template":"","format":"standard","meta":{"footnotes":""},"categories":[23],"tags":[3468,4284,19938,33980,2450,134,22031],"class_list":["post-107297","post","type-post","status-publish","format-standard","has-post-thumbnail","hentry","category-salud","tag-amba","tag-caba","tag-contagios","tag-covid","tag-diario-el-sindical","tag-muertes","tag-salud"],"_links":{"self":[{"href":"https:\/\/www.elsindical.com.ar\/notas\/wp-json\/wp\/v2\/posts\/107297","targetHints":{"allow":["GET"]}}],"collection":[{"href":"https:\/\/www.elsindical.com.ar\/notas\/wp-json\/wp\/v2\/posts"}],"about":[{"href":"https:\/\/www.elsindical.com.ar\/notas\/wp-json\/wp\/v2\/types\/post"}],"author":[{"embeddable":true,"href":"https:\/\/www.elsindical.com.ar\/notas\/wp-json\/wp\/v2\/users\/1"}],"replies":[{"embeddable":true,"href":"https:\/\/www.elsindical.com.ar\/notas\/wp-json\/wp\/v2\/comments?post=107297"}],"version-history":[{"count":1,"href":"https:\/\/www.elsindical.com.ar\/notas\/wp-json\/wp\/v2\/posts\/107297\/revisions"}],"predecessor-version":[{"id":107299,"href":"https:\/\/www.elsindical.com.ar\/notas\/wp-json\/wp\/v2\/posts\/107297\/revisions\/107299"}],"wp:featuredmedia":[{"embeddable":true,"href":"https:\/\/www.elsindical.com.ar\/notas\/wp-json\/wp\/v2\/media\/107298"}],"wp:attachment":[{"href":"https:\/\/www.elsindical.com.ar\/notas\/wp-json\/wp\/v2\/media?parent=107297"}],"wp:term":[{"taxonomy":"category","embeddable":true,"href":"https:\/\/www.elsindical.com.ar\/notas\/wp-json\/wp\/v2\/categories?post=107297"},{"taxonomy":"post_tag","embeddable":true,"href":"https:\/\/www.elsindical.com.ar\/notas\/wp-json\/wp\/v2\/tags?post=107297"}],"curies":[{"name":"wp","href":"https:\/\/api.w.org\/{rel}","templated":true}]}}