{"id":10726,"date":"2010-11-11T01:40:54","date_gmt":"2010-11-11T04:40:54","guid":{"rendered":"http:\/\/www.elsindical.com.ar\/notas\/?p=10726"},"modified":"2010-11-11T01:40:54","modified_gmt":"2010-11-11T04:40:54","slug":"carta-de-los-trabajadores-al-director-de-pagina12","status":"publish","type":"post","link":"https:\/\/www.elsindical.com.ar\/notas\/carta-de-los-trabajadores-al-director-de-pagina12\/","title":{"rendered":"Carta de los trabajadores al director de P\u00e1gina\/12"},"content":{"rendered":"<p style=\"text-align: justify;\"><a href=\"http:\/\/www.elsindical.com.ar\/notas\/var\/www\/html\/notas\/wp-content\/uploads\/2010\/11\/Ernesto-Tiffenberg.jpg\"><img loading=\"lazy\" decoding=\"async\" class=\"alignleft size-full wp-image-10727\" title=\"Ernesto-Tiffenberg\" src=\"http:\/\/www.elsindical.com.ar\/notas\/var\/www\/html\/notas\/wp-content\/uploads\/2010\/11\/Ernesto-Tiffenberg.jpg\" alt=\"\" width=\"188\" height=\"281\" \/><\/a>Estimado Ernesto Tiffenberg:\u00a0<\/p>\n<p style=\"text-align: justify;\">Los trabajadores de P\u00e1gina\/12 hemos resuelto en asamblea apelar a este medio luego de meses de infructuosas gestiones de nuestra Comisi\u00f3n Interna ante gerentes de la empresa para lograr que se instale y garantice el servicio de internet en toda la redacci\u00f3n y en las secciones del diario que lo requieran.\u00a0<\/p>\n<p style=\"text-align: justify;\">Aunque es evidente para quienes recorren cada d\u00eda nuestro espacio de trabajo, creemos conveniente recordar que desde la red de computadoras existente, con procesadores de texto de la d\u00e9cada del \u201980, es imposible acceder a la web e incluso al archivo del propio diario. Los editores, redactores y correctores, responsables de corroborar la informaci\u00f3n que se publica, estamos obligados a compartir una PC cada diez personas.\u00a0<\/p>\n<p style=\"text-align: justify;\">Como tambi\u00e9n es evidente, la carencia de esa herramienta de trabajo elemental ha derivado en que redactores, editores e incluso pasantes que cobran 1400 pesos por mes concurramos con nuestras propias computadoras, con lo cual la empresa se desentiende de la inversi\u00f3n y tambi\u00e9n de los riesgos, pagados de nuestro bolsillo cada vez que las m\u00e1quinas se rompen.\u00a0<\/p>\n<p style=\"text-align: justify;\">Tambi\u00e9n es un dato de la realidad, tal vez menos visible, que algunos escribimos desde nuestros hogares, fuera del horario de trabajo, para evitar la p\u00e9rdida de tiempo que implica esperar turno en el pu\u00f1ado de m\u00e1quinas de uso colectivo.\u00a0<\/p>\n<p style=\"text-align: justify;\">Tener que explicar en 2010 la importancia y los usos de la web, el correo electr\u00f3nico o las redes sociales para el trabajo de una redacci\u00f3n es tan obvio que, pensamos honestamente, carece de sentido. La propia empresa admite la relevancia -a su manera- al instalar enchufes para facilitar las conexiones.\u00a0<\/p>\n<p style=\"text-align: justify;\">Tambi\u00e9n son un buen par\u00e1metro las fechas en las que otros diarios han completado la instalaci\u00f3n de internet: Perfil en 1998, La Naci\u00f3n en 1998\/99, Clar\u00edn en 1999\/2001, y \u00c1mbito Financiero en 2001\/2003, es decir hace siete a\u00f1os en el peor de los casos. En los nuevos diarios, como Tiempo Argentino o Miradas al Sur, todos los puestos de trabajo tienen internet.\u00a0<\/p>\n<p style=\"text-align: justify;\">Se trata de una inversi\u00f3n m\u00ednima para adquirir una herramienta de trabajo imprescindible y que sin duda redundar\u00e1 en mejorar la calidad del diario.\u00a0<\/p>\n<p style=\"text-align: justify;\">Saludamos al director atentamente, con la sincera esperanza de que tome cartas en el asunto.\u00a0<\/p>\n<p style=\"text-align: justify;\"><strong>* La carta se entreg\u00f3 al director el 21.10.10. Se difunde dos semanas despu\u00e9s, sin haber recibido ninguna respuesta.<\/strong><\/p>\n","protected":false},"excerpt":{"rendered":"<p>Estimado Ernesto Tiffenberg:\u00a0 Los trabajadores de P\u00e1gina\/12 hemos resuelto en asamblea apelar a este medio luego de meses de infructuosas gestiones de nuestra Comisi\u00f3n Interna ante gerentes de la empresa para lograr que se instale y garantice el servicio de internet en toda la redacci\u00f3n y en las secciones del diario que lo requieran.\u00a0 Aunque&hellip;<\/p>\n","protected":false},"author":1,"featured_media":0,"comment_status":"open","ping_status":"open","sticky":false,"template":"","format":"standard","meta":{"footnotes":""},"categories":[16],"tags":[51,1602,5096,814,5095,125],"class_list":["post-10726","post","type-post","status-publish","format-standard","hentry","category-gremiales","tag-diario","tag-director","tag-ernesto-tiffenberg","tag-internet","tag-pagina12","tag-trabajadores"],"_links":{"self":[{"href":"https:\/\/www.elsindical.com.ar\/notas\/wp-json\/wp\/v2\/posts\/10726","targetHints":{"allow":["GET"]}}],"collection":[{"href":"https:\/\/www.elsindical.com.ar\/notas\/wp-json\/wp\/v2\/posts"}],"about":[{"href":"https:\/\/www.elsindical.com.ar\/notas\/wp-json\/wp\/v2\/types\/post"}],"author":[{"embeddable":true,"href":"https:\/\/www.elsindical.com.ar\/notas\/wp-json\/wp\/v2\/users\/1"}],"replies":[{"embeddable":true,"href":"https:\/\/www.elsindical.com.ar\/notas\/wp-json\/wp\/v2\/comments?post=10726"}],"version-history":[{"count":1,"href":"https:\/\/www.elsindical.com.ar\/notas\/wp-json\/wp\/v2\/posts\/10726\/revisions"}],"predecessor-version":[{"id":10728,"href":"https:\/\/www.elsindical.com.ar\/notas\/wp-json\/wp\/v2\/posts\/10726\/revisions\/10728"}],"wp:attachment":[{"href":"https:\/\/www.elsindical.com.ar\/notas\/wp-json\/wp\/v2\/media?parent=10726"}],"wp:term":[{"taxonomy":"category","embeddable":true,"href":"https:\/\/www.elsindical.com.ar\/notas\/wp-json\/wp\/v2\/categories?post=10726"},{"taxonomy":"post_tag","embeddable":true,"href":"https:\/\/www.elsindical.com.ar\/notas\/wp-json\/wp\/v2\/tags?post=10726"}],"curies":[{"name":"wp","href":"https:\/\/api.w.org\/{rel}","templated":true}]}}