{"id":107256,"date":"2021-08-24T14:18:39","date_gmt":"2021-08-24T17:18:39","guid":{"rendered":"https:\/\/www.elsindical.com.ar\/notas\/?p=107256"},"modified":"2021-08-24T14:18:40","modified_gmt":"2021-08-24T17:18:40","slug":"fallecio-charlie-watts-baterista-de-los-rolling-stones","status":"publish","type":"post","link":"https:\/\/www.elsindical.com.ar\/notas\/fallecio-charlie-watts-baterista-de-los-rolling-stones\/","title":{"rendered":"Falleci\u00f3 Charlie Watts, baterista de los Rolling Stones"},"content":{"rendered":"\n<figure class=\"wp-block-image size-full\"><a href=\"https:\/\/www.elsindical.com.ar\/notas\/var\/www\/html\/notas\/wp-content\/uploads\/2021\/08\/Charlie-Watts-baterista.jpg\"><img loading=\"lazy\" decoding=\"async\" width=\"960\" height=\"640\" src=\"https:\/\/www.elsindical.com.ar\/notas\/var\/www\/html\/notas\/wp-content\/uploads\/2021\/08\/Charlie-Watts-baterista.jpg\" alt=\"\" class=\"wp-image-107257\" srcset=\"https:\/\/www.elsindical.com.ar\/notas\/var\/www\/html\/notas\/wp-content\/uploads\/2021\/08\/Charlie-Watts-baterista.jpg 960w, https:\/\/www.elsindical.com.ar\/notas\/var\/www\/html\/notas\/wp-content\/uploads\/2021\/08\/Charlie-Watts-baterista-300x200.jpg 300w, https:\/\/www.elsindical.com.ar\/notas\/var\/www\/html\/notas\/wp-content\/uploads\/2021\/08\/Charlie-Watts-baterista-768x512.jpg 768w, https:\/\/www.elsindical.com.ar\/notas\/var\/www\/html\/notas\/wp-content\/uploads\/2021\/08\/Charlie-Watts-baterista-450x300.jpg 450w\" sizes=\"auto, (max-width: 960px) 100vw, 960px\" \/><\/a><\/figure>\n\n\n\n<p>Muri\u00f3 Charlie Watts, el hist\u00f3rico baterista de los Rolling Stones a los 80 a\u00f1os.<\/p>\n\n\n\n<p>El m\u00edtico m\u00fasico estaba internado en un hospital de Londres. La informaci\u00f3n la confirm\u00f3 su publicista Bernard Doherty, a trav\u00e9s de un comunicado: \u201cEs con inmensa tristeza que anunciamos la muerte de nuestro querido Charlie Watts. <\/p>\n\n\n\n<p>Ha fallecido en paz en un hospital de Londres hoy mismo rodeado de su familia. Watts era un amado marido, padre y abuelo y tambi\u00e9n, como miembro de The Rolling Stones, uno de los mejores bateristas de su generaci\u00f3n. <\/p>\n\n\n\n<p>Pedimos que se respete la intimidad de su familia, de los miembros de la banda y de sus amigos m\u00e1s cercanos en este dif\u00edcil momento\u201d.<\/p>\n","protected":false},"excerpt":{"rendered":"<p>Muri\u00f3 Charlie Watts, el hist\u00f3rico baterista de los Rolling Stones a los 80 a\u00f1os. El m\u00edtico m\u00fasico estaba internado en un hospital de Londres. La informaci\u00f3n la confirm\u00f3 su publicista Bernard Doherty, a trav\u00e9s de un comunicado: \u201cEs con inmensa tristeza que anunciamos la muerte de nuestro querido Charlie Watts. Ha fallecido en paz en&hellip;<\/p>\n","protected":false},"author":1,"featured_media":107257,"comment_status":"open","ping_status":"open","sticky":false,"template":"","format":"standard","meta":{"footnotes":""},"categories":[15],"tags":[1817,35390,2450,149,1974,1986,18613],"class_list":["post-107256","post","type-post","status-publish","format-standard","has-post-thumbnail","hentry","category-espectaculos","tag-baterista","tag-charlie-watts","tag-diario-el-sindical","tag-hospital","tag-londres","tag-musico","tag-the-rolling-stones"],"_links":{"self":[{"href":"https:\/\/www.elsindical.com.ar\/notas\/wp-json\/wp\/v2\/posts\/107256","targetHints":{"allow":["GET"]}}],"collection":[{"href":"https:\/\/www.elsindical.com.ar\/notas\/wp-json\/wp\/v2\/posts"}],"about":[{"href":"https:\/\/www.elsindical.com.ar\/notas\/wp-json\/wp\/v2\/types\/post"}],"author":[{"embeddable":true,"href":"https:\/\/www.elsindical.com.ar\/notas\/wp-json\/wp\/v2\/users\/1"}],"replies":[{"embeddable":true,"href":"https:\/\/www.elsindical.com.ar\/notas\/wp-json\/wp\/v2\/comments?post=107256"}],"version-history":[{"count":1,"href":"https:\/\/www.elsindical.com.ar\/notas\/wp-json\/wp\/v2\/posts\/107256\/revisions"}],"predecessor-version":[{"id":107258,"href":"https:\/\/www.elsindical.com.ar\/notas\/wp-json\/wp\/v2\/posts\/107256\/revisions\/107258"}],"wp:featuredmedia":[{"embeddable":true,"href":"https:\/\/www.elsindical.com.ar\/notas\/wp-json\/wp\/v2\/media\/107257"}],"wp:attachment":[{"href":"https:\/\/www.elsindical.com.ar\/notas\/wp-json\/wp\/v2\/media?parent=107256"}],"wp:term":[{"taxonomy":"category","embeddable":true,"href":"https:\/\/www.elsindical.com.ar\/notas\/wp-json\/wp\/v2\/categories?post=107256"},{"taxonomy":"post_tag","embeddable":true,"href":"https:\/\/www.elsindical.com.ar\/notas\/wp-json\/wp\/v2\/tags?post=107256"}],"curies":[{"name":"wp","href":"https:\/\/api.w.org\/{rel}","templated":true}]}}