{"id":107242,"date":"2021-08-24T10:21:16","date_gmt":"2021-08-24T13:21:16","guid":{"rendered":"https:\/\/www.elsindical.com.ar\/notas\/?p=107242"},"modified":"2021-08-24T10:21:18","modified_gmt":"2021-08-24T13:21:18","slug":"mensaje-para-el-congreso-interuniversitario-laudato-si","status":"publish","type":"post","link":"https:\/\/www.elsindical.com.ar\/notas\/mensaje-para-el-congreso-interuniversitario-laudato-si\/","title":{"rendered":"Mensaje para el Congreso Interuniversitario Laudato Si\u00b4"},"content":{"rendered":"\n<div class=\"wp-block-image\"><figure class=\"aligncenter size-full is-resized\"><a href=\"https:\/\/www.youtube.com\/watch?v=uRUmEXoEyoM\"><img loading=\"lazy\" decoding=\"async\" src=\"https:\/\/www.elsindical.com.ar\/notas\/var\/www\/html\/notas\/wp-content\/uploads\/2021\/08\/papa-francisco.-saludo.jpg\" alt=\"\" class=\"wp-image-107243\" width=\"412\" height=\"231\"\/><\/a><\/figure><\/div>\n\n\n\n<p>El Papa Francisco env\u00eda un mensaje a los organizadores y a quienes participaran del Congreso Interuniversitario Laudato Si&#8217; que se va a realizar del 1\u00b0 al 4 de septiembre.<\/p>\n\n\n\n<p>El Santo Padre comparti\u00f3:<\/p>\n\n\n\n<p><em>\u00abDeseo que este esfuerzo haga progresar la conciencia social y la conciencia por el cuidado de la casa com\u00fan. La Enc\u00edclica Laudato si&#8217; no es s\u00f3lo una Enc\u00edclica \u00abverde\u00bb es una Enc\u00edclica \u00absocial\u00bb.<\/em><\/p>\n\n\n\n<p><em>Espero que este Congreso ayude a ver toda su amplitud y todas sus consecuencias.<\/em><\/p>\n\n\n\n<p><em>Les deseo lo mejor, que Dios los bendiga y no se olviden de rezar por m\u00ed.<\/em><\/p>\n\n\n\n<p><em>Gracias\u00bb.<\/em><\/p>\n\n\n\n<figure class=\"wp-block-image size-large\"><a href=\"https:\/\/www.elsindical.com.ar\/notas\/var\/www\/html\/notas\/wp-content\/uploads\/2021\/08\/banner-Laudato-Si-1.jpeg\"><img loading=\"lazy\" decoding=\"async\" width=\"1024\" height=\"666\" src=\"https:\/\/www.elsindical.com.ar\/notas\/var\/www\/html\/notas\/wp-content\/uploads\/2021\/08\/banner-Laudato-Si-1-1024x666.jpeg\" alt=\"\" class=\"wp-image-107244\" srcset=\"https:\/\/www.elsindical.com.ar\/notas\/var\/www\/html\/notas\/wp-content\/uploads\/2021\/08\/banner-Laudato-Si-1-1024x666.jpeg 1024w, https:\/\/www.elsindical.com.ar\/notas\/var\/www\/html\/notas\/wp-content\/uploads\/2021\/08\/banner-Laudato-Si-1-300x195.jpeg 300w, https:\/\/www.elsindical.com.ar\/notas\/var\/www\/html\/notas\/wp-content\/uploads\/2021\/08\/banner-Laudato-Si-1-768x500.jpeg 768w, https:\/\/www.elsindical.com.ar\/notas\/var\/www\/html\/notas\/wp-content\/uploads\/2021\/08\/banner-Laudato-Si-1-461x300.jpeg 461w, https:\/\/www.elsindical.com.ar\/notas\/var\/www\/html\/notas\/wp-content\/uploads\/2021\/08\/banner-Laudato-Si-1.jpeg 1280w\" sizes=\"auto, (max-width: 1024px) 100vw, 1024px\" \/><\/a><\/figure>\n\n\n\n<p>Al cumplirse seis a\u00f1os de la enc\u00edclica Laudato Si\u00b4 del Papa Francisco, el <strong>Consejo Interuniversitario Nacional (CIN)<\/strong>, el Consejo de Rectores de Universidades Privadas (CRUP) y la Conferencia Episcopal Argentina (CEA) convocan a un encuentro internacional del 1 al 4 de septiembre de 2021.<\/p>\n\n\n\n<p>El Consejo Interuniversitario Nacional (CIN), el Consejo de Rectores de Universidades Privadas (CRUP) y la Conferencia Episcopal Argentina (CEA) organizan el Congreso Interuniversitario Laudato S\u00ed\u00b4 \u00abEl cuidado de la casa com\u00fan\u00bb a realizarse del 1 al 4 de septiembre de 2021 con sede en distintos puntos del pa\u00eds y de la regi\u00f3n.<\/p>\n\n\n\n<p>Las conferencias, conversatorios y diversas actividades acad\u00e9micas propiciar\u00e1n el di\u00e1logo sobre algunos de los principales ejes de la carta enc\u00edclica papal, como dignidad personal, fraternidad y di\u00e1logo intercultural, medioambiente, desarrollo integral de las personas y visi\u00f3n, perspectiva, di\u00e1logos y encuentros interdisciplinarios.<\/p>\n\n\n\n<p>Con un sentido trascendente, personalidades expertas nacionales e internacionales compartir\u00e1n su lectura de los hechos a la b\u00fasqueda de una nueva agenda que atienda la complejidad multidimensional de estos fen\u00f3menos y permita cooperar en el esfuerzo de su interpretaci\u00f3n y en la contextualizaci\u00f3n interdisciplinaria, adem\u00e1s de posibilitar debatir acerca de las acciones en un futuro pr\u00f3ximo.<\/p>\n\n\n\n<p>Concebido como un encuentro federal que entrama instancias nacionales con acciones locales realizadas por las comunidades universitarias en distintos lugares del pa\u00eds, el Congreso Laudato Si\u00b4 estar\u00e1 accesible en modalidad virtual para facilitar el acceso en todo el territorio nacional.<\/p>\n\n\n\n<p><strong>Ejes tem\u00e1ticos<\/strong><\/p>\n\n\n\n<p>. Dignidad personal, fraternidad y di\u00e1logo intercultural (convivir en la casa com\u00fan).<br>. Medioambiente (cuidar la casa com\u00fan).<br>. Desarrollo integral de las personas (trabajar en la casa com\u00fan).<br>. Visi\u00f3n\/Perspectiva\/Di\u00e1logos\/Encuentros interdisciplinarios (aprender en la casa com\u00fan).<\/p>\n\n\n\n<p><strong>Modalidades de participaci\u00f3n<\/strong><\/p>\n\n\n\n<p>Las exposiciones ser\u00e1n seleccionadas y coordinadas por un Comit\u00e9 Acad\u00e9mico desde una perspectiva nacional e internacional.<br>Las y los asistentes deber\u00e1n registrarse desde un formulario con el fin indicar su inter\u00e9s en el congreso y para poder acceder a las novedades de la organizaci\u00f3n y al programa definitivo (en breve estar\u00e1 disponible en el <a href=\"https:\/\/laudatosi.edu.ar\/\" target=\"_blank\" rel=\"noreferrer noopener\">sitio del congreso<\/a>).<\/p>\n","protected":false},"excerpt":{"rendered":"<p>El Papa Francisco env\u00eda un mensaje a los organizadores y a quienes participaran del Congreso Interuniversitario Laudato Si&#8217; que se va a realizar del 1\u00b0 al 4 de septiembre. El Santo Padre comparti\u00f3: \u00abDeseo que este esfuerzo haga progresar la conciencia social y la conciencia por el cuidado de la casa com\u00fan. La Enc\u00edclica Laudato&hellip;<\/p>\n","protected":false},"author":1,"featured_media":107243,"comment_status":"open","ping_status":"open","sticky":false,"template":"","format":"standard","meta":{"footnotes":""},"categories":[25],"tags":[6060,2721,35381,35382,2450,15984],"class_list":["post-107242","post","type-post","status-publish","format-standard","has-post-thumbnail","hentry","category-sociedad","tag-cea","tag-cin","tag-congreso-interuniversitario-laudato-si","tag-crup","tag-diario-el-sindical","tag-papa-francisco"],"_links":{"self":[{"href":"https:\/\/www.elsindical.com.ar\/notas\/wp-json\/wp\/v2\/posts\/107242","targetHints":{"allow":["GET"]}}],"collection":[{"href":"https:\/\/www.elsindical.com.ar\/notas\/wp-json\/wp\/v2\/posts"}],"about":[{"href":"https:\/\/www.elsindical.com.ar\/notas\/wp-json\/wp\/v2\/types\/post"}],"author":[{"embeddable":true,"href":"https:\/\/www.elsindical.com.ar\/notas\/wp-json\/wp\/v2\/users\/1"}],"replies":[{"embeddable":true,"href":"https:\/\/www.elsindical.com.ar\/notas\/wp-json\/wp\/v2\/comments?post=107242"}],"version-history":[{"count":1,"href":"https:\/\/www.elsindical.com.ar\/notas\/wp-json\/wp\/v2\/posts\/107242\/revisions"}],"predecessor-version":[{"id":107245,"href":"https:\/\/www.elsindical.com.ar\/notas\/wp-json\/wp\/v2\/posts\/107242\/revisions\/107245"}],"wp:featuredmedia":[{"embeddable":true,"href":"https:\/\/www.elsindical.com.ar\/notas\/wp-json\/wp\/v2\/media\/107243"}],"wp:attachment":[{"href":"https:\/\/www.elsindical.com.ar\/notas\/wp-json\/wp\/v2\/media?parent=107242"}],"wp:term":[{"taxonomy":"category","embeddable":true,"href":"https:\/\/www.elsindical.com.ar\/notas\/wp-json\/wp\/v2\/categories?post=107242"},{"taxonomy":"post_tag","embeddable":true,"href":"https:\/\/www.elsindical.com.ar\/notas\/wp-json\/wp\/v2\/tags?post=107242"}],"curies":[{"name":"wp","href":"https:\/\/api.w.org\/{rel}","templated":true}]}}