{"id":107192,"date":"2021-08-22T23:36:10","date_gmt":"2021-08-23T02:36:10","guid":{"rendered":"https:\/\/www.elsindical.com.ar\/notas\/?p=107192"},"modified":"2021-08-22T23:36:11","modified_gmt":"2021-08-23T02:36:11","slug":"la-unidad-penal-40-del-spb-reune-la-mayor-cantidad-de-denuncias-por-violencia-institucional","status":"publish","type":"post","link":"https:\/\/www.elsindical.com.ar\/notas\/la-unidad-penal-40-del-spb-reune-la-mayor-cantidad-de-denuncias-por-violencia-institucional\/","title":{"rendered":"La Unidad Penal 40 del SPB re\u00fane la mayor cantidad de denuncias por violencia institucional"},"content":{"rendered":"\n<figure class=\"wp-block-image size-large\"><a href=\"https:\/\/www.elsindical.com.ar\/notas\/var\/www\/html\/notas\/wp-content\/uploads\/2020\/07\/Unidad-Penal-40-Lomas-de-Zamora.jpg\"><img loading=\"lazy\" decoding=\"async\" width=\"1024\" height=\"640\" src=\"https:\/\/www.elsindical.com.ar\/notas\/var\/www\/html\/notas\/wp-content\/uploads\/2020\/07\/Unidad-Penal-40-Lomas-de-Zamora-1024x640.jpg\" alt=\"\" class=\"wp-image-97243\" srcset=\"https:\/\/www.elsindical.com.ar\/notas\/var\/www\/html\/notas\/wp-content\/uploads\/2020\/07\/Unidad-Penal-40-Lomas-de-Zamora-1024x640.jpg 1024w, https:\/\/www.elsindical.com.ar\/notas\/var\/www\/html\/notas\/wp-content\/uploads\/2020\/07\/Unidad-Penal-40-Lomas-de-Zamora-300x188.jpg 300w, https:\/\/www.elsindical.com.ar\/notas\/var\/www\/html\/notas\/wp-content\/uploads\/2020\/07\/Unidad-Penal-40-Lomas-de-Zamora-768x480.jpg 768w, https:\/\/www.elsindical.com.ar\/notas\/var\/www\/html\/notas\/wp-content\/uploads\/2020\/07\/Unidad-Penal-40-Lomas-de-Zamora-480x300.jpg 480w, https:\/\/www.elsindical.com.ar\/notas\/var\/www\/html\/notas\/wp-content\/uploads\/2020\/07\/Unidad-Penal-40-Lomas-de-Zamora.jpg 1080w\" sizes=\"auto, (max-width: 1024px) 100vw, 1024px\" \/><\/a><\/figure>\n\n\n\n<p>Un informe de la Procuraci\u00f3n General de la Provincia de la Buenos Aires determin\u00f3 que la Unidad Penal 40 de Lomas de Zamora fue la de mayor conflictividad en 2020 ya que all\u00ed se inici\u00f3 el mayor n\u00famero de causas por violencia institucional, con personal del Servicio Penitenciario Bonaerense involucrado. <\/p>\n\n\n\n<p>Durante 2020, en territorio bonaerense se produjeron un total de 181 muertos en contextos de encierro, principalmente en c\u00e1rceles y comisar\u00edas. El informe re\u00fane datos de causas sobre violencia institucional iniciadas en 2020, en las distintas fiscal\u00edas de la provincia de Buenos Aires. <\/p>\n\n\n\n<p>Seg\u00fan se determin\u00f3 en la Unidad Penal 40 de Lomas se iniciaron 33 causas por abusos de los agentes del SPB, en tanto le siguieron los penales 37 de Barrer y 31 de Florencio Varela. Los delitos por los que se iniciaron las causas incluyen abusos de autoridad, vejaciones, torturas, amenazas y lesiones leves. <\/p>\n\n\n\n<p>En el caso de los penales, el 80 por ciento de los delitos tuvieron lugar en la zona de celdas, y en mucho menor porcentaje en patios internos. <\/p>\n\n\n\n<p>En cuando a las comisar\u00edas en donde se produjeron la mayor cantidad de denuncias por violencia institucional, se destacan las 1era y la 2da de Lan\u00fas y la 9na (Parque Bar\u00f3n), en Lomas de Zamora.<\/p>\n","protected":false},"excerpt":{"rendered":"<p>Un informe de la Procuraci\u00f3n General de la Provincia de la Buenos Aires determin\u00f3 que la Unidad Penal 40 de Lomas de Zamora fue la de mayor conflictividad en 2020 ya que all\u00ed se inici\u00f3 el mayor n\u00famero de causas por violencia institucional, con personal del Servicio Penitenciario Bonaerense involucrado. Durante 2020, en territorio bonaerense&hellip;<\/p>\n","protected":false},"author":1,"featured_media":97243,"comment_status":"open","ping_status":"open","sticky":false,"template":"","format":"standard","meta":{"footnotes":""},"categories":[6],"tags":[22020,2450,209,744,18524,1544,16037],"class_list":["post-107192","post","type-post","status-publish","format-standard","has-post-thumbnail","hentry","category-denuncias","tag-denuncias","tag-diario-el-sindical","tag-lanus","tag-lomas-de-zamora","tag-procuracion-general-de-la-corte-bonaerense","tag-spb","tag-violencia-institucional"],"_links":{"self":[{"href":"https:\/\/www.elsindical.com.ar\/notas\/wp-json\/wp\/v2\/posts\/107192","targetHints":{"allow":["GET"]}}],"collection":[{"href":"https:\/\/www.elsindical.com.ar\/notas\/wp-json\/wp\/v2\/posts"}],"about":[{"href":"https:\/\/www.elsindical.com.ar\/notas\/wp-json\/wp\/v2\/types\/post"}],"author":[{"embeddable":true,"href":"https:\/\/www.elsindical.com.ar\/notas\/wp-json\/wp\/v2\/users\/1"}],"replies":[{"embeddable":true,"href":"https:\/\/www.elsindical.com.ar\/notas\/wp-json\/wp\/v2\/comments?post=107192"}],"version-history":[{"count":1,"href":"https:\/\/www.elsindical.com.ar\/notas\/wp-json\/wp\/v2\/posts\/107192\/revisions"}],"predecessor-version":[{"id":107193,"href":"https:\/\/www.elsindical.com.ar\/notas\/wp-json\/wp\/v2\/posts\/107192\/revisions\/107193"}],"wp:featuredmedia":[{"embeddable":true,"href":"https:\/\/www.elsindical.com.ar\/notas\/wp-json\/wp\/v2\/media\/97243"}],"wp:attachment":[{"href":"https:\/\/www.elsindical.com.ar\/notas\/wp-json\/wp\/v2\/media?parent=107192"}],"wp:term":[{"taxonomy":"category","embeddable":true,"href":"https:\/\/www.elsindical.com.ar\/notas\/wp-json\/wp\/v2\/categories?post=107192"},{"taxonomy":"post_tag","embeddable":true,"href":"https:\/\/www.elsindical.com.ar\/notas\/wp-json\/wp\/v2\/tags?post=107192"}],"curies":[{"name":"wp","href":"https:\/\/api.w.org\/{rel}","templated":true}]}}