{"id":107187,"date":"2021-08-22T18:53:54","date_gmt":"2021-08-22T21:53:54","guid":{"rendered":"https:\/\/www.elsindical.com.ar\/notas\/?p=107187"},"modified":"2021-08-22T18:53:55","modified_gmt":"2021-08-22T21:53:55","slug":"continua-la-lucha-de-la-comunidad-educativa-por-una-presencialidad-responsable","status":"publish","type":"post","link":"https:\/\/www.elsindical.com.ar\/notas\/continua-la-lucha-de-la-comunidad-educativa-por-una-presencialidad-responsable\/","title":{"rendered":"Contin\u00faa la lucha de la comunidad educativa por una presencialidad responsable"},"content":{"rendered":"\n<div class=\"wp-block-image\"><figure class=\"aligncenter size-full\"><a href=\"https:\/\/www.elsindical.com.ar\/notas\/var\/www\/html\/notas\/wp-content\/uploads\/2021\/08\/clase-publica-lunes-23-de-agosto.jpeg\"><img loading=\"lazy\" decoding=\"async\" width=\"330\" height=\"330\" src=\"https:\/\/www.elsindical.com.ar\/notas\/var\/www\/html\/notas\/wp-content\/uploads\/2021\/08\/clase-publica-lunes-23-de-agosto.jpeg\" alt=\"\" class=\"wp-image-107188\" srcset=\"https:\/\/www.elsindical.com.ar\/notas\/var\/www\/html\/notas\/wp-content\/uploads\/2021\/08\/clase-publica-lunes-23-de-agosto.jpeg 330w, https:\/\/www.elsindical.com.ar\/notas\/var\/www\/html\/notas\/wp-content\/uploads\/2021\/08\/clase-publica-lunes-23-de-agosto-300x300.jpeg 300w, https:\/\/www.elsindical.com.ar\/notas\/var\/www\/html\/notas\/wp-content\/uploads\/2021\/08\/clase-publica-lunes-23-de-agosto-150x150.jpeg 150w, https:\/\/www.elsindical.com.ar\/notas\/var\/www\/html\/notas\/wp-content\/uploads\/2021\/08\/clase-publica-lunes-23-de-agosto-50x50.jpeg 50w\" sizes=\"auto, (max-width: 330px) 100vw, 330px\" \/><\/a><\/figure><\/div>\n\n\n\n<p>El d\u00eda de ma\u00f1ana Larreta, Quir\u00f3s y Acu\u00f1a culminan su plan marketinero, electoral y negacionista con la incorporaci\u00f3n a la presencialidad plena sin distanciamiento ni cuidados del nivel inicial. \u00a0 Esta medida irresponsable que comenz\u00f3 hace tres semanas en el nivel secundario y continu\u00f3 la semana pasada con el nivel primario incluido el comedor contin\u00faa poniendo en evidencia el desinter\u00e9s del gobierno de la Ciudad por la salud y la vida de quienes transitamos diariamente las escuelas.<\/p>\n\n\n\n<p>Frente a esto, durante esta semana del 23 al 27 de agosto continuaremos realizando clases p\u00fablicas, semaforazos y abrazos en las escuelas a la par que avanzamos con la conformaci\u00f3n de Comit\u00e9s de Autocuidado por escuela conformados por docentes, estudiantes y familias.<\/p>\n\n\n\n<p>Para comenzar la semana llevaremos adelante ma\u00f1ana, lunes 23 de agosto a las 12hs., una Clase P\u00fablica frente a Jefatura de Gobierno (Uspallata 3150). En ella la Dra. Gabriela Piovano, m\u00e9dica infect\u00f3loga trabajadora del Hospital Mu\u00f1iz, conversar\u00e1 acerca de la importancia de las medidas de cuidados y los protocolos responsables.<\/p>\n\n\n\n<p>Exigimos se respete el distanciamiento social, la compra de medidores de di\u00f3xido de carbono para todas las escuelas de la Ciudad para monitorear la ventilaci\u00f3n de las aulas mientras se dictan clases y elementos de protecci\u00f3n e higiene suficientes.<\/p>\n\n\n\n<p>Desde la UTE seguimos defendiendo la salud y la vida junto a la comunidad.<br><br><strong>Ang\u00e9lica Graciano<\/strong> &#8211; Secretaria General UTE- CTERA <strong>Paula Galigniana<\/strong> &#8211; Secretaria de Comunicaci\u00f3n, Prensa y Difusi\u00f3n UTE &#8211; CTERA Contactos: Paula Galigniana: 15-49986513\u00a0 \u00a0<\/p>\n","protected":false},"excerpt":{"rendered":"<p>El d\u00eda de ma\u00f1ana Larreta, Quir\u00f3s y Acu\u00f1a culminan su plan marketinero, electoral y negacionista con la incorporaci\u00f3n a la presencialidad plena sin distanciamiento ni cuidados del nivel inicial. \u00a0 Esta medida irresponsable que comenz\u00f3 hace tres semanas en el nivel secundario y continu\u00f3 la semana pasada con el nivel primario incluido el comedor contin\u00faa&hellip;<\/p>\n","protected":false},"author":1,"featured_media":107188,"comment_status":"open","ping_status":"open","sticky":false,"template":"","format":"standard","meta":{"footnotes":""},"categories":[16],"tags":[2450,32600,1943,23036,777],"class_list":["post-107187","post","type-post","status-publish","format-standard","has-post-thumbnail","hentry","category-gremiales","tag-diario-el-sindical","tag-fernan-quiros","tag-horacio-rodriguez-larreta","tag-soledad-acuna","tag-ute"],"_links":{"self":[{"href":"https:\/\/www.elsindical.com.ar\/notas\/wp-json\/wp\/v2\/posts\/107187","targetHints":{"allow":["GET"]}}],"collection":[{"href":"https:\/\/www.elsindical.com.ar\/notas\/wp-json\/wp\/v2\/posts"}],"about":[{"href":"https:\/\/www.elsindical.com.ar\/notas\/wp-json\/wp\/v2\/types\/post"}],"author":[{"embeddable":true,"href":"https:\/\/www.elsindical.com.ar\/notas\/wp-json\/wp\/v2\/users\/1"}],"replies":[{"embeddable":true,"href":"https:\/\/www.elsindical.com.ar\/notas\/wp-json\/wp\/v2\/comments?post=107187"}],"version-history":[{"count":1,"href":"https:\/\/www.elsindical.com.ar\/notas\/wp-json\/wp\/v2\/posts\/107187\/revisions"}],"predecessor-version":[{"id":107189,"href":"https:\/\/www.elsindical.com.ar\/notas\/wp-json\/wp\/v2\/posts\/107187\/revisions\/107189"}],"wp:featuredmedia":[{"embeddable":true,"href":"https:\/\/www.elsindical.com.ar\/notas\/wp-json\/wp\/v2\/media\/107188"}],"wp:attachment":[{"href":"https:\/\/www.elsindical.com.ar\/notas\/wp-json\/wp\/v2\/media?parent=107187"}],"wp:term":[{"taxonomy":"category","embeddable":true,"href":"https:\/\/www.elsindical.com.ar\/notas\/wp-json\/wp\/v2\/categories?post=107187"},{"taxonomy":"post_tag","embeddable":true,"href":"https:\/\/www.elsindical.com.ar\/notas\/wp-json\/wp\/v2\/tags?post=107187"}],"curies":[{"name":"wp","href":"https:\/\/api.w.org\/{rel}","templated":true}]}}