{"id":107182,"date":"2021-08-22T16:03:05","date_gmt":"2021-08-22T19:03:05","guid":{"rendered":"https:\/\/www.elsindical.com.ar\/notas\/?p=107182"},"modified":"2021-08-22T16:03:07","modified_gmt":"2021-08-22T19:03:07","slug":"nicolas-del-cano-en-avellaneda-vemos-una-situacion-muy-dificil-para-las-mayorias-trabajadoras","status":"publish","type":"post","link":"https:\/\/www.elsindical.com.ar\/notas\/nicolas-del-cano-en-avellaneda-vemos-una-situacion-muy-dificil-para-las-mayorias-trabajadoras\/","title":{"rendered":"Nicol\u00e1s del Ca\u00f1o en Avellaneda: \u00abVemos una situaci\u00f3n muy dif\u00edcil para las mayor\u00edas trabajadoras\u00bb"},"content":{"rendered":"\n<figure class=\"wp-block-image size-full\"><a href=\"https:\/\/www.elsindical.com.ar\/notas\/var\/www\/html\/notas\/wp-content\/uploads\/2021\/08\/Nicolas-del-Cano-en-Avellaneda.jpeg\"><img loading=\"lazy\" decoding=\"async\" width=\"800\" height=\"450\" src=\"https:\/\/www.elsindical.com.ar\/notas\/var\/www\/html\/notas\/wp-content\/uploads\/2021\/08\/Nicolas-del-Cano-en-Avellaneda.jpeg\" alt=\"\" class=\"wp-image-107183\" srcset=\"https:\/\/www.elsindical.com.ar\/notas\/var\/www\/html\/notas\/wp-content\/uploads\/2021\/08\/Nicolas-del-Cano-en-Avellaneda.jpeg 800w, https:\/\/www.elsindical.com.ar\/notas\/var\/www\/html\/notas\/wp-content\/uploads\/2021\/08\/Nicolas-del-Cano-en-Avellaneda-300x169.jpeg 300w, https:\/\/www.elsindical.com.ar\/notas\/var\/www\/html\/notas\/wp-content\/uploads\/2021\/08\/Nicolas-del-Cano-en-Avellaneda-768x432.jpeg 768w, https:\/\/www.elsindical.com.ar\/notas\/var\/www\/html\/notas\/wp-content\/uploads\/2021\/08\/Nicolas-del-Cano-en-Avellaneda-500x281.jpeg 500w, https:\/\/www.elsindical.com.ar\/notas\/var\/www\/html\/notas\/wp-content\/uploads\/2021\/08\/Nicolas-del-Cano-en-Avellaneda-460x260.jpeg 460w\" sizes=\"auto, (max-width: 800px) 100vw, 800px\" \/><\/a><\/figure>\n\n\n\n<p>El dirigente del Frente de Izquierda Unidad y precandidato a diputado nacional recorri\u00f3 la feria de Parque Dom\u00ednico junto a referentes locales como la trabajadora de Siam Alejandra Vercellino, quien encabeza la lista de precandidatos a concejales en el distrito por la misma fuerza (\u2026)<\/p>\n\n\n\n<p>Luego de protagonizar un acto junto a miles de j\u00f3venes trabajadores y estudiantes de todo el AMBA con su compa\u00f1era del PTS Myriam Bregman el s\u00e1bado 21, Nicol\u00e1s del Ca\u00f1o visit\u00f3 Avellaneda este domingo. Durante una recorrida por la feria de Parque Dom\u00ednico dialog\u00f3 con trabajadores, estudiantes, vecinas y vecinos que le transmitieron sus principales preocupaciones, en especial en lo referido a la situaci\u00f3n econ\u00f3mica. Lo acompa\u00f1\u00f3 Alejandra Vercellino, quien encabeza la lista 1A del FITU en Avellaneda.<\/p>\n\n\n\n<p>\u00abVemos una situaci\u00f3n muy dif\u00edcil de las mayor\u00edas trabajadoras\u00bb expres\u00f3 Del Ca\u00f1o. \u00abNo vengan con m\u00e1s versos: la pandemia no provoc\u00f3 que se les bajara los haberes a las y los jubilados, ni dictamin\u00f3 que el salario m\u00ednimo sea un cuarto de lo que se necesita para vivir, ni sac\u00f3 el IFE a quienes lo recib\u00edan\u00bb plante\u00f3 luego en referencia al Gobierno. Y agreg\u00f3 \u00abante los altos \u00edndices de desocupaci\u00f3n, pobreza y las jornadas extenuantes que padecen millones estamos planteando como medida de emergencia la reducci\u00f3n de la jornada laboral a 6 horas, 5 d\u00edas, con un salario m\u00ednimo igual a la canasta familiar y plenos derechos para repartir las horas de trabajo entre ocupados y desocupados y llamamos al conjunto de los trabajadores, las mujeres y la juventud a organizarnos para conquistarlo.\u00bb<\/p>\n\n\n\n<p>La candidata local Alejandra Vercellino, entretanto, subray\u00f3 \u00abEsta semana el presidente Alberto Fern\u00e1ndez junto a la c\u00fapula del Frente de Todos vino a hacer anuncios electorales a nuestro distrito. Pero a pocos pasos de la Isla Maciel donde estuvieron, en Villa Inflamable, el nivel de plomo en sangre de los chicos sigue siendo alt\u00edsimo, y se permite a las empresas seguir produciendo en condiciones que da\u00f1an el ambiente y contaminan una zona habitada por miles de familias. Ac\u00e1 tambi\u00e9n est\u00e1 el puerto, uno de los que m\u00e1s entrada de dinero le garantiza a la provincia. \u00bfPor qu\u00e9 no se usan esos recursos para garantizar mejores condiciones de vida a quienes no les queda otra que vivir cerca del Riachuelo, con todo lo que eso implica para su salud? Este problema lleva d\u00e9cadas sin resolverse, porque se anteponen los beneficios de las empresas, muchas de ellas multinacionales, antes que el bienestar de las familias que viven ac\u00e1\u00bb.<\/p>\n\n\n\n<p>Los acompa\u00f1aron los trabajadores de Raizen Shell Gustavo Michel -quien se postula como precandidato a diputado provincial- y Fernando Luna, precandidato a concejal, as\u00ed como la precandidata a consejera escolar Micaela \u00c1vila. Con 22 a\u00f1os, \u00c1vila representa a la juventud que se organiza por los derechos de las mujeres y contra la precarizaci\u00f3n laboral junto a Daniela Moreira, estudiante de la Undav y precandidata a diputada tambi\u00e9n presente en la recorrida.<\/p>\n\n\n\n<figure class=\"wp-block-gallery columns-1 is-cropped wp-block-gallery-1 is-layout-flex wp-block-gallery-is-layout-flex\"><ul class=\"blocks-gallery-grid\"><li class=\"blocks-gallery-item\"><figure><a href=\"https:\/\/www.elsindical.com.ar\/notas\/var\/www\/html\/notas\/wp-content\/uploads\/2021\/08\/Carla-Lacorte.jpeg\"><img loading=\"lazy\" decoding=\"async\" width=\"1024\" height=\"682\" src=\"https:\/\/www.elsindical.com.ar\/notas\/var\/www\/html\/notas\/wp-content\/uploads\/2021\/08\/Carla-Lacorte-1024x682.jpeg\" alt=\"\" data-id=\"107184\" data-full-url=\"https:\/\/www.elsindical.com.ar\/notas\/var\/www\/html\/notas\/wp-content\/uploads\/2021\/08\/Carla-Lacorte.jpeg\" data-link=\"https:\/\/www.elsindical.com.ar\/notas\/?attachment_id=107184#main\" class=\"wp-image-107184\" srcset=\"https:\/\/www.elsindical.com.ar\/notas\/var\/www\/html\/notas\/wp-content\/uploads\/2021\/08\/Carla-Lacorte-1024x682.jpeg 1024w, https:\/\/www.elsindical.com.ar\/notas\/var\/www\/html\/notas\/wp-content\/uploads\/2021\/08\/Carla-Lacorte-300x200.jpeg 300w, https:\/\/www.elsindical.com.ar\/notas\/var\/www\/html\/notas\/wp-content\/uploads\/2021\/08\/Carla-Lacorte-768x512.jpeg 768w, https:\/\/www.elsindical.com.ar\/notas\/var\/www\/html\/notas\/wp-content\/uploads\/2021\/08\/Carla-Lacorte-450x300.jpeg 450w, https:\/\/www.elsindical.com.ar\/notas\/var\/www\/html\/notas\/wp-content\/uploads\/2021\/08\/Carla-Lacorte.jpeg 1201w\" sizes=\"auto, (max-width: 1024px) 100vw, 1024px\" \/><\/a><\/figure><\/li><li class=\"blocks-gallery-item\"><figure><a href=\"https:\/\/www.elsindical.com.ar\/notas\/var\/www\/html\/notas\/wp-content\/uploads\/2021\/08\/Feriante.jpeg\"><img loading=\"lazy\" decoding=\"async\" width=\"1024\" height=\"682\" src=\"https:\/\/www.elsindical.com.ar\/notas\/var\/www\/html\/notas\/wp-content\/uploads\/2021\/08\/Feriante-1024x682.jpeg\" alt=\"\" data-id=\"107185\" data-full-url=\"https:\/\/www.elsindical.com.ar\/notas\/var\/www\/html\/notas\/wp-content\/uploads\/2021\/08\/Feriante.jpeg\" data-link=\"https:\/\/www.elsindical.com.ar\/notas\/?attachment_id=107185#main\" class=\"wp-image-107185\" srcset=\"https:\/\/www.elsindical.com.ar\/notas\/var\/www\/html\/notas\/wp-content\/uploads\/2021\/08\/Feriante-1024x682.jpeg 1024w, https:\/\/www.elsindical.com.ar\/notas\/var\/www\/html\/notas\/wp-content\/uploads\/2021\/08\/Feriante-300x200.jpeg 300w, https:\/\/www.elsindical.com.ar\/notas\/var\/www\/html\/notas\/wp-content\/uploads\/2021\/08\/Feriante-768x512.jpeg 768w, https:\/\/www.elsindical.com.ar\/notas\/var\/www\/html\/notas\/wp-content\/uploads\/2021\/08\/Feriante-450x300.jpeg 450w, https:\/\/www.elsindical.com.ar\/notas\/var\/www\/html\/notas\/wp-content\/uploads\/2021\/08\/Feriante.jpeg 1201w\" sizes=\"auto, (max-width: 1024px) 100vw, 1024px\" \/><\/a><\/figure><\/li><\/ul><\/figure>\n","protected":false},"excerpt":{"rendered":"<p>El dirigente del Frente de Izquierda Unidad y precandidato a diputado nacional recorri\u00f3 la feria de Parque Dom\u00ednico junto a referentes locales como la trabajadora de Siam Alejandra Vercellino, quien encabeza la lista de precandidatos a concejales en el distrito por la misma fuerza (\u2026) Luego de protagonizar un acto junto a miles de j\u00f3venes&hellip;<\/p>\n","protected":false},"author":1,"featured_media":107183,"comment_status":"open","ping_status":"open","sticky":false,"template":"","format":"standard","meta":{"footnotes":""},"categories":[13],"tags":[30134,3468,461,2450,35379,32697,26639,20258,15723,5522,17260],"class_list":["post-107182","post","type-post","status-publish","format-standard","has-post-thumbnail","hentry","category-politica","tag-alejandra-vercellino","tag-amba","tag-avellaneda","tag-diario-el-sindical","tag-fitu","tag-ife","tag-myriam-bregman","tag-nicolas-del-cano","tag-parque-dominico","tag-pts","tag-siam"],"_links":{"self":[{"href":"https:\/\/www.elsindical.com.ar\/notas\/wp-json\/wp\/v2\/posts\/107182","targetHints":{"allow":["GET"]}}],"collection":[{"href":"https:\/\/www.elsindical.com.ar\/notas\/wp-json\/wp\/v2\/posts"}],"about":[{"href":"https:\/\/www.elsindical.com.ar\/notas\/wp-json\/wp\/v2\/types\/post"}],"author":[{"embeddable":true,"href":"https:\/\/www.elsindical.com.ar\/notas\/wp-json\/wp\/v2\/users\/1"}],"replies":[{"embeddable":true,"href":"https:\/\/www.elsindical.com.ar\/notas\/wp-json\/wp\/v2\/comments?post=107182"}],"version-history":[{"count":1,"href":"https:\/\/www.elsindical.com.ar\/notas\/wp-json\/wp\/v2\/posts\/107182\/revisions"}],"predecessor-version":[{"id":107186,"href":"https:\/\/www.elsindical.com.ar\/notas\/wp-json\/wp\/v2\/posts\/107182\/revisions\/107186"}],"wp:featuredmedia":[{"embeddable":true,"href":"https:\/\/www.elsindical.com.ar\/notas\/wp-json\/wp\/v2\/media\/107183"}],"wp:attachment":[{"href":"https:\/\/www.elsindical.com.ar\/notas\/wp-json\/wp\/v2\/media?parent=107182"}],"wp:term":[{"taxonomy":"category","embeddable":true,"href":"https:\/\/www.elsindical.com.ar\/notas\/wp-json\/wp\/v2\/categories?post=107182"},{"taxonomy":"post_tag","embeddable":true,"href":"https:\/\/www.elsindical.com.ar\/notas\/wp-json\/wp\/v2\/tags?post=107182"}],"curies":[{"name":"wp","href":"https:\/\/api.w.org\/{rel}","templated":true}]}}