{"id":107141,"date":"2021-08-21T10:23:47","date_gmt":"2021-08-21T13:23:47","guid":{"rendered":"https:\/\/www.elsindical.com.ar\/notas\/?p=107141"},"modified":"2021-08-22T12:53:37","modified_gmt":"2021-08-22T15:53:37","slug":"marcha-54-contra-la-trata-en-plaza-de-mayo","status":"publish","type":"post","link":"https:\/\/www.elsindical.com.ar\/notas\/marcha-54-contra-la-trata-en-plaza-de-mayo\/","title":{"rendered":"Marcha 54 contra La Trata en Plaza de Mayo"},"content":{"rendered":"\n<div class=\"wp-block-image\"><figure class=\"aligncenter size-full\"><a href=\"https:\/\/www.elsindical.com.ar\/notas\/var\/www\/html\/notas\/wp-content\/uploads\/2021\/08\/ronda-54-contra-La-Trata-en-Plaza-de-Mayo.jpg\"><img loading=\"lazy\" decoding=\"async\" width=\"960\" height=\"960\" src=\"https:\/\/www.elsindical.com.ar\/notas\/var\/www\/html\/notas\/wp-content\/uploads\/2021\/08\/ronda-54-contra-La-Trata-en-Plaza-de-Mayo.jpg\" alt=\"\" class=\"wp-image-107142\" srcset=\"https:\/\/www.elsindical.com.ar\/notas\/var\/www\/html\/notas\/wp-content\/uploads\/2021\/08\/ronda-54-contra-La-Trata-en-Plaza-de-Mayo.jpg 960w, https:\/\/www.elsindical.com.ar\/notas\/var\/www\/html\/notas\/wp-content\/uploads\/2021\/08\/ronda-54-contra-La-Trata-en-Plaza-de-Mayo-300x300.jpg 300w, https:\/\/www.elsindical.com.ar\/notas\/var\/www\/html\/notas\/wp-content\/uploads\/2021\/08\/ronda-54-contra-La-Trata-en-Plaza-de-Mayo-150x150.jpg 150w, https:\/\/www.elsindical.com.ar\/notas\/var\/www\/html\/notas\/wp-content\/uploads\/2021\/08\/ronda-54-contra-La-Trata-en-Plaza-de-Mayo-768x768.jpg 768w, https:\/\/www.elsindical.com.ar\/notas\/var\/www\/html\/notas\/wp-content\/uploads\/2021\/08\/ronda-54-contra-La-Trata-en-Plaza-de-Mayo-50x50.jpg 50w\" sizes=\"auto, (max-width: 960px) 100vw, 960px\" \/><\/a><\/figure><\/div>\n\n\n\n<p>    Con el siguiente comunicado se realizo una nueva marcha contra La Trata:<\/p>\n\n\n\n<p>Este agosto, no podemos celebrar el Mes de las Infancias.<br>Porque chicxs faltan en sus hogares.<br>Porque las familias sufren y se preguntan d\u00f3nde est\u00e1n.<br>Porque la trata no distingue edad ni g\u00e9nero.<br><br>\u00a1ACOMPA\u00d1ANOS EN LA RONDA ESTE VIERNES! \u00a1PARA DECIRLE BASTA A LOS ABUSOS EN LA INFANCIA, A LA EXPLOTACI\u00d3N Y DESAPARICI\u00d3N DE NI\u00d1XS Y ADOLESCENTES!<\/p>\n\n\n\n<p>En una breve pero contundente entrevista de menos de 2 minutos, Margarita Meira, titular de la ONG Madres V\u00edctimas de Trata y con m\u00e1s de 20 a\u00f1os de lucha contra la Trata y la explotaci\u00f3n sexual, hoy denuncia los abusos de ni\u00f1os y las redes ped\u00f3filas que son un grave riesgo para los m\u00e1s vulnerables de la sociedad, pero al gobierno no le interesa el tema.<\/p>\n\n\n\n<figure class=\"wp-block-embed is-type-video is-provider-youtube wp-block-embed-youtube wp-embed-aspect-16-9 wp-has-aspect-ratio\"><div class=\"wp-block-embed__wrapper\">\n<iframe loading=\"lazy\" title=\"Margarita Meira y la Trata como Terrorismo de Estado\" width=\"700\" height=\"394\" src=\"https:\/\/www.youtube.com\/embed\/kpJxC6-v-zo?feature=oembed\" frameborder=\"0\" allow=\"accelerometer; autoplay; clipboard-write; encrypted-media; gyroscope; picture-in-picture\" allowfullscreen><\/iframe>\n<\/div><\/figure>\n\n\n\n<figure class=\"wp-block-gallery columns-1 is-cropped wp-block-gallery-1 is-layout-flex wp-block-gallery-is-layout-flex\"><ul class=\"blocks-gallery-grid\"><li class=\"blocks-gallery-item\"><figure><a href=\"https:\/\/www.elsindical.com.ar\/notas\/var\/www\/html\/notas\/wp-content\/uploads\/2021\/08\/Marcha-54-contra-la-Trata-15.jpg\"><img loading=\"lazy\" decoding=\"async\" width=\"1024\" height=\"768\" src=\"https:\/\/www.elsindical.com.ar\/notas\/var\/www\/html\/notas\/wp-content\/uploads\/2021\/08\/Marcha-54-contra-la-Trata-15-1024x768.jpg\" alt=\"\" data-id=\"107143\" data-full-url=\"https:\/\/www.elsindical.com.ar\/notas\/var\/www\/html\/notas\/wp-content\/uploads\/2021\/08\/Marcha-54-contra-la-Trata-15.jpg\" data-link=\"https:\/\/www.elsindical.com.ar\/notas\/?attachment_id=107143#main\" class=\"wp-image-107143\" srcset=\"https:\/\/www.elsindical.com.ar\/notas\/var\/www\/html\/notas\/wp-content\/uploads\/2021\/08\/Marcha-54-contra-la-Trata-15-1024x768.jpg 1024w, https:\/\/www.elsindical.com.ar\/notas\/var\/www\/html\/notas\/wp-content\/uploads\/2021\/08\/Marcha-54-contra-la-Trata-15-300x225.jpg 300w, https:\/\/www.elsindical.com.ar\/notas\/var\/www\/html\/notas\/wp-content\/uploads\/2021\/08\/Marcha-54-contra-la-Trata-15-768x576.jpg 768w, https:\/\/www.elsindical.com.ar\/notas\/var\/www\/html\/notas\/wp-content\/uploads\/2021\/08\/Marcha-54-contra-la-Trata-15-400x300.jpg 400w, https:\/\/www.elsindical.com.ar\/notas\/var\/www\/html\/notas\/wp-content\/uploads\/2021\/08\/Marcha-54-contra-la-Trata-15.jpg 1506w\" sizes=\"auto, (max-width: 1024px) 100vw, 1024px\" \/><\/a><\/figure><\/li><li class=\"blocks-gallery-item\"><figure><a href=\"https:\/\/www.elsindical.com.ar\/notas\/var\/www\/html\/notas\/wp-content\/uploads\/2021\/08\/Marcha-54-contra-la-Trata-14.jpg\"><img loading=\"lazy\" decoding=\"async\" width=\"1024\" height=\"894\" src=\"https:\/\/www.elsindical.com.ar\/notas\/var\/www\/html\/notas\/wp-content\/uploads\/2021\/08\/Marcha-54-contra-la-Trata-14-1024x894.jpg\" alt=\"\" data-id=\"107144\" data-full-url=\"https:\/\/www.elsindical.com.ar\/notas\/var\/www\/html\/notas\/wp-content\/uploads\/2021\/08\/Marcha-54-contra-la-Trata-14.jpg\" data-link=\"https:\/\/www.elsindical.com.ar\/notas\/?attachment_id=107144#main\" class=\"wp-image-107144\" srcset=\"https:\/\/www.elsindical.com.ar\/notas\/var\/www\/html\/notas\/wp-content\/uploads\/2021\/08\/Marcha-54-contra-la-Trata-14-1024x894.jpg 1024w, https:\/\/www.elsindical.com.ar\/notas\/var\/www\/html\/notas\/wp-content\/uploads\/2021\/08\/Marcha-54-contra-la-Trata-14-300x262.jpg 300w, https:\/\/www.elsindical.com.ar\/notas\/var\/www\/html\/notas\/wp-content\/uploads\/2021\/08\/Marcha-54-contra-la-Trata-14-768x671.jpg 768w, https:\/\/www.elsindical.com.ar\/notas\/var\/www\/html\/notas\/wp-content\/uploads\/2021\/08\/Marcha-54-contra-la-Trata-14-344x300.jpg 344w, https:\/\/www.elsindical.com.ar\/notas\/var\/www\/html\/notas\/wp-content\/uploads\/2021\/08\/Marcha-54-contra-la-Trata-14.jpg 1506w\" sizes=\"auto, (max-width: 1024px) 100vw, 1024px\" \/><\/a><\/figure><\/li><li class=\"blocks-gallery-item\"><figure><a href=\"https:\/\/www.elsindical.com.ar\/notas\/var\/www\/html\/notas\/wp-content\/uploads\/2021\/08\/Marcha-54-contra-la-Trata-13.jpg\"><img loading=\"lazy\" decoding=\"async\" width=\"768\" height=\"1024\" src=\"https:\/\/www.elsindical.com.ar\/notas\/var\/www\/html\/notas\/wp-content\/uploads\/2021\/08\/Marcha-54-contra-la-Trata-13-768x1024.jpg\" alt=\"\" data-id=\"107145\" data-full-url=\"https:\/\/www.elsindical.com.ar\/notas\/var\/www\/html\/notas\/wp-content\/uploads\/2021\/08\/Marcha-54-contra-la-Trata-13.jpg\" data-link=\"https:\/\/www.elsindical.com.ar\/notas\/?attachment_id=107145#main\" class=\"wp-image-107145\" srcset=\"https:\/\/www.elsindical.com.ar\/notas\/var\/www\/html\/notas\/wp-content\/uploads\/2021\/08\/Marcha-54-contra-la-Trata-13-768x1024.jpg 768w, https:\/\/www.elsindical.com.ar\/notas\/var\/www\/html\/notas\/wp-content\/uploads\/2021\/08\/Marcha-54-contra-la-Trata-13-225x300.jpg 225w, https:\/\/www.elsindical.com.ar\/notas\/var\/www\/html\/notas\/wp-content\/uploads\/2021\/08\/Marcha-54-contra-la-Trata-13-1152x1536.jpg 1152w, https:\/\/www.elsindical.com.ar\/notas\/var\/www\/html\/notas\/wp-content\/uploads\/2021\/08\/Marcha-54-contra-la-Trata-13.jpg 1506w\" sizes=\"auto, (max-width: 768px) 100vw, 768px\" \/><\/a><\/figure><\/li><li class=\"blocks-gallery-item\"><figure><a href=\"https:\/\/www.elsindical.com.ar\/notas\/var\/www\/html\/notas\/wp-content\/uploads\/2021\/08\/Marcha-54-contra-la-Trata-12.jpg\"><img loading=\"lazy\" decoding=\"async\" width=\"1024\" height=\"768\" src=\"https:\/\/www.elsindical.com.ar\/notas\/var\/www\/html\/notas\/wp-content\/uploads\/2021\/08\/Marcha-54-contra-la-Trata-12-1024x768.jpg\" alt=\"\" data-id=\"107146\" data-full-url=\"https:\/\/www.elsindical.com.ar\/notas\/var\/www\/html\/notas\/wp-content\/uploads\/2021\/08\/Marcha-54-contra-la-Trata-12.jpg\" data-link=\"https:\/\/www.elsindical.com.ar\/notas\/?attachment_id=107146#main\" class=\"wp-image-107146\" srcset=\"https:\/\/www.elsindical.com.ar\/notas\/var\/www\/html\/notas\/wp-content\/uploads\/2021\/08\/Marcha-54-contra-la-Trata-12-1024x768.jpg 1024w, https:\/\/www.elsindical.com.ar\/notas\/var\/www\/html\/notas\/wp-content\/uploads\/2021\/08\/Marcha-54-contra-la-Trata-12-300x225.jpg 300w, https:\/\/www.elsindical.com.ar\/notas\/var\/www\/html\/notas\/wp-content\/uploads\/2021\/08\/Marcha-54-contra-la-Trata-12-768x576.jpg 768w, https:\/\/www.elsindical.com.ar\/notas\/var\/www\/html\/notas\/wp-content\/uploads\/2021\/08\/Marcha-54-contra-la-Trata-12-400x300.jpg 400w, https:\/\/www.elsindical.com.ar\/notas\/var\/www\/html\/notas\/wp-content\/uploads\/2021\/08\/Marcha-54-contra-la-Trata-12.jpg 1506w\" sizes=\"auto, (max-width: 1024px) 100vw, 1024px\" \/><\/a><\/figure><\/li><li class=\"blocks-gallery-item\"><figure><a href=\"https:\/\/www.elsindical.com.ar\/notas\/var\/www\/html\/notas\/wp-content\/uploads\/2021\/08\/Marcha-54-contra-la-Trata-11.jpg\"><img loading=\"lazy\" decoding=\"async\" width=\"768\" height=\"1024\" src=\"https:\/\/www.elsindical.com.ar\/notas\/var\/www\/html\/notas\/wp-content\/uploads\/2021\/08\/Marcha-54-contra-la-Trata-11-768x1024.jpg\" alt=\"\" data-id=\"107147\" data-full-url=\"https:\/\/www.elsindical.com.ar\/notas\/var\/www\/html\/notas\/wp-content\/uploads\/2021\/08\/Marcha-54-contra-la-Trata-11.jpg\" data-link=\"https:\/\/www.elsindical.com.ar\/notas\/?attachment_id=107147#main\" class=\"wp-image-107147\" srcset=\"https:\/\/www.elsindical.com.ar\/notas\/var\/www\/html\/notas\/wp-content\/uploads\/2021\/08\/Marcha-54-contra-la-Trata-11-768x1024.jpg 768w, https:\/\/www.elsindical.com.ar\/notas\/var\/www\/html\/notas\/wp-content\/uploads\/2021\/08\/Marcha-54-contra-la-Trata-11-225x300.jpg 225w, https:\/\/www.elsindical.com.ar\/notas\/var\/www\/html\/notas\/wp-content\/uploads\/2021\/08\/Marcha-54-contra-la-Trata-11-1152x1536.jpg 1152w, https:\/\/www.elsindical.com.ar\/notas\/var\/www\/html\/notas\/wp-content\/uploads\/2021\/08\/Marcha-54-contra-la-Trata-11.jpg 1506w\" sizes=\"auto, (max-width: 768px) 100vw, 768px\" \/><\/a><\/figure><\/li><li class=\"blocks-gallery-item\"><figure><a href=\"https:\/\/www.elsindical.com.ar\/notas\/var\/www\/html\/notas\/wp-content\/uploads\/2021\/08\/Marcha-54-contra-la-Trata-10.jpg\"><img loading=\"lazy\" decoding=\"async\" width=\"768\" height=\"1024\" src=\"https:\/\/www.elsindical.com.ar\/notas\/var\/www\/html\/notas\/wp-content\/uploads\/2021\/08\/Marcha-54-contra-la-Trata-10-768x1024.jpg\" alt=\"\" data-id=\"107148\" data-full-url=\"https:\/\/www.elsindical.com.ar\/notas\/var\/www\/html\/notas\/wp-content\/uploads\/2021\/08\/Marcha-54-contra-la-Trata-10.jpg\" data-link=\"https:\/\/www.elsindical.com.ar\/notas\/?attachment_id=107148#main\" class=\"wp-image-107148\" srcset=\"https:\/\/www.elsindical.com.ar\/notas\/var\/www\/html\/notas\/wp-content\/uploads\/2021\/08\/Marcha-54-contra-la-Trata-10-768x1024.jpg 768w, https:\/\/www.elsindical.com.ar\/notas\/var\/www\/html\/notas\/wp-content\/uploads\/2021\/08\/Marcha-54-contra-la-Trata-10-225x300.jpg 225w, https:\/\/www.elsindical.com.ar\/notas\/var\/www\/html\/notas\/wp-content\/uploads\/2021\/08\/Marcha-54-contra-la-Trata-10-1152x1536.jpg 1152w, https:\/\/www.elsindical.com.ar\/notas\/var\/www\/html\/notas\/wp-content\/uploads\/2021\/08\/Marcha-54-contra-la-Trata-10.jpg 1506w\" sizes=\"auto, (max-width: 768px) 100vw, 768px\" \/><\/a><\/figure><\/li><li class=\"blocks-gallery-item\"><figure><a href=\"https:\/\/www.elsindical.com.ar\/notas\/var\/www\/html\/notas\/wp-content\/uploads\/2021\/08\/Marcha-54-contra-la-Trata-09.jpg\"><img loading=\"lazy\" decoding=\"async\" width=\"1024\" height=\"768\" src=\"https:\/\/www.elsindical.com.ar\/notas\/var\/www\/html\/notas\/wp-content\/uploads\/2021\/08\/Marcha-54-contra-la-Trata-09-1024x768.jpg\" alt=\"\" data-id=\"107149\" data-full-url=\"https:\/\/www.elsindical.com.ar\/notas\/var\/www\/html\/notas\/wp-content\/uploads\/2021\/08\/Marcha-54-contra-la-Trata-09.jpg\" data-link=\"https:\/\/www.elsindical.com.ar\/notas\/?attachment_id=107149#main\" class=\"wp-image-107149\" srcset=\"https:\/\/www.elsindical.com.ar\/notas\/var\/www\/html\/notas\/wp-content\/uploads\/2021\/08\/Marcha-54-contra-la-Trata-09-1024x768.jpg 1024w, https:\/\/www.elsindical.com.ar\/notas\/var\/www\/html\/notas\/wp-content\/uploads\/2021\/08\/Marcha-54-contra-la-Trata-09-300x225.jpg 300w, https:\/\/www.elsindical.com.ar\/notas\/var\/www\/html\/notas\/wp-content\/uploads\/2021\/08\/Marcha-54-contra-la-Trata-09-768x576.jpg 768w, https:\/\/www.elsindical.com.ar\/notas\/var\/www\/html\/notas\/wp-content\/uploads\/2021\/08\/Marcha-54-contra-la-Trata-09-400x300.jpg 400w, https:\/\/www.elsindical.com.ar\/notas\/var\/www\/html\/notas\/wp-content\/uploads\/2021\/08\/Marcha-54-contra-la-Trata-09.jpg 1506w\" sizes=\"auto, (max-width: 1024px) 100vw, 1024px\" \/><\/a><\/figure><\/li><li class=\"blocks-gallery-item\"><figure><a href=\"https:\/\/www.elsindical.com.ar\/notas\/var\/www\/html\/notas\/wp-content\/uploads\/2021\/08\/Marcha-54-contra-la-Trata-08.jpg\"><img loading=\"lazy\" decoding=\"async\" width=\"1024\" height=\"768\" src=\"https:\/\/www.elsindical.com.ar\/notas\/var\/www\/html\/notas\/wp-content\/uploads\/2021\/08\/Marcha-54-contra-la-Trata-08-1024x768.jpg\" alt=\"\" data-id=\"107150\" data-full-url=\"https:\/\/www.elsindical.com.ar\/notas\/var\/www\/html\/notas\/wp-content\/uploads\/2021\/08\/Marcha-54-contra-la-Trata-08.jpg\" data-link=\"https:\/\/www.elsindical.com.ar\/notas\/?attachment_id=107150#main\" class=\"wp-image-107150\" srcset=\"https:\/\/www.elsindical.com.ar\/notas\/var\/www\/html\/notas\/wp-content\/uploads\/2021\/08\/Marcha-54-contra-la-Trata-08-1024x768.jpg 1024w, https:\/\/www.elsindical.com.ar\/notas\/var\/www\/html\/notas\/wp-content\/uploads\/2021\/08\/Marcha-54-contra-la-Trata-08-300x225.jpg 300w, https:\/\/www.elsindical.com.ar\/notas\/var\/www\/html\/notas\/wp-content\/uploads\/2021\/08\/Marcha-54-contra-la-Trata-08-768x576.jpg 768w, https:\/\/www.elsindical.com.ar\/notas\/var\/www\/html\/notas\/wp-content\/uploads\/2021\/08\/Marcha-54-contra-la-Trata-08-400x300.jpg 400w, https:\/\/www.elsindical.com.ar\/notas\/var\/www\/html\/notas\/wp-content\/uploads\/2021\/08\/Marcha-54-contra-la-Trata-08.jpg 1506w\" sizes=\"auto, (max-width: 1024px) 100vw, 1024px\" \/><\/a><\/figure><\/li><li class=\"blocks-gallery-item\"><figure><a href=\"https:\/\/www.elsindical.com.ar\/notas\/var\/www\/html\/notas\/wp-content\/uploads\/2021\/08\/Marcha-54-contra-la-Trata-07.jpg\"><img loading=\"lazy\" decoding=\"async\" width=\"1024\" height=\"768\" src=\"https:\/\/www.elsindical.com.ar\/notas\/var\/www\/html\/notas\/wp-content\/uploads\/2021\/08\/Marcha-54-contra-la-Trata-07-1024x768.jpg\" alt=\"\" data-id=\"107151\" data-full-url=\"https:\/\/www.elsindical.com.ar\/notas\/var\/www\/html\/notas\/wp-content\/uploads\/2021\/08\/Marcha-54-contra-la-Trata-07.jpg\" data-link=\"https:\/\/www.elsindical.com.ar\/notas\/?attachment_id=107151#main\" class=\"wp-image-107151\" srcset=\"https:\/\/www.elsindical.com.ar\/notas\/var\/www\/html\/notas\/wp-content\/uploads\/2021\/08\/Marcha-54-contra-la-Trata-07-1024x768.jpg 1024w, https:\/\/www.elsindical.com.ar\/notas\/var\/www\/html\/notas\/wp-content\/uploads\/2021\/08\/Marcha-54-contra-la-Trata-07-300x225.jpg 300w, https:\/\/www.elsindical.com.ar\/notas\/var\/www\/html\/notas\/wp-content\/uploads\/2021\/08\/Marcha-54-contra-la-Trata-07-768x576.jpg 768w, https:\/\/www.elsindical.com.ar\/notas\/var\/www\/html\/notas\/wp-content\/uploads\/2021\/08\/Marcha-54-contra-la-Trata-07-400x300.jpg 400w, https:\/\/www.elsindical.com.ar\/notas\/var\/www\/html\/notas\/wp-content\/uploads\/2021\/08\/Marcha-54-contra-la-Trata-07.jpg 1506w\" sizes=\"auto, (max-width: 1024px) 100vw, 1024px\" \/><\/a><\/figure><\/li><li class=\"blocks-gallery-item\"><figure><a href=\"https:\/\/www.elsindical.com.ar\/notas\/var\/www\/html\/notas\/wp-content\/uploads\/2021\/08\/Marcha-54-contra-la-Trata-06.jpg\"><img loading=\"lazy\" decoding=\"async\" width=\"1024\" height=\"768\" src=\"https:\/\/www.elsindical.com.ar\/notas\/var\/www\/html\/notas\/wp-content\/uploads\/2021\/08\/Marcha-54-contra-la-Trata-06-1024x768.jpg\" alt=\"\" data-id=\"107152\" data-full-url=\"https:\/\/www.elsindical.com.ar\/notas\/var\/www\/html\/notas\/wp-content\/uploads\/2021\/08\/Marcha-54-contra-la-Trata-06.jpg\" data-link=\"https:\/\/www.elsindical.com.ar\/notas\/?attachment_id=107152#main\" class=\"wp-image-107152\" srcset=\"https:\/\/www.elsindical.com.ar\/notas\/var\/www\/html\/notas\/wp-content\/uploads\/2021\/08\/Marcha-54-contra-la-Trata-06-1024x768.jpg 1024w, https:\/\/www.elsindical.com.ar\/notas\/var\/www\/html\/notas\/wp-content\/uploads\/2021\/08\/Marcha-54-contra-la-Trata-06-300x225.jpg 300w, https:\/\/www.elsindical.com.ar\/notas\/var\/www\/html\/notas\/wp-content\/uploads\/2021\/08\/Marcha-54-contra-la-Trata-06-768x576.jpg 768w, https:\/\/www.elsindical.com.ar\/notas\/var\/www\/html\/notas\/wp-content\/uploads\/2021\/08\/Marcha-54-contra-la-Trata-06-400x300.jpg 400w, https:\/\/www.elsindical.com.ar\/notas\/var\/www\/html\/notas\/wp-content\/uploads\/2021\/08\/Marcha-54-contra-la-Trata-06.jpg 1506w\" sizes=\"auto, (max-width: 1024px) 100vw, 1024px\" \/><\/a><\/figure><\/li><li class=\"blocks-gallery-item\"><figure><a href=\"https:\/\/www.elsindical.com.ar\/notas\/var\/www\/html\/notas\/wp-content\/uploads\/2021\/08\/Marcha-54-contra-la-Trata-05.jpg\"><img loading=\"lazy\" decoding=\"async\" width=\"768\" height=\"1024\" src=\"https:\/\/www.elsindical.com.ar\/notas\/var\/www\/html\/notas\/wp-content\/uploads\/2021\/08\/Marcha-54-contra-la-Trata-05-768x1024.jpg\" alt=\"\" data-id=\"107153\" data-full-url=\"https:\/\/www.elsindical.com.ar\/notas\/var\/www\/html\/notas\/wp-content\/uploads\/2021\/08\/Marcha-54-contra-la-Trata-05.jpg\" data-link=\"https:\/\/www.elsindical.com.ar\/notas\/?attachment_id=107153#main\" class=\"wp-image-107153\" srcset=\"https:\/\/www.elsindical.com.ar\/notas\/var\/www\/html\/notas\/wp-content\/uploads\/2021\/08\/Marcha-54-contra-la-Trata-05-768x1024.jpg 768w, https:\/\/www.elsindical.com.ar\/notas\/var\/www\/html\/notas\/wp-content\/uploads\/2021\/08\/Marcha-54-contra-la-Trata-05-225x300.jpg 225w, https:\/\/www.elsindical.com.ar\/notas\/var\/www\/html\/notas\/wp-content\/uploads\/2021\/08\/Marcha-54-contra-la-Trata-05-1152x1536.jpg 1152w, https:\/\/www.elsindical.com.ar\/notas\/var\/www\/html\/notas\/wp-content\/uploads\/2021\/08\/Marcha-54-contra-la-Trata-05.jpg 1506w\" sizes=\"auto, (max-width: 768px) 100vw, 768px\" \/><\/a><\/figure><\/li><li class=\"blocks-gallery-item\"><figure><a href=\"https:\/\/www.elsindical.com.ar\/notas\/var\/www\/html\/notas\/wp-content\/uploads\/2021\/08\/Marcha-54-contra-la-Trata-04.jpg\"><img loading=\"lazy\" decoding=\"async\" width=\"1024\" height=\"768\" src=\"https:\/\/www.elsindical.com.ar\/notas\/var\/www\/html\/notas\/wp-content\/uploads\/2021\/08\/Marcha-54-contra-la-Trata-04-1024x768.jpg\" alt=\"\" data-id=\"107154\" data-full-url=\"https:\/\/www.elsindical.com.ar\/notas\/var\/www\/html\/notas\/wp-content\/uploads\/2021\/08\/Marcha-54-contra-la-Trata-04.jpg\" data-link=\"https:\/\/www.elsindical.com.ar\/notas\/?attachment_id=107154#main\" class=\"wp-image-107154\" srcset=\"https:\/\/www.elsindical.com.ar\/notas\/var\/www\/html\/notas\/wp-content\/uploads\/2021\/08\/Marcha-54-contra-la-Trata-04-1024x768.jpg 1024w, https:\/\/www.elsindical.com.ar\/notas\/var\/www\/html\/notas\/wp-content\/uploads\/2021\/08\/Marcha-54-contra-la-Trata-04-300x225.jpg 300w, https:\/\/www.elsindical.com.ar\/notas\/var\/www\/html\/notas\/wp-content\/uploads\/2021\/08\/Marcha-54-contra-la-Trata-04-768x576.jpg 768w, https:\/\/www.elsindical.com.ar\/notas\/var\/www\/html\/notas\/wp-content\/uploads\/2021\/08\/Marcha-54-contra-la-Trata-04-400x300.jpg 400w, https:\/\/www.elsindical.com.ar\/notas\/var\/www\/html\/notas\/wp-content\/uploads\/2021\/08\/Marcha-54-contra-la-Trata-04.jpg 1506w\" sizes=\"auto, (max-width: 1024px) 100vw, 1024px\" \/><\/a><\/figure><\/li><li class=\"blocks-gallery-item\"><figure><a href=\"https:\/\/www.elsindical.com.ar\/notas\/var\/www\/html\/notas\/wp-content\/uploads\/2021\/08\/Marcha-54-contra-la-Trata-03.jpg\"><img loading=\"lazy\" decoding=\"async\" width=\"1024\" height=\"768\" src=\"https:\/\/www.elsindical.com.ar\/notas\/var\/www\/html\/notas\/wp-content\/uploads\/2021\/08\/Marcha-54-contra-la-Trata-03-1024x768.jpg\" alt=\"\" data-id=\"107155\" data-full-url=\"https:\/\/www.elsindical.com.ar\/notas\/var\/www\/html\/notas\/wp-content\/uploads\/2021\/08\/Marcha-54-contra-la-Trata-03.jpg\" data-link=\"https:\/\/www.elsindical.com.ar\/notas\/?attachment_id=107155#main\" class=\"wp-image-107155\" srcset=\"https:\/\/www.elsindical.com.ar\/notas\/var\/www\/html\/notas\/wp-content\/uploads\/2021\/08\/Marcha-54-contra-la-Trata-03-1024x768.jpg 1024w, https:\/\/www.elsindical.com.ar\/notas\/var\/www\/html\/notas\/wp-content\/uploads\/2021\/08\/Marcha-54-contra-la-Trata-03-300x225.jpg 300w, https:\/\/www.elsindical.com.ar\/notas\/var\/www\/html\/notas\/wp-content\/uploads\/2021\/08\/Marcha-54-contra-la-Trata-03-768x576.jpg 768w, https:\/\/www.elsindical.com.ar\/notas\/var\/www\/html\/notas\/wp-content\/uploads\/2021\/08\/Marcha-54-contra-la-Trata-03-400x300.jpg 400w, https:\/\/www.elsindical.com.ar\/notas\/var\/www\/html\/notas\/wp-content\/uploads\/2021\/08\/Marcha-54-contra-la-Trata-03.jpg 1506w\" sizes=\"auto, (max-width: 1024px) 100vw, 1024px\" \/><\/a><\/figure><\/li><li class=\"blocks-gallery-item\"><figure><a href=\"https:\/\/www.elsindical.com.ar\/notas\/var\/www\/html\/notas\/wp-content\/uploads\/2021\/08\/Marcha-54-contra-la-Trata-02.jpg\"><img loading=\"lazy\" decoding=\"async\" width=\"1024\" height=\"768\" src=\"https:\/\/www.elsindical.com.ar\/notas\/var\/www\/html\/notas\/wp-content\/uploads\/2021\/08\/Marcha-54-contra-la-Trata-02-1024x768.jpg\" alt=\"\" data-id=\"107156\" data-full-url=\"https:\/\/www.elsindical.com.ar\/notas\/var\/www\/html\/notas\/wp-content\/uploads\/2021\/08\/Marcha-54-contra-la-Trata-02.jpg\" data-link=\"https:\/\/www.elsindical.com.ar\/notas\/?attachment_id=107156#main\" class=\"wp-image-107156\" srcset=\"https:\/\/www.elsindical.com.ar\/notas\/var\/www\/html\/notas\/wp-content\/uploads\/2021\/08\/Marcha-54-contra-la-Trata-02-1024x768.jpg 1024w, https:\/\/www.elsindical.com.ar\/notas\/var\/www\/html\/notas\/wp-content\/uploads\/2021\/08\/Marcha-54-contra-la-Trata-02-300x225.jpg 300w, https:\/\/www.elsindical.com.ar\/notas\/var\/www\/html\/notas\/wp-content\/uploads\/2021\/08\/Marcha-54-contra-la-Trata-02-768x576.jpg 768w, https:\/\/www.elsindical.com.ar\/notas\/var\/www\/html\/notas\/wp-content\/uploads\/2021\/08\/Marcha-54-contra-la-Trata-02-400x300.jpg 400w, https:\/\/www.elsindical.com.ar\/notas\/var\/www\/html\/notas\/wp-content\/uploads\/2021\/08\/Marcha-54-contra-la-Trata-02.jpg 1506w\" sizes=\"auto, (max-width: 1024px) 100vw, 1024px\" \/><\/a><\/figure><\/li><li class=\"blocks-gallery-item\"><figure><a href=\"https:\/\/www.elsindical.com.ar\/notas\/var\/www\/html\/notas\/wp-content\/uploads\/2021\/08\/Marcha-54-contra-la-Trata-01.jpg\"><img loading=\"lazy\" decoding=\"async\" width=\"1024\" height=\"768\" src=\"https:\/\/www.elsindical.com.ar\/notas\/var\/www\/html\/notas\/wp-content\/uploads\/2021\/08\/Marcha-54-contra-la-Trata-01-1024x768.jpg\" alt=\"\" data-id=\"107157\" data-full-url=\"https:\/\/www.elsindical.com.ar\/notas\/var\/www\/html\/notas\/wp-content\/uploads\/2021\/08\/Marcha-54-contra-la-Trata-01.jpg\" data-link=\"https:\/\/www.elsindical.com.ar\/notas\/?attachment_id=107157#main\" class=\"wp-image-107157\" srcset=\"https:\/\/www.elsindical.com.ar\/notas\/var\/www\/html\/notas\/wp-content\/uploads\/2021\/08\/Marcha-54-contra-la-Trata-01-1024x768.jpg 1024w, https:\/\/www.elsindical.com.ar\/notas\/var\/www\/html\/notas\/wp-content\/uploads\/2021\/08\/Marcha-54-contra-la-Trata-01-300x225.jpg 300w, https:\/\/www.elsindical.com.ar\/notas\/var\/www\/html\/notas\/wp-content\/uploads\/2021\/08\/Marcha-54-contra-la-Trata-01-768x576.jpg 768w, https:\/\/www.elsindical.com.ar\/notas\/var\/www\/html\/notas\/wp-content\/uploads\/2021\/08\/Marcha-54-contra-la-Trata-01-400x300.jpg 400w, https:\/\/www.elsindical.com.ar\/notas\/var\/www\/html\/notas\/wp-content\/uploads\/2021\/08\/Marcha-54-contra-la-Trata-01.jpg 1506w\" sizes=\"auto, (max-width: 1024px) 100vw, 1024px\" \/><\/a><\/figure><\/li><\/ul><\/figure>\n\n\n\n<p>Por Marcelo Ricardo Hawrylciw<\/p>\n","protected":false},"excerpt":{"rendered":"<p>Con el siguiente comunicado se realizo una nueva marcha contra La Trata: Este agosto, no podemos celebrar el Mes de las Infancias.Porque chicxs faltan en sus hogares.Porque las familias sufren y se preguntan d\u00f3nde est\u00e1n.Porque la trata no distingue edad ni g\u00e9nero. \u00a1ACOMPA\u00d1ANOS EN LA RONDA ESTE VIERNES! \u00a1PARA DECIRLE BASTA A LOS ABUSOS EN&hellip;<\/p>\n","protected":false},"author":1,"featured_media":107142,"comment_status":"open","ping_status":"open","sticky":false,"template":"","format":"standard","meta":{"footnotes":""},"categories":[25],"tags":[11223,2450,32047,3592,28356,6633,904,491,315],"class_list":["post-107141","post","type-post","status-publish","format-standard","has-post-thumbnail","hentry","category-sociedad","tag-alberto-fernandez","tag-diario-el-sindical","tag-elizabeth-gomez-alcorta","tag-gustavo-vera","tag-madres-victimas-de-trata","tag-margarita-meira","tag-plaza-de-mayo","tag-prostitucion","tag-trata-de-personas"],"_links":{"self":[{"href":"https:\/\/www.elsindical.com.ar\/notas\/wp-json\/wp\/v2\/posts\/107141","targetHints":{"allow":["GET"]}}],"collection":[{"href":"https:\/\/www.elsindical.com.ar\/notas\/wp-json\/wp\/v2\/posts"}],"about":[{"href":"https:\/\/www.elsindical.com.ar\/notas\/wp-json\/wp\/v2\/types\/post"}],"author":[{"embeddable":true,"href":"https:\/\/www.elsindical.com.ar\/notas\/wp-json\/wp\/v2\/users\/1"}],"replies":[{"embeddable":true,"href":"https:\/\/www.elsindical.com.ar\/notas\/wp-json\/wp\/v2\/comments?post=107141"}],"version-history":[{"count":2,"href":"https:\/\/www.elsindical.com.ar\/notas\/wp-json\/wp\/v2\/posts\/107141\/revisions"}],"predecessor-version":[{"id":107181,"href":"https:\/\/www.elsindical.com.ar\/notas\/wp-json\/wp\/v2\/posts\/107141\/revisions\/107181"}],"wp:featuredmedia":[{"embeddable":true,"href":"https:\/\/www.elsindical.com.ar\/notas\/wp-json\/wp\/v2\/media\/107142"}],"wp:attachment":[{"href":"https:\/\/www.elsindical.com.ar\/notas\/wp-json\/wp\/v2\/media?parent=107141"}],"wp:term":[{"taxonomy":"category","embeddable":true,"href":"https:\/\/www.elsindical.com.ar\/notas\/wp-json\/wp\/v2\/categories?post=107141"},{"taxonomy":"post_tag","embeddable":true,"href":"https:\/\/www.elsindical.com.ar\/notas\/wp-json\/wp\/v2\/tags?post=107141"}],"curies":[{"name":"wp","href":"https:\/\/api.w.org\/{rel}","templated":true}]}}