{"id":107112,"date":"2021-08-20T09:48:02","date_gmt":"2021-08-20T12:48:02","guid":{"rendered":"https:\/\/www.elsindical.com.ar\/notas\/?p=107112"},"modified":"2021-08-20T09:48:03","modified_gmt":"2021-08-20T12:48:03","slug":"san-isidro-concejales-presentaron-un-pedido-de-informes-sobre-las-foto-multas","status":"publish","type":"post","link":"https:\/\/www.elsindical.com.ar\/notas\/san-isidro-concejales-presentaron-un-pedido-de-informes-sobre-las-foto-multas\/","title":{"rendered":"San Isidro: Concejales presentaron un pedido de informes sobre las foto multas"},"content":{"rendered":"\n<div class=\"wp-block-image\"><figure class=\"aligncenter size-full is-resized\"><a href=\"https:\/\/www.elsindical.com.ar\/notas\/var\/www\/html\/notas\/wp-content\/uploads\/2021\/08\/HCD-San-Isidro.jpg\"><img loading=\"lazy\" decoding=\"async\" src=\"https:\/\/www.elsindical.com.ar\/notas\/var\/www\/html\/notas\/wp-content\/uploads\/2021\/08\/HCD-San-Isidro.jpg\" alt=\"\" class=\"wp-image-107113\" width=\"667\" height=\"471\" srcset=\"https:\/\/www.elsindical.com.ar\/notas\/var\/www\/html\/notas\/wp-content\/uploads\/2021\/08\/HCD-San-Isidro.jpg 520w, https:\/\/www.elsindical.com.ar\/notas\/var\/www\/html\/notas\/wp-content\/uploads\/2021\/08\/HCD-San-Isidro-300x212.jpg 300w, https:\/\/www.elsindical.com.ar\/notas\/var\/www\/html\/notas\/wp-content\/uploads\/2021\/08\/HCD-San-Isidro-425x300.jpg 425w\" sizes=\"auto, (max-width: 667px) 100vw, 667px\" \/><\/a><\/figure><\/div>\n\n\n\n<p class=\"wp-block-paragraph\">Los concejales Gabriel Estoroni y Carlos Juncos presentaron en el HCD de San Isidro un pedido de informaci\u00f3n al Poder Ejecutivo sobre la situaci\u00f3n que existe en el Municipio en cuanto a la fiscalizaci\u00f3n del tr\u00e1nsito.<\/p>\n\n\n\n<p class=\"wp-block-paragraph\">As\u00ed, se solicita un informe que incluya la vigencia y condiciones de los convenios con las empresas con las cuales el municipio encabezado por Gustavo Posse firm\u00f3 contratos para la instalaci\u00f3n de tecnolog\u00eda vial.<\/p>\n\n\n\n<p class=\"wp-block-paragraph\">Los ediles recuerdan que \u00abla inseguridad vial es, seg\u00fan los datos de la Organizaci\u00f3n Mundial de la Salud (<a rel=\"noreferrer noopener\" href=\"https:\/\/lt.mydplr.com\/556400476abcd78111b65e3c54b6eb10-03dbe8ecd3c768eba54e63088f9c2775\" target=\"_blank\">OMS<\/a>), la principal causa de suerte en menores de 35 a\u00f1os en el mundo. Y que en la Argentina este fen\u00f3meno se reitera desde hace a\u00f1os, de acuerdo con lo informado por el\u00a0<a rel=\"noreferrer noopener\" href=\"https:\/\/lt.mydplr.com\/40d424c32cb2623ff7cf2f1c145c5501-03dbe8ecd3c768eba54e63088f9c2775\" target=\"_blank\">Observatorio de la Agencia Nacional de Seguridad Vial<\/a>\u00ab. Y argumentan que \u00abentre los principales factores de riesgo vial, el exceso de velocidad es la infracci\u00f3n que m\u00e1s consecuencias lesivas genera\u00bb.<\/p>\n\n\n\n<p class=\"wp-block-paragraph\">En San Isidro, con la finalidad de controlar la velocidad y violaci\u00f3n de sem\u00e1foros en rojo, hay instalado un sistema de c\u00e1maras e equipamiento inform\u00e1tico que se realiz\u00f3 en cooperaci\u00f3n con la Universidad Tecnol\u00f3gica Nacional, y con la ampliaci\u00f3n de convenios similares, suscriptos durante el a\u00f1o 2020, con la Universidad de San Mart\u00edn. Para conocer el estado de este sistema, los concejales piden el detalle de \u00ablos ingresos, egresos, instrumentos contractuales y dem\u00e1s informaci\u00f3n que permita evaluar c\u00f3mo ha funcionado el sistema de foto multas\u00bb.<\/p>\n\n\n\n<p class=\"wp-block-paragraph\">Adem\u00e1s, se hace hincapi\u00e9 en que el Concejo no \u00abha tomado conocimiento del convenio suscripto con la Universidad de San Mart\u00edn, lo que habr\u00eda correspondido conforme lo dispuesto por la Ley Org\u00e1nica Municipal\u00bb.<\/p>\n\n\n\n<p class=\"wp-block-paragraph\">Los concejales Estoroni y Juncos plantean que se encontrar\u00eda vencido el convenio con la Universidad Tecnol\u00f3gica Nacional y que el contrato firmado con la Universidad de San Mart\u00edn tiene porcentuales de beneficios para el Municipio distintos a los que se ven\u00edan percibiendo, lo que podr\u00eda poner en riesgo o desventaja los intereses del Estado Municipal.<\/p>\n\n\n\n<p class=\"wp-block-paragraph\">Por ello, el pedido de informe indaga sobre la vigencia del convenio para el control electr\u00f3nico de infracciones suscripto con la Universidad Tecnol\u00f3gica Nacional y pide que, en caso contrario, se informe de qu\u00e9 empresa u organizaci\u00f3n opera el sistema de fotomultas actualmente, qu\u00e9 Universidad forma parte del mismo y cu\u00e1nto porcentaje neto percibe el municipio de San Isidro por el cobro de las infracciones en la actualidad.<\/p>\n\n\n\n<p class=\"wp-block-paragraph\">Adem\u00e1s, se consulta si la Municipalidad ha sido informada del inter\u00e9s de la ANSV de realizar controles conjuntos sobre la Autopista Panamericana desde mediados del a\u00f1o 2020, ad refer\u00e9ndum de la firma de un acta acuerdo. Y, de estar vigente esa acta, si los controles se han efectivizado y, en caso contrario, el motivo de su no concreci\u00f3n.<\/p>\n\n\n\n<p class=\"wp-block-paragraph\">Por \u00faltimo, los concejales tambi\u00e9n solicitan saber si los prestadores de los servicios que tiene contratados el Municipio para dar el servicio de foto multas, cumplen con los requisitos exigidos por la Agencia Nacional de Seguridad Vial (ANSV). Estos requisitos son detallados en el decreto\u00a0<a rel=\"noreferrer noopener\" href=\"https:\/\/lt.mydplr.com\/d6f4f324471ec6dc3a7328f45d15d93a-03dbe8ecd3c768eba54e63088f9c2775\" target=\"_blank\">1232\/07<\/a>\u00a0.\u00a0<\/p>\n\n\n\n<figure class=\"wp-block-gallery columns-1 is-cropped wp-block-gallery-1 is-layout-flex wp-block-gallery-is-layout-flex\"><ul class=\"blocks-gallery-grid\"><li class=\"blocks-gallery-item\"><figure><a href=\"https:\/\/www.elsindical.com.ar\/notas\/var\/www\/html\/notas\/wp-content\/uploads\/2021\/08\/INFORMEFOTOMULTAS_page-0001.jpg\"><img loading=\"lazy\" decoding=\"async\" width=\"791\" height=\"1024\" src=\"https:\/\/www.elsindical.com.ar\/notas\/var\/www\/html\/notas\/wp-content\/uploads\/2021\/08\/INFORMEFOTOMULTAS_page-0001-791x1024.jpg\" alt=\"\" data-id=\"107115\" data-full-url=\"https:\/\/www.elsindical.com.ar\/notas\/var\/www\/html\/notas\/wp-content\/uploads\/2021\/08\/INFORMEFOTOMULTAS_page-0001.jpg\" data-link=\"https:\/\/www.elsindical.com.ar\/notas\/?attachment_id=107115#main\" class=\"wp-image-107115\" srcset=\"https:\/\/www.elsindical.com.ar\/notas\/var\/www\/html\/notas\/wp-content\/uploads\/2021\/08\/INFORMEFOTOMULTAS_page-0001-791x1024.jpg 791w, https:\/\/www.elsindical.com.ar\/notas\/var\/www\/html\/notas\/wp-content\/uploads\/2021\/08\/INFORMEFOTOMULTAS_page-0001-232x300.jpg 232w, https:\/\/www.elsindical.com.ar\/notas\/var\/www\/html\/notas\/wp-content\/uploads\/2021\/08\/INFORMEFOTOMULTAS_page-0001-768x994.jpg 768w, https:\/\/www.elsindical.com.ar\/notas\/var\/www\/html\/notas\/wp-content\/uploads\/2021\/08\/INFORMEFOTOMULTAS_page-0001-1187x1536.jpg 1187w, https:\/\/www.elsindical.com.ar\/notas\/var\/www\/html\/notas\/wp-content\/uploads\/2021\/08\/INFORMEFOTOMULTAS_page-0001.jpg 1275w\" sizes=\"auto, (max-width: 791px) 100vw, 791px\" \/><\/a><\/figure><\/li><\/ul><\/figure>\n\n\n\n<figure class=\"wp-block-image size-large\"><a href=\"https:\/\/www.elsindical.com.ar\/notas\/var\/www\/html\/notas\/wp-content\/uploads\/2021\/08\/INFORMEFOTOMULTAS_page-0002.jpg\"><img loading=\"lazy\" decoding=\"async\" width=\"791\" height=\"1024\" src=\"https:\/\/www.elsindical.com.ar\/notas\/var\/www\/html\/notas\/wp-content\/uploads\/2021\/08\/INFORMEFOTOMULTAS_page-0002-791x1024.jpg\" alt=\"\" class=\"wp-image-107114\" srcset=\"https:\/\/www.elsindical.com.ar\/notas\/var\/www\/html\/notas\/wp-content\/uploads\/2021\/08\/INFORMEFOTOMULTAS_page-0002-791x1024.jpg 791w, https:\/\/www.elsindical.com.ar\/notas\/var\/www\/html\/notas\/wp-content\/uploads\/2021\/08\/INFORMEFOTOMULTAS_page-0002-232x300.jpg 232w, https:\/\/www.elsindical.com.ar\/notas\/var\/www\/html\/notas\/wp-content\/uploads\/2021\/08\/INFORMEFOTOMULTAS_page-0002-768x994.jpg 768w, https:\/\/www.elsindical.com.ar\/notas\/var\/www\/html\/notas\/wp-content\/uploads\/2021\/08\/INFORMEFOTOMULTAS_page-0002-1187x1536.jpg 1187w, https:\/\/www.elsindical.com.ar\/notas\/var\/www\/html\/notas\/wp-content\/uploads\/2021\/08\/INFORMEFOTOMULTAS_page-0002.jpg 1275w\" sizes=\"auto, (max-width: 791px) 100vw, 791px\" \/><\/a><\/figure>\n","protected":false},"excerpt":{"rendered":"<p>Los concejales Gabriel Estoroni y Carlos Juncos presentaron en el HCD de San Isidro un pedido de informaci\u00f3n al Poder Ejecutivo sobre la situaci\u00f3n que existe en el Municipio en cuanto a la fiscalizaci\u00f3n del tr\u00e1nsito. As\u00ed, se solicita un informe que incluya la vigencia y condiciones de los convenios con las empresas con las&hellip;<\/p>\n","protected":false},"author":1,"featured_media":107113,"comment_status":"open","ping_status":"open","sticky":false,"template":"","format":"standard","meta":{"footnotes":""},"categories":[13],"tags":[35365,2450,35364,17443,35363,2054],"class_list":["post-107112","post","type-post","status-publish","format-standard","has-post-thumbnail","hentry","category-politica","tag-carlos-juncos","tag-diario-el-sindical","tag-gabriel-estoroni","tag-gustavo-posse","tag-hcd-san-isidro","tag-oms"],"_links":{"self":[{"href":"https:\/\/www.elsindical.com.ar\/notas\/wp-json\/wp\/v2\/posts\/107112","targetHints":{"allow":["GET"]}}],"collection":[{"href":"https:\/\/www.elsindical.com.ar\/notas\/wp-json\/wp\/v2\/posts"}],"about":[{"href":"https:\/\/www.elsindical.com.ar\/notas\/wp-json\/wp\/v2\/types\/post"}],"author":[{"embeddable":true,"href":"https:\/\/www.elsindical.com.ar\/notas\/wp-json\/wp\/v2\/users\/1"}],"replies":[{"embeddable":true,"href":"https:\/\/www.elsindical.com.ar\/notas\/wp-json\/wp\/v2\/comments?post=107112"}],"version-history":[{"count":1,"href":"https:\/\/www.elsindical.com.ar\/notas\/wp-json\/wp\/v2\/posts\/107112\/revisions"}],"predecessor-version":[{"id":107116,"href":"https:\/\/www.elsindical.com.ar\/notas\/wp-json\/wp\/v2\/posts\/107112\/revisions\/107116"}],"wp:featuredmedia":[{"embeddable":true,"href":"https:\/\/www.elsindical.com.ar\/notas\/wp-json\/wp\/v2\/media\/107113"}],"wp:attachment":[{"href":"https:\/\/www.elsindical.com.ar\/notas\/wp-json\/wp\/v2\/media?parent=107112"}],"wp:term":[{"taxonomy":"category","embeddable":true,"href":"https:\/\/www.elsindical.com.ar\/notas\/wp-json\/wp\/v2\/categories?post=107112"},{"taxonomy":"post_tag","embeddable":true,"href":"https:\/\/www.elsindical.com.ar\/notas\/wp-json\/wp\/v2\/tags?post=107112"}],"curies":[{"name":"wp","href":"https:\/\/api.w.org\/{rel}","templated":true}]}}