{"id":107084,"date":"2021-08-19T01:48:19","date_gmt":"2021-08-19T04:48:19","guid":{"rendered":"https:\/\/www.elsindical.com.ar\/notas\/?p=107084"},"modified":"2021-08-19T01:48:20","modified_gmt":"2021-08-19T04:48:20","slug":"la-cgt-renovara-autoridades-el-11-de-noviembre","status":"publish","type":"post","link":"https:\/\/www.elsindical.com.ar\/notas\/la-cgt-renovara-autoridades-el-11-de-noviembre\/","title":{"rendered":"La CGT renovar\u00e1 autoridades el 11 de noviembre"},"content":{"rendered":"\n<figure class=\"wp-block-image size-large\"><a href=\"https:\/\/www.elsindical.com.ar\/notas\/var\/www\/html\/notas\/wp-content\/uploads\/2018\/02\/edificio-CGT.jpg\"><img loading=\"lazy\" decoding=\"async\" width=\"1024\" height=\"536\" src=\"https:\/\/www.elsindical.com.ar\/notas\/var\/www\/html\/notas\/wp-content\/uploads\/2018\/02\/edificio-CGT-1024x536.jpg\" alt=\"\" class=\"wp-image-75757\" srcset=\"https:\/\/www.elsindical.com.ar\/notas\/var\/www\/html\/notas\/wp-content\/uploads\/2018\/02\/edificio-CGT-1024x536.jpg 1024w, https:\/\/www.elsindical.com.ar\/notas\/var\/www\/html\/notas\/wp-content\/uploads\/2018\/02\/edificio-CGT-300x157.jpg 300w, https:\/\/www.elsindical.com.ar\/notas\/var\/www\/html\/notas\/wp-content\/uploads\/2018\/02\/edificio-CGT-768x402.jpg 768w, https:\/\/www.elsindical.com.ar\/notas\/var\/www\/html\/notas\/wp-content\/uploads\/2018\/02\/edificio-CGT-500x262.jpg 500w, https:\/\/www.elsindical.com.ar\/notas\/var\/www\/html\/notas\/wp-content\/uploads\/2018\/02\/edificio-CGT.jpg 1200w\" sizes=\"auto, (max-width: 1024px) 100vw, 1024px\" \/><\/a><\/figure>\n\n\n\n<p>La conducci\u00f3n de la central obrera adem\u00e1s convocar\u00e1 el 17 de octubre a una marcha a Plaza de Mayo. La CGT dispuso realizar el 17 de octubre una marcha hacia la Plaza de Mayo para conmemorar el D\u00eda de la Lealtad Peronista y efectuar reuniones de sus cuerpos org\u00e1nicos para elegir nuevas autoridades el 22 de septiembre y el 11 de noviembre.<\/p>\n\n\n\n<p>La central obrera formalizar\u00e1 el martes, en nueva reuni\u00f3n de consejo directivo, la convocatoria al Comit\u00e9 Central Confederal (CCC) y al Congreso Nacional de elecci\u00f3n de autoridades para esas fechas, y ya aprob\u00f3 la realizaci\u00f3n de una gran movilizaci\u00f3n para el 17 de octubre, confirmaron a la agencia estatal T\u00e9lam integrantes de la conducci\u00f3n nacional de la CGT.<\/p>\n\n\n\n<p>Los integrantes del consejo directivo deliberaron durante tres horas por primera vez de forma presencial desde el inicio de la pandemia de coronavirus en el hist\u00f3rico edificio de Azopardo al 800 y aprobaron la realizaci\u00f3n de una gran marcha para el 17 de octubre.<\/p>\n\n\n\n<p>Adem\u00e1s, el martes se reunir\u00e1 nuevamente el consejo directivo desde las 16 para formalizar la convocatoria al CCC y al Congreso Nacional para elegir nuevas autoridades, que ocupar\u00e1n los cargos durante cuatro a\u00f1os.<\/p>\n\n\n\n<p>El Confederal, instancia previa que debe convocar al Congreso Nacional, sesionar\u00e1 el 22 de septiembre, en tanto el encuentro para elegir nueva conducci\u00f3n deliberar\u00e1 el 11 de noviembre en las amplias instalaciones que los mercantiles tienen en Parque Norte.<\/p>\n\n\n\n<p>\u201cEs preciso renovar el Estatuto de la central obrera, ya que tambi\u00e9n se aprob\u00f3 que en la nueva conducci\u00f3n haya un 50 por ciento de representaci\u00f3n femenina. La CGT fue muy generosa, porque la ley estipula un cupo del 30 por ciento\u201d, se\u00f1alaron los voceros.<\/p>\n\n\n\n<p>El Confederal se reunir\u00e1 10 d\u00edas despu\u00e9s de las elecciones PASO, mientras el Congreso Nacional cegetista lo har\u00e1 tres d\u00edas antes de los comicios legislativos generales.<\/p>\n\n\n\n<p>En el encuentro, que encabezaron los cotitulares H\u00e9ctor Daer y Carlos Acu\u00f1a, participaron entre otros el docente Sergio Romero, el ferroviario Omar Maturano, el estatal Andr\u00e9s Rodr\u00edguez, el aduanero Carlos Sueiro y el judicial Julio Piumato.<\/p>\n\n\n\n<p>La movilizaci\u00f3n hacia la Plaza de Mayo fue propuesta por Rodr\u00edguez y respaldada por Romero, Daer, el constructor Gerardo Mart\u00ednez y Maturano y, a partir del nuevo encuentro del martes, comenzar\u00e1n a analizarse los detalles de la organizaci\u00f3n del festejo.<\/p>\n","protected":false},"excerpt":{"rendered":"<p>La conducci\u00f3n de la central obrera adem\u00e1s convocar\u00e1 el 17 de octubre a una marcha a Plaza de Mayo. La CGT dispuso realizar el 17 de octubre una marcha hacia la Plaza de Mayo para conmemorar el D\u00eda de la Lealtad Peronista y efectuar reuniones de sus cuerpos org\u00e1nicos para elegir nuevas autoridades el 22&hellip;<\/p>\n","protected":false},"author":1,"featured_media":75757,"comment_status":"open","ping_status":"open","sticky":false,"template":"","format":"standard","meta":{"footnotes":""},"categories":[16],"tags":[371,12209,910,2450,244],"class_list":["post-107084","post","type-post","status-publish","format-standard","has-post-thumbnail","hentry","category-gremiales","tag-autoridades","tag-ccc","tag-cgt","tag-diario-el-sindical","tag-elecciones"],"_links":{"self":[{"href":"https:\/\/www.elsindical.com.ar\/notas\/wp-json\/wp\/v2\/posts\/107084","targetHints":{"allow":["GET"]}}],"collection":[{"href":"https:\/\/www.elsindical.com.ar\/notas\/wp-json\/wp\/v2\/posts"}],"about":[{"href":"https:\/\/www.elsindical.com.ar\/notas\/wp-json\/wp\/v2\/types\/post"}],"author":[{"embeddable":true,"href":"https:\/\/www.elsindical.com.ar\/notas\/wp-json\/wp\/v2\/users\/1"}],"replies":[{"embeddable":true,"href":"https:\/\/www.elsindical.com.ar\/notas\/wp-json\/wp\/v2\/comments?post=107084"}],"version-history":[{"count":1,"href":"https:\/\/www.elsindical.com.ar\/notas\/wp-json\/wp\/v2\/posts\/107084\/revisions"}],"predecessor-version":[{"id":107085,"href":"https:\/\/www.elsindical.com.ar\/notas\/wp-json\/wp\/v2\/posts\/107084\/revisions\/107085"}],"wp:featuredmedia":[{"embeddable":true,"href":"https:\/\/www.elsindical.com.ar\/notas\/wp-json\/wp\/v2\/media\/75757"}],"wp:attachment":[{"href":"https:\/\/www.elsindical.com.ar\/notas\/wp-json\/wp\/v2\/media?parent=107084"}],"wp:term":[{"taxonomy":"category","embeddable":true,"href":"https:\/\/www.elsindical.com.ar\/notas\/wp-json\/wp\/v2\/categories?post=107084"},{"taxonomy":"post_tag","embeddable":true,"href":"https:\/\/www.elsindical.com.ar\/notas\/wp-json\/wp\/v2\/tags?post=107084"}],"curies":[{"name":"wp","href":"https:\/\/api.w.org\/{rel}","templated":true}]}}