{"id":107041,"date":"2021-08-17T09:45:53","date_gmt":"2021-08-17T12:45:53","guid":{"rendered":"https:\/\/www.elsindical.com.ar\/notas\/?p=107041"},"modified":"2021-08-17T09:45:55","modified_gmt":"2021-08-17T12:45:55","slug":"mataderos-le-robaron-a-una-familia-secuestraron-a-su-hijo-de-6-anos-y-pidieron-600-mi-dolares-para-rescatarlo","status":"publish","type":"post","link":"https:\/\/www.elsindical.com.ar\/notas\/mataderos-le-robaron-a-una-familia-secuestraron-a-su-hijo-de-6-anos-y-pidieron-600-mi-dolares-para-rescatarlo\/","title":{"rendered":"Mataderos: Le robaron a una familia, secuestraron a su hijo de 6 a\u00f1os y pidieron 600 mi d\u00f3lares para rescatarlo"},"content":{"rendered":"\n<figure class=\"wp-block-image size-full\"><a href=\"https:\/\/www.elsindical.com.ar\/notas\/var\/www\/html\/notas\/wp-content\/uploads\/2021\/08\/chico-secuestrado-salvado.jpg\"><img loading=\"lazy\" decoding=\"async\" width=\"879\" height=\"586\" src=\"https:\/\/www.elsindical.com.ar\/notas\/var\/www\/html\/notas\/wp-content\/uploads\/2021\/08\/chico-secuestrado-salvado.jpg\" alt=\"\" class=\"wp-image-107042\" srcset=\"https:\/\/www.elsindical.com.ar\/notas\/var\/www\/html\/notas\/wp-content\/uploads\/2021\/08\/chico-secuestrado-salvado.jpg 879w, https:\/\/www.elsindical.com.ar\/notas\/var\/www\/html\/notas\/wp-content\/uploads\/2021\/08\/chico-secuestrado-salvado-300x200.jpg 300w, https:\/\/www.elsindical.com.ar\/notas\/var\/www\/html\/notas\/wp-content\/uploads\/2021\/08\/chico-secuestrado-salvado-768x512.jpg 768w, https:\/\/www.elsindical.com.ar\/notas\/var\/www\/html\/notas\/wp-content\/uploads\/2021\/08\/chico-secuestrado-salvado-450x300.jpg 450w\" sizes=\"auto, (max-width: 879px) 100vw, 879px\" \/><\/a><\/figure>\n\n\n\n<p class=\"wp-block-paragraph\">El peque\u00f1o, que se encontraba parado a un costado de la autopista y descalzo, fue auxiliado por varios automovilistas, entre ellos una ayudante terap\u00e9utica, que lo entreg\u00f3 a la Polic\u00eda sano y salvo. Sobre el origen del hecho, por el momento no se hab\u00eda establecido la causa por la cual la familia fue sometida a la extorsi\u00f3n. Seg\u00fan se supo, el padre del chico se dedica a la compra y venta de metales.<\/p>\n\n\n\n<p class=\"wp-block-paragraph\">Un <strong>grupo de delincuentes asalt\u00f3 una vivienda en el barrio porte\u00f1o de Mataderos<\/strong>, secuestr\u00f3 a un n<strong>i\u00f1o de seis a\u00f1os, pidi\u00f3 un rescate de 600 mil d\u00f3lares<\/strong> y seis horas m\u00e1s tarde lo liber\u00f3 en la localidad bonaerense de Campana, pese a <strong>no cobrar ning\u00fan rescate.<\/strong><\/p>\n\n\n\n<p class=\"wp-block-paragraph\">El episodio se inici\u00f3 cerca del mediod\u00eda de ayer cuando tres hombres vestidos con ropas de civil que <strong>simularon ser polic\u00edas<\/strong> ingresaron a una vivienda situada en Montiel al 2.162, en la que reside el ni\u00f1o y el matrimonio. En el lugar sorprendieron a los tres integrantes de la familia, adem\u00e1s de un amigo, y les dijeron que iban a hacer un procedimiento policial, aunque luego exigieron una importante suma de dinero. <strong>Al no obtener el monto exigido, los delincuentes tomaron al peque\u00f1o como reh\u00e9n<\/strong>, al que subieron a un autom\u00f3vil Fiat Siena y escaparon de la casa.<\/p>\n\n\n\n<p class=\"wp-block-paragraph\">El <strong>auto fue encontrado abandonado cerca de la avenida General Paz y Melo,<\/strong> en la zona norte de la ciudad de Buenos Aires. Alrededor de una hora m\u00e1s tarde, la familia del peque\u00f1o recibi\u00f3 una <strong>llamada extorsiva<\/strong> realizada por los secuestradores, en la que<strong> exigieron 600 mil d\u00f3lares de rescate.<\/strong><\/p>\n\n\n\n<p class=\"wp-block-paragraph\">Los padres del chico aseguraron que <strong>no contaban con esa suma<\/strong>, en la \u00fanica comunicaci\u00f3n que habr\u00edan recibido, indicaron voceros ligados a la investigaci\u00f3n. Finalmente, poco antes del atardecer, el <strong>chico fue encontrado en la autopista Panamericana, a la altura de Campana.<\/strong><\/p>\n\n\n\n<p class=\"wp-block-paragraph\">El peque\u00f1o, que <strong>se encontraba parado a un costado de la autopista y descalzo<\/strong>, fue auxiliado por varios automovilistas, entre ellos una <strong>ayudante terap\u00e9utica,<\/strong> que lo entreg\u00f3 a la Polic\u00eda sano y salvo.<\/p>\n\n\n\n<p class=\"wp-block-paragraph\">Sobre el origen del hecho, por <strong>el momento no se hab\u00eda establecido la causa por la cual la familia fue sometida a la extorsi\u00f3n<\/strong>. Seg\u00fan se supo, el padre del chico se dedica a la compra y venta de metales.<\/p>\n\n\n\n<p class=\"wp-block-paragraph\"><\/p>\n","protected":false},"excerpt":{"rendered":"<p>El peque\u00f1o, que se encontraba parado a un costado de la autopista y descalzo, fue auxiliado por varios automovilistas, entre ellos una ayudante terap\u00e9utica, que lo entreg\u00f3 a la Polic\u00eda sano y salvo. Sobre el origen del hecho, por el momento no se hab\u00eda establecido la causa por la cual la familia fue sometida a&hellip;<\/p>\n","protected":false},"author":1,"featured_media":107042,"comment_status":"open","ping_status":"open","sticky":false,"template":"","format":"standard","meta":{"footnotes":""},"categories":[22],"tags":[4284,3027,2450,743,3085,35349],"class_list":["post-107041","post","type-post","status-publish","format-standard","has-post-thumbnail","hentry","category-policiales","tag-caba","tag-campana","tag-diario-el-sindical","tag-mataderos","tag-rescate","tag-secuestro-nino"],"_links":{"self":[{"href":"https:\/\/www.elsindical.com.ar\/notas\/wp-json\/wp\/v2\/posts\/107041","targetHints":{"allow":["GET"]}}],"collection":[{"href":"https:\/\/www.elsindical.com.ar\/notas\/wp-json\/wp\/v2\/posts"}],"about":[{"href":"https:\/\/www.elsindical.com.ar\/notas\/wp-json\/wp\/v2\/types\/post"}],"author":[{"embeddable":true,"href":"https:\/\/www.elsindical.com.ar\/notas\/wp-json\/wp\/v2\/users\/1"}],"replies":[{"embeddable":true,"href":"https:\/\/www.elsindical.com.ar\/notas\/wp-json\/wp\/v2\/comments?post=107041"}],"version-history":[{"count":1,"href":"https:\/\/www.elsindical.com.ar\/notas\/wp-json\/wp\/v2\/posts\/107041\/revisions"}],"predecessor-version":[{"id":107043,"href":"https:\/\/www.elsindical.com.ar\/notas\/wp-json\/wp\/v2\/posts\/107041\/revisions\/107043"}],"wp:featuredmedia":[{"embeddable":true,"href":"https:\/\/www.elsindical.com.ar\/notas\/wp-json\/wp\/v2\/media\/107042"}],"wp:attachment":[{"href":"https:\/\/www.elsindical.com.ar\/notas\/wp-json\/wp\/v2\/media?parent=107041"}],"wp:term":[{"taxonomy":"category","embeddable":true,"href":"https:\/\/www.elsindical.com.ar\/notas\/wp-json\/wp\/v2\/categories?post=107041"},{"taxonomy":"post_tag","embeddable":true,"href":"https:\/\/www.elsindical.com.ar\/notas\/wp-json\/wp\/v2\/tags?post=107041"}],"curies":[{"name":"wp","href":"https:\/\/api.w.org\/{rel}","templated":true}]}}