{"id":107023,"date":"2021-08-16T13:15:11","date_gmt":"2021-08-16T16:15:11","guid":{"rendered":"https:\/\/www.elsindical.com.ar\/notas\/?p=107023"},"modified":"2021-08-16T13:15:11","modified_gmt":"2021-08-16T16:15:11","slug":"nestor-grindetti-y-el-verso-del-puente-alsina","status":"publish","type":"post","link":"https:\/\/www.elsindical.com.ar\/notas\/nestor-grindetti-y-el-verso-del-puente-alsina\/","title":{"rendered":"N\u00e9stor Grindetti y el verso del Puente Alsina"},"content":{"rendered":"\n<figure class=\"wp-block-image size-large\"><a href=\"https:\/\/www.elsindical.com.ar\/notas\/var\/www\/html\/notas\/wp-content\/uploads\/2021\/08\/Grindetti-Puente-Alsina.jpg\"><img loading=\"lazy\" decoding=\"async\" width=\"1024\" height=\"750\" src=\"https:\/\/www.elsindical.com.ar\/notas\/var\/www\/html\/notas\/wp-content\/uploads\/2021\/08\/Grindetti-Puente-Alsina-1024x750.jpg\" alt=\"\" class=\"wp-image-107025\" srcset=\"https:\/\/www.elsindical.com.ar\/notas\/var\/www\/html\/notas\/wp-content\/uploads\/2021\/08\/Grindetti-Puente-Alsina-1024x750.jpg 1024w, https:\/\/www.elsindical.com.ar\/notas\/var\/www\/html\/notas\/wp-content\/uploads\/2021\/08\/Grindetti-Puente-Alsina-300x220.jpg 300w, https:\/\/www.elsindical.com.ar\/notas\/var\/www\/html\/notas\/wp-content\/uploads\/2021\/08\/Grindetti-Puente-Alsina-768x562.jpg 768w, https:\/\/www.elsindical.com.ar\/notas\/var\/www\/html\/notas\/wp-content\/uploads\/2021\/08\/Grindetti-Puente-Alsina-410x300.jpg 410w, https:\/\/www.elsindical.com.ar\/notas\/var\/www\/html\/notas\/wp-content\/uploads\/2021\/08\/Grindetti-Puente-Alsina.jpg 1366w\" sizes=\"auto, (max-width: 1024px) 100vw, 1024px\" \/><\/a><\/figure>\n\n\n\n<p class=\"wp-block-paragraph\">       Por el 1\u00b0 de agosto comenzaron las obras de \u00abpuesta en valor\u00bb del Puente Alsina, los trabajos realizados estuvieron a cargo de la Secretar\u00eda de Espacios P\u00fablicos del Municipio conjuntamente con el \u00e1rea de tr\u00e1nsito.<\/p>\n\n\n\n<p class=\"wp-block-paragraph\">Esto que a primera vista parece positivo ya que es uno de los principales accesos a la Capital Federal desde el Conurbano Sur, termin\u00f3 siendo un chasco m\u00e1s de la pol\u00edtica que en \u00e9pocas de campa\u00f1a buscan mostrar una gesti\u00f3n que no existe, pero ahora se muestra ineficiente o corrupta.<\/p>\n\n\n\n<p class=\"wp-block-paragraph\">Digo esto porque cuesta creer que en el a\u00f1o 2021, las reparaciones que ahora le dicen puesta en valor, duren menos de 10 d\u00edas, terminados los trabajos pas\u00e9 por el puente y se apreciaban a simple vista malas uniones del asfalto que se suele utilizar, es decir, un trabajo mal realizado, dudo que Grindetti pagara si alguien le realiza un trabajo as\u00ed en su domicilio, pero como lo pagan los vecinos y lo van a usar otros no importa si queda bien, regular o mal.<\/p>\n\n\n\n<p class=\"wp-block-paragraph\">As\u00ed las cosas con los d\u00edas, esas imperfecciones por desniveles se hacen m\u00e1s notorias y profundas como es l\u00f3gico, con lo cual en poco tiempo el puente volver\u00e1 a ser un puente con baches, pero con una cobertura nueva, al maquillaje ahora le dicen puesta en valor.<\/p>\n\n\n\n<figure class=\"wp-block-image size-full\"><a href=\"https:\/\/www.elsindical.com.ar\/notas\/var\/www\/html\/notas\/wp-content\/uploads\/2021\/08\/Puente-Alsina-puesta-en-valor-2021.jpg\"><img loading=\"lazy\" decoding=\"async\" width=\"1006\" height=\"566\" src=\"https:\/\/www.elsindical.com.ar\/notas\/var\/www\/html\/notas\/wp-content\/uploads\/2021\/08\/Puente-Alsina-puesta-en-valor-2021.jpg\" alt=\"\" class=\"wp-image-107024\" srcset=\"https:\/\/www.elsindical.com.ar\/notas\/var\/www\/html\/notas\/wp-content\/uploads\/2021\/08\/Puente-Alsina-puesta-en-valor-2021.jpg 1006w, https:\/\/www.elsindical.com.ar\/notas\/var\/www\/html\/notas\/wp-content\/uploads\/2021\/08\/Puente-Alsina-puesta-en-valor-2021-300x169.jpg 300w, https:\/\/www.elsindical.com.ar\/notas\/var\/www\/html\/notas\/wp-content\/uploads\/2021\/08\/Puente-Alsina-puesta-en-valor-2021-768x432.jpg 768w, https:\/\/www.elsindical.com.ar\/notas\/var\/www\/html\/notas\/wp-content\/uploads\/2021\/08\/Puente-Alsina-puesta-en-valor-2021-500x281.jpg 500w, https:\/\/www.elsindical.com.ar\/notas\/var\/www\/html\/notas\/wp-content\/uploads\/2021\/08\/Puente-Alsina-puesta-en-valor-2021-460x260.jpg 460w\" sizes=\"auto, (max-width: 1006px) 100vw, 1006px\" \/><\/a><\/figure>\n\n\n\n<p class=\"wp-block-paragraph\">Por Marcelo Ricardo Hawrylciw<\/p>\n","protected":false},"excerpt":{"rendered":"<p>Por el 1\u00b0 de agosto comenzaron las obras de \u00abpuesta en valor\u00bb del Puente Alsina, los trabajos realizados estuvieron a cargo de la Secretar\u00eda de Espacios P\u00fablicos del Municipio conjuntamente con el \u00e1rea de tr\u00e1nsito. Esto que a primera vista parece positivo ya que es uno de los principales accesos a la Capital Federal desde&hellip;<\/p>\n","protected":false},"author":1,"featured_media":107025,"comment_status":"open","ping_status":"open","sticky":false,"template":"","format":"standard","meta":{"footnotes":""},"categories":[10,13],"tags":[4284,29557,2450,209,5025,22703,35342],"class_list":["post-107023","post","type-post","status-publish","format-standard","has-post-thumbnail","hentry","category-editorial","category-politica","tag-caba","tag-conurbano-sur","tag-diario-el-sindical","tag-lanus","tag-nestor-grindetti","tag-puente-alsina","tag-puesta-en-valor"],"_links":{"self":[{"href":"https:\/\/www.elsindical.com.ar\/notas\/wp-json\/wp\/v2\/posts\/107023","targetHints":{"allow":["GET"]}}],"collection":[{"href":"https:\/\/www.elsindical.com.ar\/notas\/wp-json\/wp\/v2\/posts"}],"about":[{"href":"https:\/\/www.elsindical.com.ar\/notas\/wp-json\/wp\/v2\/types\/post"}],"author":[{"embeddable":true,"href":"https:\/\/www.elsindical.com.ar\/notas\/wp-json\/wp\/v2\/users\/1"}],"replies":[{"embeddable":true,"href":"https:\/\/www.elsindical.com.ar\/notas\/wp-json\/wp\/v2\/comments?post=107023"}],"version-history":[{"count":1,"href":"https:\/\/www.elsindical.com.ar\/notas\/wp-json\/wp\/v2\/posts\/107023\/revisions"}],"predecessor-version":[{"id":107026,"href":"https:\/\/www.elsindical.com.ar\/notas\/wp-json\/wp\/v2\/posts\/107023\/revisions\/107026"}],"wp:featuredmedia":[{"embeddable":true,"href":"https:\/\/www.elsindical.com.ar\/notas\/wp-json\/wp\/v2\/media\/107025"}],"wp:attachment":[{"href":"https:\/\/www.elsindical.com.ar\/notas\/wp-json\/wp\/v2\/media?parent=107023"}],"wp:term":[{"taxonomy":"category","embeddable":true,"href":"https:\/\/www.elsindical.com.ar\/notas\/wp-json\/wp\/v2\/categories?post=107023"},{"taxonomy":"post_tag","embeddable":true,"href":"https:\/\/www.elsindical.com.ar\/notas\/wp-json\/wp\/v2\/tags?post=107023"}],"curies":[{"name":"wp","href":"https:\/\/api.w.org\/{rel}","templated":true}]}}