{"id":107014,"date":"2021-08-16T09:30:06","date_gmt":"2021-08-16T12:30:06","guid":{"rendered":"https:\/\/www.elsindical.com.ar\/notas\/?p=107014"},"modified":"2021-08-16T09:30:07","modified_gmt":"2021-08-16T12:30:07","slug":"lomas-de-zamora-vecinos-sorprendidos-y-enojados-con-el-municipio-por-ronda-de-patrullas-en-el-centro","status":"publish","type":"post","link":"https:\/\/www.elsindical.com.ar\/notas\/lomas-de-zamora-vecinos-sorprendidos-y-enojados-con-el-municipio-por-ronda-de-patrullas-en-el-centro\/","title":{"rendered":"Lomas de Zamora: Vecinos sorprendidos y enojados con el municipio por ronda de patrullas en el centro"},"content":{"rendered":"\n<div class=\"wp-block-image\"><figure class=\"aligncenter size-full\"><a href=\"https:\/\/www.elsindical.com.ar\/notas\/var\/www\/html\/notas\/wp-content\/uploads\/2021\/08\/moviles-de-Lomas-de-Zamora.jpg\"><img loading=\"lazy\" decoding=\"async\" width=\"720\" height=\"575\" src=\"https:\/\/www.elsindical.com.ar\/notas\/var\/www\/html\/notas\/wp-content\/uploads\/2021\/08\/moviles-de-Lomas-de-Zamora.jpg\" alt=\"\" class=\"wp-image-107015\" srcset=\"https:\/\/www.elsindical.com.ar\/notas\/var\/www\/html\/notas\/wp-content\/uploads\/2021\/08\/moviles-de-Lomas-de-Zamora.jpg 720w, https:\/\/www.elsindical.com.ar\/notas\/var\/www\/html\/notas\/wp-content\/uploads\/2021\/08\/moviles-de-Lomas-de-Zamora-300x240.jpg 300w, https:\/\/www.elsindical.com.ar\/notas\/var\/www\/html\/notas\/wp-content\/uploads\/2021\/08\/moviles-de-Lomas-de-Zamora-376x300.jpg 376w\" sizes=\"auto, (max-width: 720px) 100vw, 720px\" \/><\/a><\/figure><\/div>\n\n\n\n<p class=\"wp-block-paragraph\">Cerca de 20 patrullas municipales recorrieron durante poco m\u00e1s de dos horas el centro de Lomas de Zamora el s\u00e1bado \u00faltimo por la noche con sirenas y luces encendidas, en una especie de caravana, que llam\u00f3 la atenci\u00f3n de los vecinos. La situaci\u00f3n, adem\u00e1s, gener\u00f3 rechaz\u00f3 en las redes sociales.<\/p>\n\n\n\n<p class=\"wp-block-paragraph\">La llamativa situaci\u00f3n \u2013 los numerosos m\u00f3viles de la Polic\u00eda Local circulando en caravana por el centro lomense \u2013 fue explicada por el subsecretario de Seguridad de Lomas de Zamora, Cristian Arias, en su Instagram.<\/p>\n\n\n\n<p class=\"wp-block-paragraph\">\u201cSaturando todo el distrito!. El Lomas que queremos\u201d, expres\u00f3 el funcionario en su red social con una imagen de los patrulleros circulando frente a la Plaza Grigera.<\/p>\n\n\n\n<p class=\"wp-block-paragraph\">Muchos vecinos se manifestaron en redes sociales sorprendidos por el llamativo operativo de saturaci\u00f3n y lo cuestionaron duramente, ya que resulta molesto tener sirenas durante ese tiempo para quienes viven cercanos a la plaza.<\/p>\n\n\n\n<p class=\"wp-block-paragraph\">Por otro lado, lo que se hizo fue m\u00e1s un circo que una medida de prevenci\u00f3n que no beneficia al resto de los vecinos de Lomas de Zamora que es mucho m\u00e1s amplio que la zona del Palacio Municipal.<\/p>\n","protected":false},"excerpt":{"rendered":"<p>Cerca de 20 patrullas municipales recorrieron durante poco m\u00e1s de dos horas el centro de Lomas de Zamora el s\u00e1bado \u00faltimo por la noche con sirenas y luces encendidas, en una especie de caravana, que llam\u00f3 la atenci\u00f3n de los vecinos. La situaci\u00f3n, adem\u00e1s, gener\u00f3 rechaz\u00f3 en las redes sociales. La llamativa situaci\u00f3n \u2013 los&hellip;<\/p>\n","protected":false},"author":1,"featured_media":107015,"comment_status":"open","ping_status":"open","sticky":false,"template":"","format":"standard","meta":{"footnotes":""},"categories":[22],"tags":[2450,744,1718,17154,986],"class_list":["post-107014","post","type-post","status-publish","format-standard","has-post-thumbnail","hentry","category-policiales","tag-diario-el-sindical","tag-lomas-de-zamora","tag-municipio","tag-patrullas","tag-vecinos"],"_links":{"self":[{"href":"https:\/\/www.elsindical.com.ar\/notas\/wp-json\/wp\/v2\/posts\/107014","targetHints":{"allow":["GET"]}}],"collection":[{"href":"https:\/\/www.elsindical.com.ar\/notas\/wp-json\/wp\/v2\/posts"}],"about":[{"href":"https:\/\/www.elsindical.com.ar\/notas\/wp-json\/wp\/v2\/types\/post"}],"author":[{"embeddable":true,"href":"https:\/\/www.elsindical.com.ar\/notas\/wp-json\/wp\/v2\/users\/1"}],"replies":[{"embeddable":true,"href":"https:\/\/www.elsindical.com.ar\/notas\/wp-json\/wp\/v2\/comments?post=107014"}],"version-history":[{"count":1,"href":"https:\/\/www.elsindical.com.ar\/notas\/wp-json\/wp\/v2\/posts\/107014\/revisions"}],"predecessor-version":[{"id":107016,"href":"https:\/\/www.elsindical.com.ar\/notas\/wp-json\/wp\/v2\/posts\/107014\/revisions\/107016"}],"wp:featuredmedia":[{"embeddable":true,"href":"https:\/\/www.elsindical.com.ar\/notas\/wp-json\/wp\/v2\/media\/107015"}],"wp:attachment":[{"href":"https:\/\/www.elsindical.com.ar\/notas\/wp-json\/wp\/v2\/media?parent=107014"}],"wp:term":[{"taxonomy":"category","embeddable":true,"href":"https:\/\/www.elsindical.com.ar\/notas\/wp-json\/wp\/v2\/categories?post=107014"},{"taxonomy":"post_tag","embeddable":true,"href":"https:\/\/www.elsindical.com.ar\/notas\/wp-json\/wp\/v2\/tags?post=107014"}],"curies":[{"name":"wp","href":"https:\/\/api.w.org\/{rel}","templated":true}]}}