{"id":107000,"date":"2021-08-14T11:50:32","date_gmt":"2021-08-14T14:50:32","guid":{"rendered":"https:\/\/www.elsindical.com.ar\/notas\/?p=107000"},"modified":"2021-08-14T11:50:34","modified_gmt":"2021-08-14T14:50:34","slug":"sof-tot-presenta-su-videoclip-%c2%a8roma%c2%a8","status":"publish","type":"post","link":"https:\/\/www.elsindical.com.ar\/notas\/sof-tot-presenta-su-videoclip-%c2%a8roma%c2%a8\/","title":{"rendered":"Sof Tot presenta su videoclip \u00a8Roma\u00a8"},"content":{"rendered":"\n<figure class=\"wp-block-image size-large\"><a href=\"https:\/\/www.elsindical.com.ar\/notas\/var\/www\/html\/notas\/wp-content\/uploads\/2021\/08\/Sof-Tot-scaled.jpg\"><img loading=\"lazy\" decoding=\"async\" width=\"1024\" height=\"1024\" src=\"https:\/\/www.elsindical.com.ar\/notas\/var\/www\/html\/notas\/wp-content\/uploads\/2021\/08\/Sof-Tot-1024x1024.jpg\" alt=\"\" class=\"wp-image-107001\" srcset=\"https:\/\/www.elsindical.com.ar\/notas\/var\/www\/html\/notas\/wp-content\/uploads\/2021\/08\/Sof-Tot-1024x1024.jpg 1024w, https:\/\/www.elsindical.com.ar\/notas\/var\/www\/html\/notas\/wp-content\/uploads\/2021\/08\/Sof-Tot-300x300.jpg 300w, https:\/\/www.elsindical.com.ar\/notas\/var\/www\/html\/notas\/wp-content\/uploads\/2021\/08\/Sof-Tot-150x150.jpg 150w, https:\/\/www.elsindical.com.ar\/notas\/var\/www\/html\/notas\/wp-content\/uploads\/2021\/08\/Sof-Tot-768x768.jpg 768w, https:\/\/www.elsindical.com.ar\/notas\/var\/www\/html\/notas\/wp-content\/uploads\/2021\/08\/Sof-Tot-1536x1536.jpg 1536w, https:\/\/www.elsindical.com.ar\/notas\/var\/www\/html\/notas\/wp-content\/uploads\/2021\/08\/Sof-Tot-2048x2048.jpg 2048w, https:\/\/www.elsindical.com.ar\/notas\/var\/www\/html\/notas\/wp-content\/uploads\/2021\/08\/Sof-Tot-50x50.jpg 50w\" sizes=\"auto, (max-width: 1024px) 100vw, 1024px\" \/><\/a><\/figure>\n\n\n\n<p>\u00a8Roma\u00a8 es una canci\u00f3n que habla sobre el AMOR sin nombrarlo.<br>ROMA forma parte de una serie de canciones singles por venir, enmarcadas en un contexto y una necesidad de la artista de mantener viva la escritura colectiva en tiempos de aislamiento. Pop rom\u00e1ntico alternativo producido junto a Igna P\u00e9rez (Weste).<br><br><strong><u>FICHA T\u00c9CNICA<\/u><\/strong><br><br>DIRECCI\u00d3N Sof\u00eda Medrano<br>DIRECTOR de FOTOGRAF\u00cdA\u00a0\u00a0Baltasar Torcasso<br>PRODUCCI\u00d3N\u00a0\u00a0Sof\u00eda Medrano \/ Sof Tot<br>C\u00c1MARA\u00a0\u00a0Baltasar Torcasso\u00a0<br>ARTE y ESTILISMO\u00a0\u00a0Daniela Goldenstein<br>MAQUILLAJE Catalina Sartor\u00a0<br>PELO y MAQUILLAJE\u00a0\u00a0Dalma Mujica<br>MONTAJE\u00a0\u00a0Sof\u00eda Medrano<br>COLOR GRADING\u00a0\u00a0Baltasar Torcasso<br>VfX\u00a0\u00a0Diego Ortega\u00a0<br>IDEA\u00a0\u00a0Sof\u00eda Medrano<br>M\u00daSICA\u00a0\u00a0Sof Tot<\/p>\n\n\n\n<p><strong><u>Acerca de SOF TOT<\/u><\/strong><br><br>A inicios del 2020 y en el contexto social de la pandemia mundial, \u00a0la artista Sof Tot comenz\u00f3 a generar una serie de encuentros<br>en vivo por Instagram llamados ESCRITURA DE SUPERVIVENCIA, en ellos invit\u00f3 a artistas de diferentes disciplinas a escribir a partir de diversas premisas. Como foco de esta propuesta se encontraba tambi\u00e9n la relaci\u00f3n con el p\u00fablico y la invitaci\u00f3n a generar una escritura colectiva creando as\u00ed una red art\u00edstico afectiva que creci\u00f3 semana a semana, mes a mes.\u00a0\u00a0<br>&#8211; Podes ver los encuentros aqu\u00ed:\u00a0 <a rel=\"noreferrer noopener\" href=\"https:\/\/mariapeluffo.tr.pemsv28.net\/c\/eyJhIjoibWFyaWFwZWx1ZmZvIiwibSI6Im1haWxfY2tzYjJva2NtZXd5cDA5OTExczVicjFwYSIsImwiOiJsaW5rX2JkNmM2MmZiMGYyYTg1ZTQxYjFiMGMzNGIxYTdkOTE2NWMxMmQ2NzciLCJpIjpbXSwidSI6Imh0dHBzOi8vd3d3LnlvdXR1YmUuY29tL2MvU09GVE9UL3ZpZGVvcz91dG1fc291cmNlPXBlcmZpdCZ1dG1fbWVkaXVtPWVtYWlsJnV0bV9jYW1wYWlnbj1Tb2YlMjBUb3QlMjBsYW56YSUyMFJvbWEiLCJjIjoiIiwiaCI6ImM1ZjMyZCJ9\" target=\"_blank\">https:\/\/www.youtube.com\/c\/SOFTOT\/videos<\/a><br><br>Este proyecto di\u00f3 pie, a su vez, a distintos proyectos futuros entre los que se encuentra generar m\u00faltiples canciones sobre los textos que surgieron en cada encuentro, en colaboraci\u00f3n con los artistas y m\u00fasicos invitados.<br><br>El Single sali\u00f3 acompa\u00f1ado de un video en vivo a piano y voz \u00a0junto al pianista Tom\u00e1s Fares grabado en la sala del Auditorio Nacional (\u00abLa Ballena\u00bb) del CC Kirchner dentro del marco del ciclo de mujeres cantoras \u00abUN MAPA\u00bb.<br><br>El S\u00c1BADO 28\u00a0 podr\u00e1n escuchar la canci\u00f3n en vivo por primera vez en el show que SOF TOT dar\u00e1 en CAMPING Buenos Aires, a las 15hs, con su banda completa.<\/p>\n\n\n\n<figure class=\"wp-block-embed is-type-video is-provider-youtube wp-block-embed-youtube wp-embed-aspect-16-9 wp-has-aspect-ratio\"><div class=\"wp-block-embed__wrapper\">\n<iframe loading=\"lazy\" title=\"Sof Tot - Roma (video oficial)\" width=\"700\" height=\"394\" src=\"https:\/\/www.youtube.com\/embed\/_3IEPG_S0Jw?feature=oembed\" frameborder=\"0\" allow=\"accelerometer; autoplay; clipboard-write; encrypted-media; gyroscope; picture-in-picture\" allowfullscreen><\/iframe>\n<\/div><\/figure>\n","protected":false},"excerpt":{"rendered":"<p>\u00a8Roma\u00a8 es una canci\u00f3n que habla sobre el AMOR sin nombrarlo.ROMA forma parte de una serie de canciones singles por venir, enmarcadas en un contexto y una necesidad de la artista de mantener viva la escritura colectiva en tiempos de aislamiento. Pop rom\u00e1ntico alternativo producido junto a Igna P\u00e9rez (Weste). FICHA T\u00c9CNICA DIRECCI\u00d3N Sof\u00eda MedranoDIRECTOR&hellip;<\/p>\n","protected":false},"author":1,"featured_media":107001,"comment_status":"open","ping_status":"open","sticky":false,"template":"","format":"standard","meta":{"footnotes":""},"categories":[15],"tags":[2450,35336,8911,35335,32110],"class_list":["post-107000","post","type-post","status-publish","format-standard","has-post-thumbnail","hentry","category-espectaculos","tag-diario-el-sindical","tag-igna-perez","tag-roma","tag-sof-tot","tag-videoclip"],"_links":{"self":[{"href":"https:\/\/www.elsindical.com.ar\/notas\/wp-json\/wp\/v2\/posts\/107000","targetHints":{"allow":["GET"]}}],"collection":[{"href":"https:\/\/www.elsindical.com.ar\/notas\/wp-json\/wp\/v2\/posts"}],"about":[{"href":"https:\/\/www.elsindical.com.ar\/notas\/wp-json\/wp\/v2\/types\/post"}],"author":[{"embeddable":true,"href":"https:\/\/www.elsindical.com.ar\/notas\/wp-json\/wp\/v2\/users\/1"}],"replies":[{"embeddable":true,"href":"https:\/\/www.elsindical.com.ar\/notas\/wp-json\/wp\/v2\/comments?post=107000"}],"version-history":[{"count":1,"href":"https:\/\/www.elsindical.com.ar\/notas\/wp-json\/wp\/v2\/posts\/107000\/revisions"}],"predecessor-version":[{"id":107002,"href":"https:\/\/www.elsindical.com.ar\/notas\/wp-json\/wp\/v2\/posts\/107000\/revisions\/107002"}],"wp:featuredmedia":[{"embeddable":true,"href":"https:\/\/www.elsindical.com.ar\/notas\/wp-json\/wp\/v2\/media\/107001"}],"wp:attachment":[{"href":"https:\/\/www.elsindical.com.ar\/notas\/wp-json\/wp\/v2\/media?parent=107000"}],"wp:term":[{"taxonomy":"category","embeddable":true,"href":"https:\/\/www.elsindical.com.ar\/notas\/wp-json\/wp\/v2\/categories?post=107000"},{"taxonomy":"post_tag","embeddable":true,"href":"https:\/\/www.elsindical.com.ar\/notas\/wp-json\/wp\/v2\/tags?post=107000"}],"curies":[{"name":"wp","href":"https:\/\/api.w.org\/{rel}","templated":true}]}}