{"id":106947,"date":"2021-08-13T13:37:16","date_gmt":"2021-08-13T16:37:16","guid":{"rendered":"https:\/\/www.elsindical.com.ar\/notas\/?p=106947"},"modified":"2021-08-13T13:37:16","modified_gmt":"2021-08-13T16:37:16","slug":"el-acceso-a-la-justicia-es-responsabilidad-de-los-tres-poderes-del-estado","status":"publish","type":"post","link":"https:\/\/www.elsindical.com.ar\/notas\/el-acceso-a-la-justicia-es-responsabilidad-de-los-tres-poderes-del-estado\/","title":{"rendered":"\u201cEl acceso a la Justicia es responsabilidad de los tres poderes del Estado\u201d"},"content":{"rendered":"\n<div class=\"wp-block-image\"><figure class=\"aligncenter size-full is-resized\"><a href=\"https:\/\/www.elsindical.com.ar\/notas\/var\/www\/html\/notas\/wp-content\/uploads\/2021\/08\/MinjusticBBB.jpg\"><img loading=\"lazy\" decoding=\"async\" src=\"https:\/\/www.elsindical.com.ar\/notas\/var\/www\/html\/notas\/wp-content\/uploads\/2021\/08\/MinjusticBBB.jpg\" alt=\"\" class=\"wp-image-106948\" width=\"696\" height=\"314\" srcset=\"https:\/\/www.elsindical.com.ar\/notas\/var\/www\/html\/notas\/wp-content\/uploads\/2021\/08\/MinjusticBBB.jpg 600w, https:\/\/www.elsindical.com.ar\/notas\/var\/www\/html\/notas\/wp-content\/uploads\/2021\/08\/MinjusticBBB-300x136.jpg 300w, https:\/\/www.elsindical.com.ar\/notas\/var\/www\/html\/notas\/wp-content\/uploads\/2021\/08\/MinjusticBBB-500x226.jpg 500w\" sizes=\"auto, (max-width: 696px) 100vw, 696px\" \/><\/a><\/figure><\/div>\n\n\n\n<p><strong>La AJB reiter\u00f3 al Ministro de Justicia bonaerense el pedido de entrevista formulado el 2 de agosto a fin de requerir su intervenci\u00f3n para habilitar canales de di\u00e1logo con la Suprema Corte por el intento de privatizaci\u00f3n de las notificaciones en la Justicia.<\/strong><\/p>\n\n\n\n<p>En ambas presentaciones, firmadas por su secretario General Pablo Abramovich, la AJB le solicit\u00f3 al Ministro de Justicia provincial, Julio Alak, una reuni\u00f3n a los fines de analizar en conjunto el modo de intervenci\u00f3n del Ministerio para constituir instancias de di\u00e1logo que permitan canalizar las observaciones planteadas por el sindicato respecto de los cambios al r\u00e9gimen de notificaciones en los procesos judiciales operados mediante el dictado del Acuerdo 4013.<\/p>\n\n\n\n<p>Cabe recordar que, tal como fuera denunciado oportunamente por la AJB, la Suprema Corte de manera unilateral e inconsulta introdujo con el dictado de dicha normativa modificaciones al r\u00e9gimen laboral vigente en perjuicio de las y los trabajadores judiciales, que privatiza funciones propias e indelegables del Poder Judicial y profundiza la ya importante brecha existente en el acceso a la justicia en perjuicio de los sectores sociales con derechos vulnerados.<\/p>\n\n\n\n<p>Al respecto, en la presentaci\u00f3n se resalta que \u201cla creaci\u00f3n de la figura del telegrama electr\u00f3nico habilita la participaci\u00f3n de empresas privadas de correo en el diligenciamiento de notificaciones dirigidas a domicilios f\u00edsicos, reemplazando las tareas que hasta el momento realizan trabajadoras y trabajadores del Poder Judicial\u201d.<\/p>\n\n\n\n<p>As\u00ed tambi\u00e9n, las modificaciones impuestas por el Acuerdo 4013 ponen en serio riesgo las garant\u00edas de imparcialidad, confiabilidad y seguridad de las notificaciones que el debido proceso requiere, violando disposiciones expresas de las normas procesales vigentes, vulnerando el derecho de defensa en juicio y afectando el acceso a la justicia de quienes poseen menos recursos econ\u00f3micos.<\/p>\n\n\n\n<p>\u201cDesde el 22 de abril de 2021 hemos realizado tres presentaciones a la Suprema Corte requiriendo la convocatoria a instancias de di\u00e1logo para abordar los cuestionamientos al Acuerdo 4013, las que al d\u00eda de la fecha no han tenido respuesta satisfactoria\u201d, se\u00f1al\u00f3 Pablo Abramovich.<\/p>\n\n\n\n<p>\u201cEn el entendimiento de que el correcto funcionamiento de la administraci\u00f3n de justicia as\u00ed como las garant\u00edas de efectivo acceso a la justicia para el conjunto de la poblaci\u00f3n bonaerense constituyen una tarea y responsabilidad de los tres poderes del estado provincial, le solicitamos al Ministro de Justicia una reuni\u00f3n en car\u00e1cter de urgente en virtud de la proximidad de la fecha de puesta en vigencia de la acordada el pr\u00f3ximo 23 de agosto y la falta de respuestas de la Suprema Corte\u201d, finaliz\u00f3 el secretario General del sindicato.<\/p>\n","protected":false},"excerpt":{"rendered":"<p>La AJB reiter\u00f3 al Ministro de Justicia bonaerense el pedido de entrevista formulado el 2 de agosto a fin de requerir su intervenci\u00f3n para habilitar canales de di\u00e1logo con la Suprema Corte por el intento de privatizaci\u00f3n de las notificaciones en la Justicia. En ambas presentaciones, firmadas por su secretario General Pablo Abramovich, la AJB&hellip;<\/p>\n","protected":false},"author":1,"featured_media":106948,"comment_status":"open","ping_status":"open","sticky":false,"template":"","format":"standard","meta":{"footnotes":""},"categories":[16],"tags":[7311,4626,2450,849,901],"class_list":["post-106947","post","type-post","status-publish","format-standard","has-post-thumbnail","hentry","category-gremiales","tag-acceso-a-la-justicia","tag-ajb","tag-diario-el-sindical","tag-estado","tag-suprema-corte"],"_links":{"self":[{"href":"https:\/\/www.elsindical.com.ar\/notas\/wp-json\/wp\/v2\/posts\/106947","targetHints":{"allow":["GET"]}}],"collection":[{"href":"https:\/\/www.elsindical.com.ar\/notas\/wp-json\/wp\/v2\/posts"}],"about":[{"href":"https:\/\/www.elsindical.com.ar\/notas\/wp-json\/wp\/v2\/types\/post"}],"author":[{"embeddable":true,"href":"https:\/\/www.elsindical.com.ar\/notas\/wp-json\/wp\/v2\/users\/1"}],"replies":[{"embeddable":true,"href":"https:\/\/www.elsindical.com.ar\/notas\/wp-json\/wp\/v2\/comments?post=106947"}],"version-history":[{"count":1,"href":"https:\/\/www.elsindical.com.ar\/notas\/wp-json\/wp\/v2\/posts\/106947\/revisions"}],"predecessor-version":[{"id":106949,"href":"https:\/\/www.elsindical.com.ar\/notas\/wp-json\/wp\/v2\/posts\/106947\/revisions\/106949"}],"wp:featuredmedia":[{"embeddable":true,"href":"https:\/\/www.elsindical.com.ar\/notas\/wp-json\/wp\/v2\/media\/106948"}],"wp:attachment":[{"href":"https:\/\/www.elsindical.com.ar\/notas\/wp-json\/wp\/v2\/media?parent=106947"}],"wp:term":[{"taxonomy":"category","embeddable":true,"href":"https:\/\/www.elsindical.com.ar\/notas\/wp-json\/wp\/v2\/categories?post=106947"},{"taxonomy":"post_tag","embeddable":true,"href":"https:\/\/www.elsindical.com.ar\/notas\/wp-json\/wp\/v2\/tags?post=106947"}],"curies":[{"name":"wp","href":"https:\/\/api.w.org\/{rel}","templated":true}]}}