{"id":106939,"date":"2021-08-13T09:53:27","date_gmt":"2021-08-13T12:53:27","guid":{"rendered":"https:\/\/www.elsindical.com.ar\/notas\/?p=106939"},"modified":"2021-08-13T09:53:59","modified_gmt":"2021-08-13T12:53:59","slug":"el-viernes-13","status":"publish","type":"post","link":"https:\/\/www.elsindical.com.ar\/notas\/el-viernes-13\/","title":{"rendered":"El Viernes 13"},"content":{"rendered":"\n<div class=\"wp-block-image\"><figure class=\"aligncenter size-full is-resized\"><a href=\"https:\/\/www.elsindical.com.ar\/notas\/var\/www\/html\/notas\/wp-content\/uploads\/2021\/08\/viernes13-Templarios.jpg\"><img loading=\"lazy\" decoding=\"async\" src=\"https:\/\/www.elsindical.com.ar\/notas\/var\/www\/html\/notas\/wp-content\/uploads\/2021\/08\/viernes13-Templarios.jpg\" alt=\"\" class=\"wp-image-106941\" width=\"428\" height=\"351\"\/><\/a><\/figure><\/div>\n\n\n\n<p class=\"wp-block-paragraph\">Un Viernes que caiga en el d\u00eda 13 de cualquier mes se considera un d\u00eda de mala suerte en las culturas anglosajonas. Existen supersticiones similares en otras tradiciones; particularmente en Grecia, Espa\u00f1a y Am\u00e9rica Latina, el martes 13 tiene el mismo papel, al igual que el viernes 17 en Italia. El miedo a los viernes 13 se llama&nbsp;collafobia&nbsp;.<\/p>\n\n\n\n<p class=\"wp-block-paragraph\">Los estudiosos de las supersticiones, indican que el temor al viernes 13, se debe principalmente a un hecho hist\u00f3rico en concreto, un evento que con el paso de los a\u00f1os contin\u00faa causando pol\u00e9mica por lo oculto de las circunstancias en que fue envuelto.<\/p>\n\n\n\n<p class=\"wp-block-paragraph\">Remont\u00e1ndonos a datos hist\u00f3ricos que puedan dar explicaci\u00f3n a esta superstici\u00f3n, podemos remontarnos a un Viernes 13 de octubre de 1307: en este d\u00eda la orden de los Caballeros Templarios fue perseguida por la Santa Inquisici\u00f3n, arrest\u00e1ndoles simult\u00e1neamente esa misma noche en toda Europa. La causa de esto fue la suposici\u00f3n de que los caballeros se reun\u00edan a hacer celebraciones paganas y practicar la herej\u00eda.&nbsp;<\/p>\n\n\n\n<p class=\"wp-block-paragraph\">Por ello fueron asesinados o condenados a la hoguera, en una matanza colectiva. Muchos de los caballeros huyeron y pudieron salvarse, llevando consigo secretos que ha dado margen para much\u00edsimas especulaciones. Creaciones de sociedades secretas como los Masones, Rosacruces, etc. Desde entonces el viernes 13 se considera fecha de mala suerte.<\/p>\n\n\n\n<p class=\"wp-block-paragraph\"><strong>La Historia<\/strong><\/p>\n\n\n\n<div class=\"wp-block-image\"><figure class=\"aligncenter size-full is-resized\"><a href=\"https:\/\/www.elsindical.com.ar\/notas\/var\/www\/html\/notas\/wp-content\/uploads\/2021\/08\/InterrogationOfJacquesDeMolay.jpg\"><img loading=\"lazy\" decoding=\"async\" src=\"https:\/\/www.elsindical.com.ar\/notas\/var\/www\/html\/notas\/wp-content\/uploads\/2021\/08\/InterrogationOfJacquesDeMolay.jpg\" alt=\"\" class=\"wp-image-106940\" width=\"475\" height=\"321\" srcset=\"https:\/\/www.elsindical.com.ar\/notas\/var\/www\/html\/notas\/wp-content\/uploads\/2021\/08\/InterrogationOfJacquesDeMolay.jpg 400w, https:\/\/www.elsindical.com.ar\/notas\/var\/www\/html\/notas\/wp-content\/uploads\/2021\/08\/InterrogationOfJacquesDeMolay-300x203.jpg 300w\" sizes=\"auto, (max-width: 475px) 100vw, 475px\" \/><\/a><\/figure><\/div>\n\n\n\n<p class=\"wp-block-paragraph\">Seg\u00fan los registros, un viernes 13 de octubre de 1307, bajo las \u00f3rdenes del Rey Felipe IV de Francia, un grupo de los llamados Caballeros Templarios, fue capturado y llevado a la Santa Inquisici\u00f3n para ser juzgado y condenado por diversos cr\u00edmenes en contra de la cristiandad.<\/p>\n\n\n\n<p class=\"wp-block-paragraph\">No se sabe bien si la decisi\u00f3n del rey franc\u00e9s, se debi\u00f3 a una decisi\u00f3n religiosa debido a los rumores que se tej\u00edan en torno a esta orden religiosa (de quienes se dec\u00eda proteg\u00edan o custodiaban secretos \u00edntimos de la Iglesia como el Santo Grial), o por cuestiones econ\u00f3micas.<\/p>\n\n\n\n<p class=\"wp-block-paragraph\">En ese tiempo, los caballeros Templarios pose\u00edan una gran fortuna, eran los principales prestamistas y acreedores en muchas regiones de Europa, en especial de Francia. Es m\u00e1s, se dice que el propio Felipe IV, ten\u00eda una gran deuda con esta orden y que por ello decidi\u00f3 capturarlos y acusarlos ante el Vaticano por diversos cargos, entre ellos el de herej\u00eda, sodom\u00eda y de orinar y escupir en la cruz.<\/p>\n\n\n\n<p class=\"wp-block-paragraph\">Los templarios al ser capturados fueron condenados a la hoguera, ante la anuencia del Papa Clemente V, a quienes muchos culpan de no haber llevado un proceso justo.<\/p>\n\n\n\n<p class=\"wp-block-paragraph\">Al parecer, una muestra clara de la trascendencia de este grupo religioso es sin lugar a dudas, la sensaci\u00f3n que dej\u00f3 en gran parte de Europa la fecha de su captura que propici\u00f3 luego su sentencia y eliminaci\u00f3n. Haciendo as\u00ed que el d\u00eda viernes 13 fuera, m\u00e1s que la fecha de un evento hist\u00f3rico espec\u00edfico, un s\u00edmbolo del terror y la mala fortuna.<\/p>\n\n\n\n<p class=\"wp-block-paragraph\"><\/p>\n\n\n\n<p class=\"wp-block-paragraph\">Fuente: Los \u00faltimos Templarios<\/p>\n","protected":false},"excerpt":{"rendered":"<p>Un Viernes que caiga en el d\u00eda 13 de cualquier mes se considera un d\u00eda de mala suerte en las culturas anglosajonas. Existen supersticiones similares en otras tradiciones; particularmente en Grecia, Espa\u00f1a y Am\u00e9rica Latina, el martes 13 tiene el mismo papel, al igual que el viernes 17 en Italia. El miedo a los viernes&hellip;<\/p>\n","protected":false},"author":1,"featured_media":106941,"comment_status":"open","ping_status":"open","sticky":false,"template":"","format":"standard","meta":{"footnotes":""},"categories":[14],"tags":[2450,35317,274,35318,35319,35316,35315,35314],"class_list":["post-106939","post","type-post","status-publish","format-standard","has-post-thumbnail","hentry","category-efemerides","tag-diario-el-sindical","tag-herejia","tag-juzgados","tag-masones","tag-rosacruces","tag-santa-inquisicion","tag-templarios","tag-viernes-13"],"_links":{"self":[{"href":"https:\/\/www.elsindical.com.ar\/notas\/wp-json\/wp\/v2\/posts\/106939","targetHints":{"allow":["GET"]}}],"collection":[{"href":"https:\/\/www.elsindical.com.ar\/notas\/wp-json\/wp\/v2\/posts"}],"about":[{"href":"https:\/\/www.elsindical.com.ar\/notas\/wp-json\/wp\/v2\/types\/post"}],"author":[{"embeddable":true,"href":"https:\/\/www.elsindical.com.ar\/notas\/wp-json\/wp\/v2\/users\/1"}],"replies":[{"embeddable":true,"href":"https:\/\/www.elsindical.com.ar\/notas\/wp-json\/wp\/v2\/comments?post=106939"}],"version-history":[{"count":2,"href":"https:\/\/www.elsindical.com.ar\/notas\/wp-json\/wp\/v2\/posts\/106939\/revisions"}],"predecessor-version":[{"id":106943,"href":"https:\/\/www.elsindical.com.ar\/notas\/wp-json\/wp\/v2\/posts\/106939\/revisions\/106943"}],"wp:featuredmedia":[{"embeddable":true,"href":"https:\/\/www.elsindical.com.ar\/notas\/wp-json\/wp\/v2\/media\/106941"}],"wp:attachment":[{"href":"https:\/\/www.elsindical.com.ar\/notas\/wp-json\/wp\/v2\/media?parent=106939"}],"wp:term":[{"taxonomy":"category","embeddable":true,"href":"https:\/\/www.elsindical.com.ar\/notas\/wp-json\/wp\/v2\/categories?post=106939"},{"taxonomy":"post_tag","embeddable":true,"href":"https:\/\/www.elsindical.com.ar\/notas\/wp-json\/wp\/v2\/tags?post=106939"}],"curies":[{"name":"wp","href":"https:\/\/api.w.org\/{rel}","templated":true}]}}