{"id":106872,"date":"2021-08-11T00:17:20","date_gmt":"2021-08-11T03:17:20","guid":{"rendered":"https:\/\/www.elsindical.com.ar\/notas\/?p=106872"},"modified":"2021-08-11T00:17:22","modified_gmt":"2021-08-11T03:17:22","slug":"188-reunion-de-la-comision-permanente-c-e-a","status":"publish","type":"post","link":"https:\/\/www.elsindical.com.ar\/notas\/188-reunion-de-la-comision-permanente-c-e-a\/","title":{"rendered":"188\u00b0 Reuni\u00f3n de la Comisi\u00f3n Permanente C.E.A."},"content":{"rendered":"\n<figure class=\"wp-block-image size-large\"><a href=\"https:\/\/www.elsindical.com.ar\/notas\/var\/www\/html\/notas\/wp-content\/uploads\/2021\/08\/188-CP.-Com.-Ejec-2.-100821-scaled.jpg\"><img loading=\"lazy\" decoding=\"async\" width=\"1024\" height=\"559\" src=\"https:\/\/www.elsindical.com.ar\/notas\/var\/www\/html\/notas\/wp-content\/uploads\/2021\/08\/188-CP.-Com.-Ejec-2.-100821-1024x559.jpg\" alt=\"\" class=\"wp-image-106873\" srcset=\"https:\/\/www.elsindical.com.ar\/notas\/var\/www\/html\/notas\/wp-content\/uploads\/2021\/08\/188-CP.-Com.-Ejec-2.-100821-1024x559.jpg 1024w, https:\/\/www.elsindical.com.ar\/notas\/var\/www\/html\/notas\/wp-content\/uploads\/2021\/08\/188-CP.-Com.-Ejec-2.-100821-300x164.jpg 300w, https:\/\/www.elsindical.com.ar\/notas\/var\/www\/html\/notas\/wp-content\/uploads\/2021\/08\/188-CP.-Com.-Ejec-2.-100821-768x419.jpg 768w, https:\/\/www.elsindical.com.ar\/notas\/var\/www\/html\/notas\/wp-content\/uploads\/2021\/08\/188-CP.-Com.-Ejec-2.-100821-500x273.jpg 500w, https:\/\/www.elsindical.com.ar\/notas\/var\/www\/html\/notas\/wp-content\/uploads\/2021\/08\/188-CP.-Com.-Ejec-2.-100821-1536x838.jpg 1536w, https:\/\/www.elsindical.com.ar\/notas\/var\/www\/html\/notas\/wp-content\/uploads\/2021\/08\/188-CP.-Com.-Ejec-2.-100821-2048x1118.jpg 2048w\" sizes=\"auto, (max-width: 1024px) 100vw, 1024px\" \/><\/a><\/figure>\n\n\n\n<p>El d\u00eda de hoy, martes 10 de agosto, se desarroll\u00f3 la 188\u00b0 reuni\u00f3n de Comisi\u00f3n Permanente de la Conferencia Episcopal Argentina. La misma fue presidida por monse\u00f1or Oscar Ojea, su presidente; cardenal Mario Poli, vicepresidente I; monse\u00f1or Marcelo Colombo, vicepresidente II y monse\u00f1or Carlos Malfa, secretario general. Estuvo presente durante la ma\u00f1ana el Encargado de Negocios de la Nunciatura Apost\u00f3lica, monse\u00f1or Aliaksandr Rahinia.<\/p>\n\n\n\n<p>El encuentro comenz\u00f3 con el habitual intercambio pastoral y los informes de las distintas regiones pastorales.<\/p>\n\n\n\n<p>En el transcurso de la jornada, los Obispos enviaron una carta al papa Francisco expres\u00e1ndole la alegr\u00eda por la evoluci\u00f3n favorable de su salud y renovando la comuni\u00f3n filial.<\/p>\n\n\n\n<p>A propuesta de la Comisi\u00f3n Episcopal de Vida, Laicos y Familia, se aprobaron nuevas autoridades para la Pastoral Nacional de Juventud: Coordinadores nacionales, Cecilia Asc\u00faa, de la Di\u00f3cesis de Avellaneda \u2013 Lan\u00fas y C\u00e9sar Contreras, de la Rama Juvenil del Movimiento de la Renovaci\u00f3n Carism\u00e1tica y el Asesor nacional, el Hno. Hugo Carlos Vera, sdb. Asimismo se reconocieron los integrantes del Equipo Eclesial Nacional del Movimiento Encuentro Matrimonial Mundial en Argentina por un periodo de 4 a\u00f1os: Presb\u00edtero \u00d3scar Williams Dibot y el matrimonio de Noem\u00ed y Juan Trebaiochi. Se confirmaron las autoridades del Movimiento Familiar Cristiano elegidos por la XXIII Asamblea Nacional; Presidentes nacionales: H\u00e9ctor Lana y Margarita Castro. Vicepresidentes nacionales: Roberto Danna y Marcela Migueles.<\/p>\n\n\n\n<p>Los Obispos recibieron un informe por parte de la comisi\u00f3n que lleva adelante la animaci\u00f3n en la Iglesia Argentina del camino y el proceso de escucha hacia la Asamblea Eclesial de Am\u00e9rica Latina y el Caribe.<\/p>\n\n\n\n<p>La Comisi\u00f3n Permanente abordo el comienzo de la preparaci\u00f3n para el S\u00ednodo de los Obispos del a\u00f1o 2023 y el temario para la 119\u00b0 Asamblea Plenaria, prevista para el mes de noviembre del corriente a\u00f1o.<\/p>\n\n\n\n<p>Im\u00e1genes disponibles ingresando en: <a rel=\"noreferrer noopener\" href=\"https:\/\/episcopado.org\/contenidos.php?id=2965&amp;tipo=unica\" target=\"_blank\">188\u00b0 Asamblea Plenaria C.E.A.<\/a><\/p>\n\n\n\n<figure class=\"wp-block-image size-large\"><a href=\"https:\/\/www.elsindical.com.ar\/notas\/var\/www\/html\/notas\/wp-content\/uploads\/2021\/08\/188-CP-CEA.-Gacetilla-de-Cierre.-100821.jpg\"><img loading=\"lazy\" decoding=\"async\" width=\"724\" height=\"1024\" src=\"https:\/\/www.elsindical.com.ar\/notas\/var\/www\/html\/notas\/wp-content\/uploads\/2021\/08\/188-CP-CEA.-Gacetilla-de-Cierre.-100821-724x1024.jpg\" alt=\"\" class=\"wp-image-106874\" srcset=\"https:\/\/www.elsindical.com.ar\/notas\/var\/www\/html\/notas\/wp-content\/uploads\/2021\/08\/188-CP-CEA.-Gacetilla-de-Cierre.-100821-724x1024.jpg 724w, https:\/\/www.elsindical.com.ar\/notas\/var\/www\/html\/notas\/wp-content\/uploads\/2021\/08\/188-CP-CEA.-Gacetilla-de-Cierre.-100821-212x300.jpg 212w, https:\/\/www.elsindical.com.ar\/notas\/var\/www\/html\/notas\/wp-content\/uploads\/2021\/08\/188-CP-CEA.-Gacetilla-de-Cierre.-100821-768x1086.jpg 768w, https:\/\/www.elsindical.com.ar\/notas\/var\/www\/html\/notas\/wp-content\/uploads\/2021\/08\/188-CP-CEA.-Gacetilla-de-Cierre.-100821-1086x1536.jpg 1086w, https:\/\/www.elsindical.com.ar\/notas\/var\/www\/html\/notas\/wp-content\/uploads\/2021\/08\/188-CP-CEA.-Gacetilla-de-Cierre.-100821-1448x2048.jpg 1448w, https:\/\/www.elsindical.com.ar\/notas\/var\/www\/html\/notas\/wp-content\/uploads\/2021\/08\/188-CP-CEA.-Gacetilla-de-Cierre.-100821.jpg 1654w\" sizes=\"auto, (max-width: 724px) 100vw, 724px\" \/><\/a><\/figure>\n","protected":false},"excerpt":{"rendered":"<p>El d\u00eda de hoy, martes 10 de agosto, se desarroll\u00f3 la 188\u00b0 reuni\u00f3n de Comisi\u00f3n Permanente de la Conferencia Episcopal Argentina. La misma fue presidida por monse\u00f1or Oscar Ojea, su presidente; cardenal Mario Poli, vicepresidente I; monse\u00f1or Marcelo Colombo, vicepresidente II y monse\u00f1or Carlos Malfa, secretario general. Estuvo presente durante la ma\u00f1ana el Encargado de&hellip;<\/p>\n","protected":false},"author":1,"featured_media":106873,"comment_status":"open","ping_status":"open","sticky":false,"template":"","format":"standard","meta":{"footnotes":""},"categories":[25],"tags":[9031,22376,35289,2450,35247],"class_list":["post-106872","post","type-post","status-publish","format-standard","has-post-thumbnail","hentry","category-sociedad","tag-asamblea-plenaria-de-la-conferencia-episcopal-argentina","tag-cardenal-mario-poli","tag-comision-permanente-c-e-a","tag-diario-el-sindical","tag-monsenor-oscar-ojea"],"_links":{"self":[{"href":"https:\/\/www.elsindical.com.ar\/notas\/wp-json\/wp\/v2\/posts\/106872","targetHints":{"allow":["GET"]}}],"collection":[{"href":"https:\/\/www.elsindical.com.ar\/notas\/wp-json\/wp\/v2\/posts"}],"about":[{"href":"https:\/\/www.elsindical.com.ar\/notas\/wp-json\/wp\/v2\/types\/post"}],"author":[{"embeddable":true,"href":"https:\/\/www.elsindical.com.ar\/notas\/wp-json\/wp\/v2\/users\/1"}],"replies":[{"embeddable":true,"href":"https:\/\/www.elsindical.com.ar\/notas\/wp-json\/wp\/v2\/comments?post=106872"}],"version-history":[{"count":1,"href":"https:\/\/www.elsindical.com.ar\/notas\/wp-json\/wp\/v2\/posts\/106872\/revisions"}],"predecessor-version":[{"id":106875,"href":"https:\/\/www.elsindical.com.ar\/notas\/wp-json\/wp\/v2\/posts\/106872\/revisions\/106875"}],"wp:featuredmedia":[{"embeddable":true,"href":"https:\/\/www.elsindical.com.ar\/notas\/wp-json\/wp\/v2\/media\/106873"}],"wp:attachment":[{"href":"https:\/\/www.elsindical.com.ar\/notas\/wp-json\/wp\/v2\/media?parent=106872"}],"wp:term":[{"taxonomy":"category","embeddable":true,"href":"https:\/\/www.elsindical.com.ar\/notas\/wp-json\/wp\/v2\/categories?post=106872"},{"taxonomy":"post_tag","embeddable":true,"href":"https:\/\/www.elsindical.com.ar\/notas\/wp-json\/wp\/v2\/tags?post=106872"}],"curies":[{"name":"wp","href":"https:\/\/api.w.org\/{rel}","templated":true}]}}