{"id":10687,"date":"2010-11-10T00:54:46","date_gmt":"2010-11-10T03:54:46","guid":{"rendered":"http:\/\/www.elsindical.com.ar\/notas\/?p=10687"},"modified":"2010-11-10T00:54:46","modified_gmt":"2010-11-10T03:54:46","slug":"ratificaron-al-juez-oyarbide-en-la-causa-por-las-escuchas-ilegales","status":"publish","type":"post","link":"https:\/\/www.elsindical.com.ar\/notas\/ratificaron-al-juez-oyarbide-en-la-causa-por-las-escuchas-ilegales\/","title":{"rendered":"Ratificaron al juez Oyarbide en la causa por las escuchas ilegales"},"content":{"rendered":"<p style=\"text-align: justify;\"><em><a href=\"http:\/\/www.elsindical.com.ar\/notas\/var\/www\/html\/notas\/wp-content\/uploads\/2010\/05\/Norberto-Oyarbide.jpg\"><img loading=\"lazy\" decoding=\"async\" class=\"alignleft size-full wp-image-6883\" title=\"Norberto-Oyarbide\" src=\"http:\/\/www.elsindical.com.ar\/notas\/var\/www\/html\/notas\/wp-content\/uploads\/2010\/05\/Norberto-Oyarbide.jpg\" alt=\"\" width=\"260\" height=\"224\" \/><\/a>La C\u00e1mara Federal confirm\u00f3 hoy al juez <strong>Norberto Oyarbide <\/strong>al frente de la causa por las escuchas ilegales al rechazar la presentaci\u00f3n de uno de los imputados que pretend\u00eda apartarlo de la investigaci\u00f3n.<\/em><\/p>\n<p>La resoluci\u00f3n fue dictada por la <strong>Sala I de la C\u00e1mara<\/strong>, que confirm\u00f3 una decisi\u00f3n que hab\u00eda rechazado una presentaci\u00f3n de <strong>Rosana Barroso<\/strong>, ex jefa de Gabinete del Ministerio de Educaci\u00f3n porte\u00f1o en la gesti\u00f3n de Mariano Narodowski, por la que hab\u00eda solicitado el apartamiento del juez.<\/p>\n<p>Seg\u00fan la resoluci\u00f3n, la C\u00e1mara rechaz\u00f3 los planteos de incompetencia y nulidad interpuestos por Barroso, y adem\u00e1s confirm\u00f3 que puede resolverse su situaci\u00f3n procesal a pesar de que esos recursos no est\u00e9n firmes.<\/p>\n<p>En la causa est\u00e1n detenidos el ex jefe de la Polic\u00eda Metropolitana, <strong>Jorge \u201cFino\u201dPalacios<\/strong>, y el esp\u00eda <strong>Ciro James<\/strong>, y asimismo est\u00e1 procesado, pero sin prisi\u00f3n preventiva, el jefe de Gobierno porte\u00f1o Mauricio Macri.<\/p>\n","protected":false},"excerpt":{"rendered":"<p>La C\u00e1mara Federal confirm\u00f3 hoy al juez Norberto Oyarbide al frente de la causa por las escuchas ilegales al rechazar la presentaci\u00f3n de uno de los imputados que pretend\u00eda apartarlo de la investigaci\u00f3n. La resoluci\u00f3n fue dictada por la Sala I de la C\u00e1mara, que confirm\u00f3 una decisi\u00f3n que hab\u00eda rechazado una presentaci\u00f3n de Rosana&hellip;<\/p>\n","protected":false},"author":1,"featured_media":0,"comment_status":"open","ping_status":"open","sticky":false,"template":"","format":"standard","meta":{"footnotes":""},"categories":[20],"tags":[79,593,41,76,431,5086],"class_list":["post-10687","post","type-post","status-publish","format-standard","hentry","category-judiciales","tag-camara-federal","tag-escuchas","tag-justicia","tag-mauricio-macri","tag-norberto-oyarbide","tag-rosana-barroso"],"_links":{"self":[{"href":"https:\/\/www.elsindical.com.ar\/notas\/wp-json\/wp\/v2\/posts\/10687","targetHints":{"allow":["GET"]}}],"collection":[{"href":"https:\/\/www.elsindical.com.ar\/notas\/wp-json\/wp\/v2\/posts"}],"about":[{"href":"https:\/\/www.elsindical.com.ar\/notas\/wp-json\/wp\/v2\/types\/post"}],"author":[{"embeddable":true,"href":"https:\/\/www.elsindical.com.ar\/notas\/wp-json\/wp\/v2\/users\/1"}],"replies":[{"embeddable":true,"href":"https:\/\/www.elsindical.com.ar\/notas\/wp-json\/wp\/v2\/comments?post=10687"}],"version-history":[{"count":1,"href":"https:\/\/www.elsindical.com.ar\/notas\/wp-json\/wp\/v2\/posts\/10687\/revisions"}],"predecessor-version":[{"id":10688,"href":"https:\/\/www.elsindical.com.ar\/notas\/wp-json\/wp\/v2\/posts\/10687\/revisions\/10688"}],"wp:attachment":[{"href":"https:\/\/www.elsindical.com.ar\/notas\/wp-json\/wp\/v2\/media?parent=10687"}],"wp:term":[{"taxonomy":"category","embeddable":true,"href":"https:\/\/www.elsindical.com.ar\/notas\/wp-json\/wp\/v2\/categories?post=10687"},{"taxonomy":"post_tag","embeddable":true,"href":"https:\/\/www.elsindical.com.ar\/notas\/wp-json\/wp\/v2\/tags?post=10687"}],"curies":[{"name":"wp","href":"https:\/\/api.w.org\/{rel}","templated":true}]}}