{"id":106869,"date":"2021-08-11T00:08:07","date_gmt":"2021-08-11T03:08:07","guid":{"rendered":"https:\/\/www.elsindical.com.ar\/notas\/?p=106869"},"modified":"2021-08-11T00:08:08","modified_gmt":"2021-08-11T03:08:08","slug":"jury-a-los-fiscales-momento-decisivo","status":"publish","type":"post","link":"https:\/\/www.elsindical.com.ar\/notas\/jury-a-los-fiscales-momento-decisivo\/","title":{"rendered":"Jury a los fiscales: Momento decisivo"},"content":{"rendered":"\n<div class=\"wp-block-image\"><figure class=\"aligncenter size-full\"><a href=\"https:\/\/www.elsindical.com.ar\/notas\/var\/www\/html\/notas\/wp-content\/uploads\/2021\/08\/JURYYY.BBB_.jpg\"><img loading=\"lazy\" decoding=\"async\" width=\"600\" height=\"271\" src=\"https:\/\/www.elsindical.com.ar\/notas\/var\/www\/html\/notas\/wp-content\/uploads\/2021\/08\/JURYYY.BBB_.jpg\" alt=\"\" class=\"wp-image-106870\" srcset=\"https:\/\/www.elsindical.com.ar\/notas\/var\/www\/html\/notas\/wp-content\/uploads\/2021\/08\/JURYYY.BBB_.jpg 600w, https:\/\/www.elsindical.com.ar\/notas\/var\/www\/html\/notas\/wp-content\/uploads\/2021\/08\/JURYYY.BBB_-300x136.jpg 300w, https:\/\/www.elsindical.com.ar\/notas\/var\/www\/html\/notas\/wp-content\/uploads\/2021\/08\/JURYYY.BBB_-500x226.jpg 500w\" sizes=\"auto, (max-width: 600px) 100vw, 600px\" \/><\/a><\/figure><\/div>\n\n\n\n<p><strong>El mi\u00e9rcoles se re\u00fane la Comisi\u00f3n Bicameral para evaluar si acepta el rol de acusador en la causa contra el Fiscal General Adjunto y dos agentes fiscales de Lomas de Zamora por mal desempe\u00f1o de sus funciones y persecuci\u00f3n a magistrados.<\/strong><\/p>\n\n\n\n<p>El pr\u00f3ximo mi\u00e9rcoles se reunir\u00e1 la comisi\u00f3n bicameral conformada por las y los diputados bonaerenses Mario Giacobbe (17 de noviembre), Juan Pablo De Jes\u00fas, Carlos Julio Moreno, Luciana Padulo, Germ\u00e1n Di C\u00e9sare (del Frente de Todos), Maricel Etchecoin Moro y Guillermo S\u00e1nchez Sterli (Juntos por el Cambio); y las y los senadores Lorena Petrovich, Leandro Blanco, Walter Lanaro (Juntos por el Cambio), Agustina Porpato y Adri\u00e1n Santarelli (Frente de Todos), que deber\u00e1 evaluar si impulsa bajo el rol de acusador el pedido de enjuiciamiento contra el Fiscal General Adjunto de Lomas de Zamora y titular de la Unidad de Coordinaci\u00f3n de Delitos Complejos y Crimen Organizado, Sebasti\u00e1n Scalera; contra el titular de la UFIJ N\u00b0 8 de Delitos Econ\u00f3micos y Violencia Institucional, Pablo Rossi; y contra Sebasti\u00e1n Bisquert, titular de la UFIJ N\u00b0 1, por mal desempe\u00f1o de sus funciones en el marco de la persecuci\u00f3n a funcionarios judiciales de Lomas de Zamora.<\/p>\n\n\n\n<p>Recordemos que tanto la AJB como la Comisi\u00f3n Provincial por la Memoria y AJUS, presentaron denuncias contra estos funcionarios judiciales por realizar investigaciones arbitrarias sin control judicial y operaciones de inteligencia ilegal al interior del departamento judicial de Lomas de Zamora para presionar a magistrados -entre ellos al Juez de Garant\u00edas Gabriel Vitale, afiliado al gremio-&nbsp; y lograr resultados en causas de inter\u00e9s pol\u00edtico y medi\u00e1tico durante la gesti\u00f3n de Mar\u00eda Eugenia Vidal y Mauricio Macri.<\/p>\n\n\n\n<p><strong>Mal desempe\u00f1o: los hechos<\/strong><\/p>\n\n\n\n<p>En la denuncia realizada por la AJB se cuestiona la actuaci\u00f3n simult\u00e1nea de Sebasti\u00e1n Scalera como Fiscal General Adjunto y titular de la Unidad de Coordinaci\u00f3n de Delitos Complejos y Crimen Organizado. Ese esquema le habr\u00eda servido para direccionar ciertas causas de relevancia pol\u00edtica y medi\u00e1tica para s\u00ed o hacia las unidades de los fiscales Rossi y Bisquert.<\/p>\n\n\n\n<p>Otro de los hechos cuestionados es que en un claro exceso de sus funciones, el Fiscal General Adjunto Scalera instruy\u00f3 una auditor\u00eda ilegal en el Juzgado de Garant\u00edas de Vitale -quien interven\u00eda en causas de inter\u00e9s para el poder pol\u00edtico como la denuncia contra Hugo Moyano por asociaci\u00f3n il\u00edcita en la barra brava del Club Atl\u00e9tico Independiente- para detectar una supuesta irregularidad administrativa acus\u00e1ndolo de firmar una resoluci\u00f3n de competencia sin estar presente en su despacho.<\/p>\n\n\n\n<p>Esa prueba obtenida de forma ilegal dio lugar a la denuncia por falsedad ideol\u00f3gica contra Vitale que fue asignada por Scalera de forma arbitraria a la Unidad de Delitos Econ\u00f3micos y Violencia Institucional, encabezada en aquel entonces por Pablo Rossi y actualmente a cargo de Sebasti\u00e1n Bisquert. Este \u00faltimo fue quien inici\u00f3 un operativo de investigaci\u00f3n ilegal sobre el Juez Vitale y su familia, que incluy\u00f3 informes de migraciones, bienes, cuentas bancarias y llamadas telef\u00f3nicas, sin autorizaci\u00f3n ni control por parte de un juez de garant\u00edas. La misma persecuci\u00f3n ilegal padecieron otros integrantes del juzgado.<\/p>\n\n\n\n<p>Una muestra m\u00e1s de la utilizaci\u00f3n del Ministerio P\u00fablico Fiscal en el avasallamiento de la independencia judicial a trav\u00e9s de procesos penales es el caso de la jueza Civil y Comercial Mar\u00eda Zulema Vila, quien como consecuencia de su intervenci\u00f3n en el concurso preventivo de una importante empresa de colectivos fue perseguida penalmente por el fiscal Pablo Rossi. Habilitada su intervenci\u00f3n mediante una manipulaci\u00f3n en la asignaci\u00f3n de la IPP, Rossi decide imputar a Vila y pedir su desafuero, pese a que los tr\u00e1mites del concurso fueron confirmados por la C\u00e1mara del fuero. Tambi\u00e9n en este caso el Procurador General acompa\u00f1\u00f3 lo actuado por Rossi y sostuvo el proceso de enjuiciamiento de Vila, incluso recurriendo la decisi\u00f3n del Jurado que dispuso el cierre de las actuaciones.<\/p>\n\n\n\n<p>Estos y otros hechos deber\u00e1n ser evaluados por las y los diputados y senadores bonaerenses que conforman la Comisi\u00f3n Bicameral, y en base a ello decidir si aceptan el rol de acusador en el proceso de enjuiciamiento abierto a partir de las denuncias realizadas por la AJB, la Comisi\u00f3n Provincial por la Memoria y AJUS.<\/p>\n","protected":false},"excerpt":{"rendered":"<p>El mi\u00e9rcoles se re\u00fane la Comisi\u00f3n Bicameral para evaluar si acepta el rol de acusador en la causa contra el Fiscal General Adjunto y dos agentes fiscales de Lomas de Zamora por mal desempe\u00f1o de sus funciones y persecuci\u00f3n a magistrados. El pr\u00f3ximo mi\u00e9rcoles se reunir\u00e1 la comisi\u00f3n bicameral conformada por las y los diputados&hellip;<\/p>\n","protected":false},"author":1,"featured_media":106870,"comment_status":"open","ping_status":"open","sticky":false,"template":"","format":"standard","meta":{"footnotes":""},"categories":[20],"tags":[4626,35288,10644,2450,24022,25651,26277,5885,2572],"class_list":["post-106869","post","type-post","status-publish","format-standard","has-post-thumbnail","hentry","category-judiciales","tag-ajb","tag-ajus","tag-cpm","tag-diario-el-sindical","tag-fiscal-pablo-rossi","tag-fiscal-sebastian-bisquert","tag-fiscal-sebastian-scalera","tag-fiscales","tag-jury"],"_links":{"self":[{"href":"https:\/\/www.elsindical.com.ar\/notas\/wp-json\/wp\/v2\/posts\/106869","targetHints":{"allow":["GET"]}}],"collection":[{"href":"https:\/\/www.elsindical.com.ar\/notas\/wp-json\/wp\/v2\/posts"}],"about":[{"href":"https:\/\/www.elsindical.com.ar\/notas\/wp-json\/wp\/v2\/types\/post"}],"author":[{"embeddable":true,"href":"https:\/\/www.elsindical.com.ar\/notas\/wp-json\/wp\/v2\/users\/1"}],"replies":[{"embeddable":true,"href":"https:\/\/www.elsindical.com.ar\/notas\/wp-json\/wp\/v2\/comments?post=106869"}],"version-history":[{"count":1,"href":"https:\/\/www.elsindical.com.ar\/notas\/wp-json\/wp\/v2\/posts\/106869\/revisions"}],"predecessor-version":[{"id":106871,"href":"https:\/\/www.elsindical.com.ar\/notas\/wp-json\/wp\/v2\/posts\/106869\/revisions\/106871"}],"wp:featuredmedia":[{"embeddable":true,"href":"https:\/\/www.elsindical.com.ar\/notas\/wp-json\/wp\/v2\/media\/106870"}],"wp:attachment":[{"href":"https:\/\/www.elsindical.com.ar\/notas\/wp-json\/wp\/v2\/media?parent=106869"}],"wp:term":[{"taxonomy":"category","embeddable":true,"href":"https:\/\/www.elsindical.com.ar\/notas\/wp-json\/wp\/v2\/categories?post=106869"},{"taxonomy":"post_tag","embeddable":true,"href":"https:\/\/www.elsindical.com.ar\/notas\/wp-json\/wp\/v2\/tags?post=106869"}],"curies":[{"name":"wp","href":"https:\/\/api.w.org\/{rel}","templated":true}]}}