{"id":106866,"date":"2021-08-11T00:00:44","date_gmt":"2021-08-11T03:00:44","guid":{"rendered":"https:\/\/www.elsindical.com.ar\/notas\/?p=106866"},"modified":"2021-08-11T00:00:45","modified_gmt":"2021-08-11T03:00:45","slug":"travesia-al-congreso-por-la-ley-de-humedales","status":"publish","type":"post","link":"https:\/\/www.elsindical.com.ar\/notas\/travesia-al-congreso-por-la-ley-de-humedales\/","title":{"rendered":"Traves\u00eda al Congreso por la Ley de humedales"},"content":{"rendered":"\n<figure class=\"wp-block-image size-full\"><a href=\"https:\/\/www.elsindical.com.ar\/notas\/var\/www\/html\/notas\/wp-content\/uploads\/2021\/08\/Ley-de-humedales-YA.jpg\"><img loading=\"lazy\" decoding=\"async\" width=\"1024\" height=\"576\" src=\"https:\/\/www.elsindical.com.ar\/notas\/var\/www\/html\/notas\/wp-content\/uploads\/2021\/08\/Ley-de-humedales-YA.jpg\" alt=\"\" class=\"wp-image-106867\" srcset=\"https:\/\/www.elsindical.com.ar\/notas\/var\/www\/html\/notas\/wp-content\/uploads\/2021\/08\/Ley-de-humedales-YA.jpg 1024w, https:\/\/www.elsindical.com.ar\/notas\/var\/www\/html\/notas\/wp-content\/uploads\/2021\/08\/Ley-de-humedales-YA-300x169.jpg 300w, https:\/\/www.elsindical.com.ar\/notas\/var\/www\/html\/notas\/wp-content\/uploads\/2021\/08\/Ley-de-humedales-YA-768x432.jpg 768w, https:\/\/www.elsindical.com.ar\/notas\/var\/www\/html\/notas\/wp-content\/uploads\/2021\/08\/Ley-de-humedales-YA-500x281.jpg 500w, https:\/\/www.elsindical.com.ar\/notas\/var\/www\/html\/notas\/wp-content\/uploads\/2021\/08\/Ley-de-humedales-YA-460x260.jpg 460w\" sizes=\"auto, (max-width: 1024px) 100vw, 1024px\" \/><\/a><\/figure>\n\n\n\n<p>\u00abTraves\u00eda al Congreso\u00bb por la urgente sanci\u00f3n de la Ley de Humedales<\/p>\n\n\n\n<p>Ma\u00f1ana mi\u00e9rcoles 11 de agosto, la Multisectorial Humedales de Rosario en conjunto con m\u00e1s de 50 kayakistas, protagonizaremos una gran gesta colectiva: la Traves\u00eda por la Ley de Humedales. <\/p>\n\n\n\n<p>Estaremos en la Rambla Catalunya, a partir de las 7.30 hs, despidiendo esta caravana de kayaks desde la vera de nuestro amado y vapuleado Paran\u00e1, para dar aliento y apoyo a qui\u00e9nes palada tras palada empujar\u00e1n el deseo por la sanci\u00f3n de una ley prometida y postergada.<\/p>\n\n\n\n<p>Recorreremos 350 kil\u00f3metros por la cuenca del R\u00edo Paran\u00e1, para exigir la reclamada y urgente sanci\u00f3n de la Ley de Humedales, que garantizar\u00eda las pautas legales para la efectiva protecci\u00f3n y conservaci\u00f3n de estos ecosistemas, que representan ni m\u00e1s ni menos que el 21.5% del territorio argentino. Los humedales son a su vez, uno de los ambientes m\u00e1s biodiversos, son reservorios de agua dulce, filtran y purifican las aguas y el aire, regulan sequ\u00edas e inundaciones, evitan la erosi\u00f3n de las costas y en su expandida superficie albergan m\u00faltiples corredores bioculturales.  Todo este abanico de diversidad, confluencia de especies y servicios ecosist\u00e9micos, se encuentran altamente amenazados por: pr\u00e1cticas extractivistas, el lobby inmobiliario, la desmedida presencia de actividad ganadera y por un boom de emprendimientos inmobiliarios. Nuestra lucha es contra un sistema impuesto y avasallante que contamina, enferma y mata a la biodiversidad y al pueblo. La inmediata sanci\u00f3n de una Ley de Humedales har\u00eda posible la salvaguarda de nuestros bienes comunes. Por esto es que emprendemos esta \u00e9pica gesta, a la altura de la respuesta que merece semejante ecocidio. Esta traves\u00eda contar\u00e1 con un equipo m\u00e9dico por cualquier situaci\u00f3n que pueda surgir tanto en el agua, como en tierra. Se tendr\u00e1n los cuidados pertinentes para realizar dicha actividad, como ser la utilizaci\u00f3n de modo obligatorio de chaleco salvavidas. Por otra parte, se contar\u00e1 con apoyo log\u00edstico por tierra, aportando a la realizaci\u00f3n de la comida y el cuidado colectivo de durante toda la Traves\u00eda. Adem\u00e1s queremos remarcar, que entendiendo la situaci\u00f3n sanitaria que estamos atravesando, se ha establecido un estricto protocolo por COVID-19, atendiendo a las medidas correspondientes: barbijo, distanciamiento social y al aire libre, uso de alcohol en gel, las ugerencias de un hisopado previo. Tambi\u00e9n hemos elaborado un sistema de burbujas, que antecualquier s\u00edntoma permitir\u00e1 poder tomar las medidas de aislamiento adecuadas.<\/p>\n\n\n\n<p>Esta semana de lucha, contar\u00e1 con paradas t\u00e9cnicas de almuerzo y descanso nocturno, que ser\u00e1n en las diferentes orillas de las ciudades ribere\u00f1as del Sur de la provincia de Santa Fe y del Norte de la provincia de Buenos Aires. Adem\u00e1s, a lo largo del trayecto, se estar\u00e1n compartiendo las bit\u00e1coras de viaje, junto a im\u00e1genes y videos de todo el trayecto, haremos vivos de Instagram en directo. El 18 de agosto, luego de la llegada de les kayakistas, convocamos a partir de las 16 hs, a una marcha en la Ciudad Aut\u00f3noma de Buenos Aires desde Plaza de Mayo hacia el Congreso de la Naci\u00f3n. Al llegar, haremos entrega de una carta conjunta, donde m\u00e1s de 400 organizaciones de todo el pa\u00eds han expresado su voluntad mediante su adhesi\u00f3n. Con la voluntad expl\u00edcita del gran pueblo argentino, exigimos un inmediato plenario de comisiones, donde el proyecto de ley sea aprobado antes que finalice el presente a\u00f1o legislativo. <\/p>\n\n\n\n<p>A continuaci\u00f3n compartiremos el itinerario de la traves\u00eda: MI\u00c9RCOLES 11\/8Salida desde Rosario Parada Almuerzo: Pueblo Esther (25 km)Parada: Arroyo Seco (35 km)Parada intermedia: Fighiera (43 km)Parada Noche: Villa Constituci\u00f3n (21 km)JUEVES 12\/8Parada Almuerzo: San Nicol\u00e1s (15km)Parada Noche: Ramallo (44km)VIERNES 13\/8Parada Almuerzo: Vuelta de Obligado (24km)Parada Noche: San Pedro (42km)S\u00c1BADO 14\/8Parada Almuerzo: Baradero (21km)Parada Noche: Camping Alsina (42km)DOMINGO 15\/8Parada Almuerzo: Lima (Atucha) (15 km)Parada Noche: Z\u00e1rate (42 km)LUNES 16\/8Parada Almuerzo: Parque Nacional Ciervo de los Pantanos (21 km)Parada Noche: Cerca de Bel\u00e9n de Escobar (36km)<\/p>\n\n\n\n<p>MARTES 17\/8Parada Almuerzo: Dique Luj\u00e1n (18 km)Parada Cena: Tigre centro (30km)<\/p>\n\n\n\n<p>Contacto de prensa:- Julia V\u00e9lez: 341-3030405.- Antonella Infante: 341-6131995.- Macarena Romero Acu\u00f1a: 341-3621704.- Ivo Peruggino: 341-2576692.- Rodolfo Martinez: 341-3218523.- Julieta Bernab\u00e9: 341-5916193.- Sebasti\u00e1n Mart\u00ednez: 341-6614020.- Sergio Gorosito: 341-6632454.<\/p>\n","protected":false},"excerpt":{"rendered":"<p>\u00abTraves\u00eda al Congreso\u00bb por la urgente sanci\u00f3n de la Ley de Humedales Ma\u00f1ana mi\u00e9rcoles 11 de agosto, la Multisectorial Humedales de Rosario en conjunto con m\u00e1s de 50 kayakistas, protagonizaremos una gran gesta colectiva: la Traves\u00eda por la Ley de Humedales. Estaremos en la Rambla Catalunya, a partir de las 7.30 hs, despidiendo esta caravana&hellip;<\/p>\n","protected":false},"author":1,"featured_media":106867,"comment_status":"open","ping_status":"open","sticky":false,"template":"","format":"standard","meta":{"footnotes":""},"categories":[25],"tags":[86,2450,35286,35287],"class_list":["post-106866","post","type-post","status-publish","format-standard","has-post-thumbnail","hentry","category-sociedad","tag-congreso","tag-diario-el-sindical","tag-ley-de-humedales","tag-travesia-al-congreso"],"_links":{"self":[{"href":"https:\/\/www.elsindical.com.ar\/notas\/wp-json\/wp\/v2\/posts\/106866","targetHints":{"allow":["GET"]}}],"collection":[{"href":"https:\/\/www.elsindical.com.ar\/notas\/wp-json\/wp\/v2\/posts"}],"about":[{"href":"https:\/\/www.elsindical.com.ar\/notas\/wp-json\/wp\/v2\/types\/post"}],"author":[{"embeddable":true,"href":"https:\/\/www.elsindical.com.ar\/notas\/wp-json\/wp\/v2\/users\/1"}],"replies":[{"embeddable":true,"href":"https:\/\/www.elsindical.com.ar\/notas\/wp-json\/wp\/v2\/comments?post=106866"}],"version-history":[{"count":1,"href":"https:\/\/www.elsindical.com.ar\/notas\/wp-json\/wp\/v2\/posts\/106866\/revisions"}],"predecessor-version":[{"id":106868,"href":"https:\/\/www.elsindical.com.ar\/notas\/wp-json\/wp\/v2\/posts\/106866\/revisions\/106868"}],"wp:featuredmedia":[{"embeddable":true,"href":"https:\/\/www.elsindical.com.ar\/notas\/wp-json\/wp\/v2\/media\/106867"}],"wp:attachment":[{"href":"https:\/\/www.elsindical.com.ar\/notas\/wp-json\/wp\/v2\/media?parent=106866"}],"wp:term":[{"taxonomy":"category","embeddable":true,"href":"https:\/\/www.elsindical.com.ar\/notas\/wp-json\/wp\/v2\/categories?post=106866"},{"taxonomy":"post_tag","embeddable":true,"href":"https:\/\/www.elsindical.com.ar\/notas\/wp-json\/wp\/v2\/tags?post=106866"}],"curies":[{"name":"wp","href":"https:\/\/api.w.org\/{rel}","templated":true}]}}