{"id":106864,"date":"2021-08-10T23:52:49","date_gmt":"2021-08-11T02:52:49","guid":{"rendered":"https:\/\/www.elsindical.com.ar\/notas\/?p=106864"},"modified":"2021-08-10T23:52:50","modified_gmt":"2021-08-11T02:52:50","slug":"efemerides-del-dia-11-de-agosto-7","status":"publish","type":"post","link":"https:\/\/www.elsindical.com.ar\/notas\/efemerides-del-dia-11-de-agosto-7\/","title":{"rendered":"EFEM\u00c9RIDES: DEL D\u00cdA 11 DE AGOSTO"},"content":{"rendered":"\n<p>11 de agosto de 2012:<\/p>\n\n\n\n<h3 class=\"wp-block-heading\">Se produce una ola de calor en Espa\u00f1a en la que se superan los registros hist\u00f3ricos del mes de agosto en numerosos observatorios con 45,9 \u00b0C en Sevilla, 45,4\u00b0C en C\u00f3rdoba y m\u00e1s de 44\u00b0C en muchas ciudades de Andaluc\u00eda y Murcia.<\/h3>\n\n\n\n<p>11 de agosto de 2012:<\/p>\n\n\n\n<h3 class=\"wp-block-heading\">En Ir\u00e1n, dos fuertes terremotos de 6.4 y 6.3 grados sacuden el noroeste del pa\u00eds, destruyendo tres pueblos, dejando 306 muertos y da\u00f1os tambi\u00e9n en Armenia y Azerbaiy\u00e1n.<\/h3>\n\n\n\n<p>11 de agosto de 1999:<\/p>\n\n\n\n<h3 class=\"wp-block-heading\">Eclipse de Sol visible en Europa.<\/h3>\n\n\n\n<p>11 de agosto de 1967:<\/p>\n\n\n\n<h3 class=\"wp-block-heading\">Nigeria declara la guerra total a Biafra, la regi\u00f3n suroriental, que se hab\u00eda declarado independiente el 15 de mayo anterior.<\/h3>\n\n\n\n<p>11 de agosto de 1936:<\/p>\n\n\n\n<h3 class=\"wp-block-heading\">Muere en Espa\u00f1a Blas Infante, llamado \u00abpadre de la patria andaluza\u00bb, asesinado por las tropas falangistas por su ideolog\u00eda independentista o federalista andaluza.<\/h3>\n\n\n\n<p>11 de agosto de 1851:<\/p>\n\n\n\n<h3 class=\"wp-block-heading\">En Espa\u00f1a, se inicia la construcci\u00f3n del canal de Isabel II, principal suministro de agua de Madrid.<\/h3>\n\n\n\n<p>11 de agosto de 1833:<\/p>\n\n\n\n<h3 class=\"wp-block-heading\">En Grecia, las tropas francesas abandonan el pa\u00eds tras cinco a\u00f1os de ocupaci\u00f3n con motivo de la Guerra de independencia de Grecia.<\/h3>\n\n\n\n<p>11 de agosto de 1772:<\/p>\n\n\n\n<h3 class=\"wp-block-heading\">Mueren 3.000 personas en la isla de Java, por la violenta erupci\u00f3n del volc\u00e1n Papadang.<\/h3>\n\n\n\n<p>11 de agosto de 1675:<\/p>\n\n\n\n<h3 class=\"wp-block-heading\">Comienzan las obras de construcci\u00f3n del Observatorio Real astron\u00f3mico en Greenwich, Londres, bajo el patrocinio del rey Carlos II de Inglaterra, con el objetivo de proporcionar con exactitud las posiciones de la Luna y de las estrellas a los marineros brit\u00e1nicos.<\/h3>\n\n\n\n<p>11 de agosto de -3114:<\/p>\n\n\n\n<h3 class=\"wp-block-heading\">Fecha correspondiente al inicio de la Cuenta Larga, seg\u00fan varias culturas mesoamericanas, entre ellas la maya.<\/h3>\n","protected":false},"excerpt":{"rendered":"<p>11 de agosto de 2012: Se produce una ola de calor en Espa\u00f1a en la que se superan los registros hist\u00f3ricos del mes de agosto en numerosos observatorios con 45,9 \u00b0C en Sevilla, 45,4\u00b0C en C\u00f3rdoba y m\u00e1s de 44\u00b0C en muchas ciudades de Andaluc\u00eda y Murcia. 11 de agosto de 2012: En Ir\u00e1n, dos&hellip;<\/p>\n","protected":false},"author":1,"featured_media":0,"comment_status":"open","ping_status":"open","sticky":false,"template":"","format":"standard","meta":{"footnotes":""},"categories":[14],"tags":[2450,22026],"class_list":["post-106864","post","type-post","status-publish","format-standard","hentry","category-efemerides","tag-diario-el-sindical","tag-efemerides"],"_links":{"self":[{"href":"https:\/\/www.elsindical.com.ar\/notas\/wp-json\/wp\/v2\/posts\/106864","targetHints":{"allow":["GET"]}}],"collection":[{"href":"https:\/\/www.elsindical.com.ar\/notas\/wp-json\/wp\/v2\/posts"}],"about":[{"href":"https:\/\/www.elsindical.com.ar\/notas\/wp-json\/wp\/v2\/types\/post"}],"author":[{"embeddable":true,"href":"https:\/\/www.elsindical.com.ar\/notas\/wp-json\/wp\/v2\/users\/1"}],"replies":[{"embeddable":true,"href":"https:\/\/www.elsindical.com.ar\/notas\/wp-json\/wp\/v2\/comments?post=106864"}],"version-history":[{"count":1,"href":"https:\/\/www.elsindical.com.ar\/notas\/wp-json\/wp\/v2\/posts\/106864\/revisions"}],"predecessor-version":[{"id":106865,"href":"https:\/\/www.elsindical.com.ar\/notas\/wp-json\/wp\/v2\/posts\/106864\/revisions\/106865"}],"wp:attachment":[{"href":"https:\/\/www.elsindical.com.ar\/notas\/wp-json\/wp\/v2\/media?parent=106864"}],"wp:term":[{"taxonomy":"category","embeddable":true,"href":"https:\/\/www.elsindical.com.ar\/notas\/wp-json\/wp\/v2\/categories?post=106864"},{"taxonomy":"post_tag","embeddable":true,"href":"https:\/\/www.elsindical.com.ar\/notas\/wp-json\/wp\/v2\/tags?post=106864"}],"curies":[{"name":"wp","href":"https:\/\/api.w.org\/{rel}","templated":true}]}}