{"id":106831,"date":"2021-08-09T17:04:39","date_gmt":"2021-08-09T20:04:39","guid":{"rendered":"https:\/\/www.elsindical.com.ar\/notas\/?p=106831"},"modified":"2021-08-10T00:46:35","modified_gmt":"2021-08-10T03:46:35","slug":"maria-soledad-manin-y-un-enre-que-decepciona","status":"publish","type":"post","link":"https:\/\/www.elsindical.com.ar\/notas\/maria-soledad-manin-y-un-enre-que-decepciona\/","title":{"rendered":"Mar\u00eda Soledad Manin y un ENRE que decepciona"},"content":{"rendered":"\n<figure class=\"wp-block-image size-full\"><a href=\"https:\/\/www.elsindical.com.ar\/notas\/var\/www\/html\/notas\/wp-content\/uploads\/2021\/08\/Maria-Soledad-Manin.jpg\"><img loading=\"lazy\" decoding=\"async\" width=\"1004\" height=\"565\" src=\"https:\/\/www.elsindical.com.ar\/notas\/var\/www\/html\/notas\/wp-content\/uploads\/2021\/08\/Maria-Soledad-Manin.jpg\" alt=\"\" class=\"wp-image-106832\" srcset=\"https:\/\/www.elsindical.com.ar\/notas\/var\/www\/html\/notas\/wp-content\/uploads\/2021\/08\/Maria-Soledad-Manin.jpg 1004w, https:\/\/www.elsindical.com.ar\/notas\/var\/www\/html\/notas\/wp-content\/uploads\/2021\/08\/Maria-Soledad-Manin-300x169.jpg 300w, https:\/\/www.elsindical.com.ar\/notas\/var\/www\/html\/notas\/wp-content\/uploads\/2021\/08\/Maria-Soledad-Manin-768x432.jpg 768w, https:\/\/www.elsindical.com.ar\/notas\/var\/www\/html\/notas\/wp-content\/uploads\/2021\/08\/Maria-Soledad-Manin-500x281.jpg 500w, https:\/\/www.elsindical.com.ar\/notas\/var\/www\/html\/notas\/wp-content\/uploads\/2021\/08\/Maria-Soledad-Manin-460x260.jpg 460w\" sizes=\"auto, (max-width: 1004px) 100vw, 1004px\" \/><\/a><\/figure>\n\n\n\n<p>       No es una novedad que los entes reguladores del Estado son un gasto enorme que por los resultados de sus gestiones bien podr\u00edan ser eliminados y ahorrarnos unos cuantos millones en su funcionamiento deficiente, sea por motivos de ineficiencia, de corrupci\u00f3n o ignorancia.<\/p>\n\n\n\n<p>La actual interventora Mar\u00eda Soledad Manin, pareciera en su formaci\u00f3n de abogada y experiencia en la Defensor\u00eda del Pueblo de la Naci\u00f3n con m\u00e1s de 14 a\u00f1os de trabajo la persona m\u00e1s indicada para el cargo, pero los resultados de gesti\u00f3n y la mala atenci\u00f3n a los ciudadanos confirman que nada ha cambiado, salvo las caras y los nombres.<\/p>\n\n\n\n<p>Resulta necesario para los ciudadanos y clientes de las empresas, tener canales de reclamo interpersonales, que no todo sea un programa con un audio automatizado donde casi nunca se resuelve nada y para peor a veces ni el n\u00famero de reclamo uno obtiene.<\/p>\n\n\n\n<p>Los invito a escuchar la editorial al respecto.<\/p>\n\n\n\n<iframe id=\"audio_73869027\" frameborder=\"0\" allowfullscreen=\"\" scrolling=\"no\" height=\"200\" style=\"width:100%;\" src=\"https:\/\/ar.ivoox.com\/es\/player_ej_73869027_6_1.html\"><\/iframe>\n\n\n\n<figure class=\"wp-block-embed is-type-video is-provider-youtube wp-block-embed-youtube wp-embed-aspect-16-9 wp-has-aspect-ratio\"><div class=\"wp-block-embed__wrapper\">\n<iframe loading=\"lazy\" title=\"Mar\u00eda Soledad Manin y un ENRE que decepciona\" width=\"700\" height=\"394\" src=\"https:\/\/www.youtube.com\/embed\/JtGYuF8L62s?feature=oembed\" frameborder=\"0\" allow=\"accelerometer; autoplay; clipboard-write; encrypted-media; gyroscope; picture-in-picture\" allowfullscreen><\/iframe>\n<\/div><\/figure>\n\n\n\n<p>Por Marcelo Ricardo Hawrylciw<\/p>\n","protected":false},"excerpt":{"rendered":"<p>No es una novedad que los entes reguladores del Estado son un gasto enorme que por los resultados de sus gestiones bien podr\u00edan ser eliminados y ahorrarnos unos cuantos millones en su funcionamiento deficiente, sea por motivos de ineficiencia, de corrupci\u00f3n o ignorancia. La actual interventora Mar\u00eda Soledad Manin, pareciera en su formaci\u00f3n de abogada&hellip;<\/p>\n","protected":false},"author":1,"featured_media":106832,"comment_status":"open","ping_status":"open","sticky":false,"template":"","format":"standard","meta":{"footnotes":""},"categories":[1,11826],"tags":[14097,5824,2450,2973,374,22034,3764,849,35274,376],"class_list":["post-106831","post","type-post","status-publish","format-standard","has-post-thumbnail","hentry","category-destacadas","category-el-sindical-radio","tag-cortes-de-energia-electrica","tag-defensoria-del-pueblo","tag-diario-el-sindical","tag-edenor","tag-edesur","tag-el-sindical-radio","tag-enre","tag-estado","tag-maria-soledad-manin","tag-usuarios"],"_links":{"self":[{"href":"https:\/\/www.elsindical.com.ar\/notas\/wp-json\/wp\/v2\/posts\/106831","targetHints":{"allow":["GET"]}}],"collection":[{"href":"https:\/\/www.elsindical.com.ar\/notas\/wp-json\/wp\/v2\/posts"}],"about":[{"href":"https:\/\/www.elsindical.com.ar\/notas\/wp-json\/wp\/v2\/types\/post"}],"author":[{"embeddable":true,"href":"https:\/\/www.elsindical.com.ar\/notas\/wp-json\/wp\/v2\/users\/1"}],"replies":[{"embeddable":true,"href":"https:\/\/www.elsindical.com.ar\/notas\/wp-json\/wp\/v2\/comments?post=106831"}],"version-history":[{"count":3,"href":"https:\/\/www.elsindical.com.ar\/notas\/wp-json\/wp\/v2\/posts\/106831\/revisions"}],"predecessor-version":[{"id":106835,"href":"https:\/\/www.elsindical.com.ar\/notas\/wp-json\/wp\/v2\/posts\/106831\/revisions\/106835"}],"wp:featuredmedia":[{"embeddable":true,"href":"https:\/\/www.elsindical.com.ar\/notas\/wp-json\/wp\/v2\/media\/106832"}],"wp:attachment":[{"href":"https:\/\/www.elsindical.com.ar\/notas\/wp-json\/wp\/v2\/media?parent=106831"}],"wp:term":[{"taxonomy":"category","embeddable":true,"href":"https:\/\/www.elsindical.com.ar\/notas\/wp-json\/wp\/v2\/categories?post=106831"},{"taxonomy":"post_tag","embeddable":true,"href":"https:\/\/www.elsindical.com.ar\/notas\/wp-json\/wp\/v2\/tags?post=106831"}],"curies":[{"name":"wp","href":"https:\/\/api.w.org\/{rel}","templated":true}]}}