{"id":106816,"date":"2021-08-09T11:21:15","date_gmt":"2021-08-09T14:21:15","guid":{"rendered":"https:\/\/www.elsindical.com.ar\/notas\/?p=106816"},"modified":"2021-08-09T11:21:16","modified_gmt":"2021-08-09T14:21:16","slug":"la-corte-bonaerense-dispuso-que-continue-el-trabajo-semipresencial-en-los-tribunales","status":"publish","type":"post","link":"https:\/\/www.elsindical.com.ar\/notas\/la-corte-bonaerense-dispuso-que-continue-el-trabajo-semipresencial-en-los-tribunales\/","title":{"rendered":"La Corte Bonaerense dispuso que contin\u00fae el trabajo semipresencial en los tribunales"},"content":{"rendered":"\n<figure class=\"wp-block-image size-full\"><a href=\"https:\/\/www.elsindical.com.ar\/notas\/var\/www\/html\/notas\/wp-content\/uploads\/2019\/12\/Suprema-Corte-Bonaerense.jpg\"><img loading=\"lazy\" decoding=\"async\" width=\"800\" height=\"600\" src=\"https:\/\/www.elsindical.com.ar\/notas\/var\/www\/html\/notas\/wp-content\/uploads\/2019\/12\/Suprema-Corte-Bonaerense.jpg\" alt=\"\" class=\"wp-image-92094\" srcset=\"https:\/\/www.elsindical.com.ar\/notas\/var\/www\/html\/notas\/wp-content\/uploads\/2019\/12\/Suprema-Corte-Bonaerense.jpg 800w, https:\/\/www.elsindical.com.ar\/notas\/var\/www\/html\/notas\/wp-content\/uploads\/2019\/12\/Suprema-Corte-Bonaerense-300x225.jpg 300w, https:\/\/www.elsindical.com.ar\/notas\/var\/www\/html\/notas\/wp-content\/uploads\/2019\/12\/Suprema-Corte-Bonaerense-768x576.jpg 768w, https:\/\/www.elsindical.com.ar\/notas\/var\/www\/html\/notas\/wp-content\/uploads\/2019\/12\/Suprema-Corte-Bonaerense-400x300.jpg 400w\" sizes=\"auto, (max-width: 800px) 100vw, 800px\" \/><\/a><\/figure>\n\n\n\n<p>La Suprema Corte de Justicia bonaerense estableci\u00f3 la continuidad de las condiciones laborales de bimodalidad \u2013 virtual y presencial \u2013 hasta el pr\u00f3ximo 1ero de octubre. La resoluci\u00f3n se conoci\u00f3 este domingo y es la extensi\u00f3n de la forma de trabajo que se viene aplicando actualmente.<\/p>\n\n\n\n<p>La resoluci\u00f3n habilita la posibilidad de disponer la convocatoria para prestar tareas presenciales de los agentes estatales que:<\/p>\n\n\n\n<p>\u2013 No perteneciendo a grupo de riesgo alguno, hubieren recibido al menos la primera dosis de cualquiera de las vacunas destinadas a generar inmunidad adquirida contra COVID-19 autorizadas para su uso en el pa\u00eds;<\/p>\n\n\n\n<p>\u2013 Perteneciendo a grupos de riesgo por cualquier factor, hubiesen completado el esquema de vacunaci\u00f3n de cualquiera de las vacunas autorizadas, en ambos casos, transcurridos veinti\u00fan d\u00edas corridos desde la inoculaci\u00f3n;<\/p>\n\n\n\n<p>\u2013 Habiendo tenido la oportunidad de acceder a la vacunaci\u00f3n, optaron por no inscribirse o que una vez inscriptos no asistieron a su turno de vacunaci\u00f3n por razones de \u00edndole personal.<\/p>\n\n\n\n<p>\u201cA tal efecto deber\u00e1n respetarse estrictamente las pautas adoptadas para el servicio en el contexto de la pandemia, con especial consideraci\u00f3n en la conformaci\u00f3n de los grupos de trabajo, de acuerdo a lo previsto en arts. 1 incisos c) y e) y concordantes de las Resoluciones SC&nbsp;<a href=\"https:\/\/www.scba.gov.ar\/includes\/descarga.asp?id=48178&amp;n=Res_583-20.pdf\">N\u00ba 583\/20<\/a>&nbsp;y&nbsp;<a href=\"https:\/\/www.scba.gov.ar\/includes\/descarga.asp?id=48178&amp;n=Res_655-20.pdf\">N\u00ba 655\/20<\/a>; y las pautas de habilitaci\u00f3n y funcionamiento previstas en las cl\u00e1usulas 3 punto c) y f), 4 inciso d), 8 y concordantes; y, cl\u00e1usulas 4.4, 6 inciso d) y 8 inciso c), 9 y concordantes del&nbsp;<a href=\"https:\/\/www.scba.gov.ar\/includes\/descarga.asp?id=48178&amp;n=Protocolo.pdf\">Protocolo General de Actuaci\u00f3n para la Prevenci\u00f3n y Seguimiento<\/a>, aprobado por Resoluci\u00f3n SPL N\u00ba 05\/20\u201d, inform\u00f3 el m\u00e1ximo tribunal bonaerense.<\/p>\n\n\n\n<p>En cuanto a las personas que pertenecen a grupos de riesgo que no han completado el esquema de vacunaci\u00f3n o que sin pertenecer a grupos de riesgo se han vacunado con una dosis, pero en ambos casos sin haber transcurrido veinti\u00fan d\u00edas, o que no sean convocadas a prestar servicio en forma presencial por razones funcionales o las que conforman grupos de trabajo los d\u00edas que no deben asistir presencialmente, deber\u00e1n prestar servicios de forma remota.<\/p>\n","protected":false},"excerpt":{"rendered":"<p>La Suprema Corte de Justicia bonaerense estableci\u00f3 la continuidad de las condiciones laborales de bimodalidad \u2013 virtual y presencial \u2013 hasta el pr\u00f3ximo 1ero de octubre. La resoluci\u00f3n se conoci\u00f3 este domingo y es la extensi\u00f3n de la forma de trabajo que se viene aplicando actualmente. La resoluci\u00f3n habilita la posibilidad de disponer la convocatoria&hellip;<\/p>\n","protected":false},"author":1,"featured_media":92094,"comment_status":"open","ping_status":"open","sticky":false,"template":"","format":"standard","meta":{"footnotes":""},"categories":[20],"tags":[2450,9539,35267,1112],"class_list":["post-106816","post","type-post","status-publish","format-standard","has-post-thumbnail","hentry","category-judiciales","tag-diario-el-sindical","tag-suprema-corte-bonaerense","tag-trabajo-semipresencial","tag-tribunales"],"_links":{"self":[{"href":"https:\/\/www.elsindical.com.ar\/notas\/wp-json\/wp\/v2\/posts\/106816","targetHints":{"allow":["GET"]}}],"collection":[{"href":"https:\/\/www.elsindical.com.ar\/notas\/wp-json\/wp\/v2\/posts"}],"about":[{"href":"https:\/\/www.elsindical.com.ar\/notas\/wp-json\/wp\/v2\/types\/post"}],"author":[{"embeddable":true,"href":"https:\/\/www.elsindical.com.ar\/notas\/wp-json\/wp\/v2\/users\/1"}],"replies":[{"embeddable":true,"href":"https:\/\/www.elsindical.com.ar\/notas\/wp-json\/wp\/v2\/comments?post=106816"}],"version-history":[{"count":1,"href":"https:\/\/www.elsindical.com.ar\/notas\/wp-json\/wp\/v2\/posts\/106816\/revisions"}],"predecessor-version":[{"id":106817,"href":"https:\/\/www.elsindical.com.ar\/notas\/wp-json\/wp\/v2\/posts\/106816\/revisions\/106817"}],"wp:featuredmedia":[{"embeddable":true,"href":"https:\/\/www.elsindical.com.ar\/notas\/wp-json\/wp\/v2\/media\/92094"}],"wp:attachment":[{"href":"https:\/\/www.elsindical.com.ar\/notas\/wp-json\/wp\/v2\/media?parent=106816"}],"wp:term":[{"taxonomy":"category","embeddable":true,"href":"https:\/\/www.elsindical.com.ar\/notas\/wp-json\/wp\/v2\/categories?post=106816"},{"taxonomy":"post_tag","embeddable":true,"href":"https:\/\/www.elsindical.com.ar\/notas\/wp-json\/wp\/v2\/tags?post=106816"}],"curies":[{"name":"wp","href":"https:\/\/api.w.org\/{rel}","templated":true}]}}