{"id":106787,"date":"2021-08-07T23:08:04","date_gmt":"2021-08-08T02:08:04","guid":{"rendered":"https:\/\/www.elsindical.com.ar\/notas\/?p=106787"},"modified":"2021-08-07T23:08:06","modified_gmt":"2021-08-08T02:08:06","slug":"machado-recibio-la-visita-de-ocana","status":"publish","type":"post","link":"https:\/\/www.elsindical.com.ar\/notas\/machado-recibio-la-visita-de-ocana\/","title":{"rendered":"Machado recibi\u00f3 la visita de Oca\u00f1a"},"content":{"rendered":"\n<figure class=\"wp-block-image size-full\"><a href=\"https:\/\/www.elsindical.com.ar\/notas\/var\/www\/html\/notas\/wp-content\/uploads\/2021\/08\/orlando-ocana-1.jpg\"><img loading=\"lazy\" decoding=\"async\" width=\"1024\" height=\"683\" src=\"https:\/\/www.elsindical.com.ar\/notas\/var\/www\/html\/notas\/wp-content\/uploads\/2021\/08\/orlando-ocana-1.jpg\" alt=\"\" class=\"wp-image-106788\" srcset=\"https:\/\/www.elsindical.com.ar\/notas\/var\/www\/html\/notas\/wp-content\/uploads\/2021\/08\/orlando-ocana-1.jpg 1024w, https:\/\/www.elsindical.com.ar\/notas\/var\/www\/html\/notas\/wp-content\/uploads\/2021\/08\/orlando-ocana-1-300x200.jpg 300w, https:\/\/www.elsindical.com.ar\/notas\/var\/www\/html\/notas\/wp-content\/uploads\/2021\/08\/orlando-ocana-1-768x512.jpg 768w, https:\/\/www.elsindical.com.ar\/notas\/var\/www\/html\/notas\/wp-content\/uploads\/2021\/08\/orlando-ocana-1-450x300.jpg 450w\" sizes=\"auto, (max-width: 1024px) 100vw, 1024px\" \/><\/a><\/figure>\n\n\n\n<p class=\"wp-block-paragraph\">Orlando Machado, primer candidato a concejal de Juntos Avellaneda, recibi\u00f3 esta ma\u00f1ana a la diputada nacional Graciela Oca\u00f1a, quien ocupa el segundo lugar en la lista que encabeza Diego Santilli.<\/p>\n\n\n\n<p class=\"wp-block-paragraph\">Durante la visita, de la cual tambi\u00e9n formaron parte referentes locales e integrantes de lista de Juntos Avellaneda, Machado y Oca\u00f1a recorrieron las calles de Avellaneda centro, escuchando e interactuando con comerciantes y vecinos.&nbsp;<br>Tambi\u00e9n difundieron distintas propuestas del espacio que integran vinculadas a temas de gran preocupaci\u00f3n social como son la seguridad, el trabajo y la educaci\u00f3n.<\/p>\n\n\n\n<p class=\"wp-block-paragraph\">En di\u00e1logo con medios locales, Machado se\u00f1al\u00f3: \u00abDesde hace varios a\u00f1os, desde mi lugar de trabajo, me esfuerzo en promover la generaci\u00f3n de empleo, cuidar la salud y los puestos laborales de los empleados de Comercio. Adem\u00e1s creo y prioriz\u00f3 la inclusi\u00f3n de los j\u00f3venes en el deporte, que los m\u00e1s chicos puedan acceder a la educaci\u00f3n potenciando sus habilidades, prestando especial atenci\u00f3n en que las familias tengan un lugar seguro de recreaci\u00f3n\u00bb.<\/p>\n\n\n\n<figure class=\"wp-block-gallery columns-1 is-cropped wp-block-gallery-1 is-layout-flex wp-block-gallery-is-layout-flex\"><ul class=\"blocks-gallery-grid\"><li class=\"blocks-gallery-item\"><figure><a href=\"https:\/\/www.elsindical.com.ar\/notas\/var\/www\/html\/notas\/wp-content\/uploads\/2021\/08\/orlando-ocana-2.jpg\"><img loading=\"lazy\" decoding=\"async\" width=\"1024\" height=\"683\" src=\"https:\/\/www.elsindical.com.ar\/notas\/var\/www\/html\/notas\/wp-content\/uploads\/2021\/08\/orlando-ocana-2.jpg\" alt=\"\" data-id=\"106789\" data-full-url=\"https:\/\/www.elsindical.com.ar\/notas\/var\/www\/html\/notas\/wp-content\/uploads\/2021\/08\/orlando-ocana-2.jpg\" data-link=\"https:\/\/www.elsindical.com.ar\/notas\/?attachment_id=106789#main\" class=\"wp-image-106789\" srcset=\"https:\/\/www.elsindical.com.ar\/notas\/var\/www\/html\/notas\/wp-content\/uploads\/2021\/08\/orlando-ocana-2.jpg 1024w, https:\/\/www.elsindical.com.ar\/notas\/var\/www\/html\/notas\/wp-content\/uploads\/2021\/08\/orlando-ocana-2-300x200.jpg 300w, https:\/\/www.elsindical.com.ar\/notas\/var\/www\/html\/notas\/wp-content\/uploads\/2021\/08\/orlando-ocana-2-768x512.jpg 768w, https:\/\/www.elsindical.com.ar\/notas\/var\/www\/html\/notas\/wp-content\/uploads\/2021\/08\/orlando-ocana-2-450x300.jpg 450w\" sizes=\"auto, (max-width: 1024px) 100vw, 1024px\" \/><\/a><\/figure><\/li><li class=\"blocks-gallery-item\"><figure><a href=\"https:\/\/www.elsindical.com.ar\/notas\/var\/www\/html\/notas\/wp-content\/uploads\/2021\/08\/orlando-ocana.jpg\"><img loading=\"lazy\" decoding=\"async\" width=\"1024\" height=\"683\" src=\"https:\/\/www.elsindical.com.ar\/notas\/var\/www\/html\/notas\/wp-content\/uploads\/2021\/08\/orlando-ocana.jpg\" alt=\"\" data-id=\"106790\" data-full-url=\"https:\/\/www.elsindical.com.ar\/notas\/var\/www\/html\/notas\/wp-content\/uploads\/2021\/08\/orlando-ocana.jpg\" data-link=\"https:\/\/www.elsindical.com.ar\/notas\/?attachment_id=106790#main\" class=\"wp-image-106790\" srcset=\"https:\/\/www.elsindical.com.ar\/notas\/var\/www\/html\/notas\/wp-content\/uploads\/2021\/08\/orlando-ocana.jpg 1024w, https:\/\/www.elsindical.com.ar\/notas\/var\/www\/html\/notas\/wp-content\/uploads\/2021\/08\/orlando-ocana-300x200.jpg 300w, https:\/\/www.elsindical.com.ar\/notas\/var\/www\/html\/notas\/wp-content\/uploads\/2021\/08\/orlando-ocana-768x512.jpg 768w, https:\/\/www.elsindical.com.ar\/notas\/var\/www\/html\/notas\/wp-content\/uploads\/2021\/08\/orlando-ocana-450x300.jpg 450w\" sizes=\"auto, (max-width: 1024px) 100vw, 1024px\" \/><\/a><\/figure><\/li><li class=\"blocks-gallery-item\"><figure><a href=\"https:\/\/www.elsindical.com.ar\/notas\/var\/www\/html\/notas\/wp-content\/uploads\/2021\/08\/orlando-ocana-3.jpg\"><img loading=\"lazy\" decoding=\"async\" width=\"1024\" height=\"683\" src=\"https:\/\/www.elsindical.com.ar\/notas\/var\/www\/html\/notas\/wp-content\/uploads\/2021\/08\/orlando-ocana-3.jpg\" alt=\"\" data-id=\"106791\" data-full-url=\"https:\/\/www.elsindical.com.ar\/notas\/var\/www\/html\/notas\/wp-content\/uploads\/2021\/08\/orlando-ocana-3.jpg\" data-link=\"https:\/\/www.elsindical.com.ar\/notas\/?attachment_id=106791#main\" class=\"wp-image-106791\" srcset=\"https:\/\/www.elsindical.com.ar\/notas\/var\/www\/html\/notas\/wp-content\/uploads\/2021\/08\/orlando-ocana-3.jpg 1024w, https:\/\/www.elsindical.com.ar\/notas\/var\/www\/html\/notas\/wp-content\/uploads\/2021\/08\/orlando-ocana-3-300x200.jpg 300w, https:\/\/www.elsindical.com.ar\/notas\/var\/www\/html\/notas\/wp-content\/uploads\/2021\/08\/orlando-ocana-3-768x512.jpg 768w, https:\/\/www.elsindical.com.ar\/notas\/var\/www\/html\/notas\/wp-content\/uploads\/2021\/08\/orlando-ocana-3-450x300.jpg 450w\" sizes=\"auto, (max-width: 1024px) 100vw, 1024px\" \/><\/a><\/figure><\/li><li class=\"blocks-gallery-item\"><figure><a href=\"https:\/\/www.elsindical.com.ar\/notas\/var\/www\/html\/notas\/wp-content\/uploads\/2021\/08\/orlando-5.jpg\"><img loading=\"lazy\" decoding=\"async\" width=\"1024\" height=\"642\" src=\"https:\/\/www.elsindical.com.ar\/notas\/var\/www\/html\/notas\/wp-content\/uploads\/2021\/08\/orlando-5.jpg\" alt=\"\" data-id=\"106792\" data-full-url=\"https:\/\/www.elsindical.com.ar\/notas\/var\/www\/html\/notas\/wp-content\/uploads\/2021\/08\/orlando-5.jpg\" data-link=\"https:\/\/www.elsindical.com.ar\/notas\/?attachment_id=106792#main\" class=\"wp-image-106792\" srcset=\"https:\/\/www.elsindical.com.ar\/notas\/var\/www\/html\/notas\/wp-content\/uploads\/2021\/08\/orlando-5.jpg 1024w, https:\/\/www.elsindical.com.ar\/notas\/var\/www\/html\/notas\/wp-content\/uploads\/2021\/08\/orlando-5-300x188.jpg 300w, https:\/\/www.elsindical.com.ar\/notas\/var\/www\/html\/notas\/wp-content\/uploads\/2021\/08\/orlando-5-768x482.jpg 768w, https:\/\/www.elsindical.com.ar\/notas\/var\/www\/html\/notas\/wp-content\/uploads\/2021\/08\/orlando-5-479x300.jpg 479w\" sizes=\"auto, (max-width: 1024px) 100vw, 1024px\" \/><\/a><\/figure><\/li><\/ul><\/figure>\n","protected":false},"excerpt":{"rendered":"<p>Orlando Machado, primer candidato a concejal de Juntos Avellaneda, recibi\u00f3 esta ma\u00f1ana a la diputada nacional Graciela Oca\u00f1a, quien ocupa el segundo lugar en la lista que encabeza Diego Santilli. Durante la visita, de la cual tambi\u00e9n formaron parte referentes locales e integrantes de lista de Juntos Avellaneda, Machado y Oca\u00f1a recorrieron las calles de&hellip;<\/p>\n","protected":false},"author":1,"featured_media":106788,"comment_status":"open","ping_status":"open","sticky":false,"template":"","format":"standard","meta":{"footnotes":""},"categories":[13],"tags":[2450,756,955,35259,18420,22025],"class_list":["post-106787","post","type-post","status-publish","format-standard","has-post-thumbnail","hentry","category-politica","tag-diario-el-sindical","tag-diego-santilli","tag-graciela-ocana","tag-juntos-avellaneda","tag-orlando-machado","tag-politica"],"_links":{"self":[{"href":"https:\/\/www.elsindical.com.ar\/notas\/wp-json\/wp\/v2\/posts\/106787","targetHints":{"allow":["GET"]}}],"collection":[{"href":"https:\/\/www.elsindical.com.ar\/notas\/wp-json\/wp\/v2\/posts"}],"about":[{"href":"https:\/\/www.elsindical.com.ar\/notas\/wp-json\/wp\/v2\/types\/post"}],"author":[{"embeddable":true,"href":"https:\/\/www.elsindical.com.ar\/notas\/wp-json\/wp\/v2\/users\/1"}],"replies":[{"embeddable":true,"href":"https:\/\/www.elsindical.com.ar\/notas\/wp-json\/wp\/v2\/comments?post=106787"}],"version-history":[{"count":1,"href":"https:\/\/www.elsindical.com.ar\/notas\/wp-json\/wp\/v2\/posts\/106787\/revisions"}],"predecessor-version":[{"id":106793,"href":"https:\/\/www.elsindical.com.ar\/notas\/wp-json\/wp\/v2\/posts\/106787\/revisions\/106793"}],"wp:featuredmedia":[{"embeddable":true,"href":"https:\/\/www.elsindical.com.ar\/notas\/wp-json\/wp\/v2\/media\/106788"}],"wp:attachment":[{"href":"https:\/\/www.elsindical.com.ar\/notas\/wp-json\/wp\/v2\/media?parent=106787"}],"wp:term":[{"taxonomy":"category","embeddable":true,"href":"https:\/\/www.elsindical.com.ar\/notas\/wp-json\/wp\/v2\/categories?post=106787"},{"taxonomy":"post_tag","embeddable":true,"href":"https:\/\/www.elsindical.com.ar\/notas\/wp-json\/wp\/v2\/tags?post=106787"}],"curies":[{"name":"wp","href":"https:\/\/api.w.org\/{rel}","templated":true}]}}