{"id":106776,"date":"2021-08-07T08:10:37","date_gmt":"2021-08-07T11:10:37","guid":{"rendered":"https:\/\/www.elsindical.com.ar\/notas\/?p=106776"},"modified":"2021-08-07T08:10:38","modified_gmt":"2021-08-07T11:10:38","slug":"andalgala-cumplira-600-caminatas-en-defensa-del-agua-y-en-contra-de-la-megamineria","status":"publish","type":"post","link":"https:\/\/www.elsindical.com.ar\/notas\/andalgala-cumplira-600-caminatas-en-defensa-del-agua-y-en-contra-de-la-megamineria\/","title":{"rendered":"Andalgal\u00e1 cumplir\u00e1 600 caminatas en defensa del agua y en contra de la megaminer\u00eda"},"content":{"rendered":"\n<figure class=\"wp-block-image size-full\"><a href=\"https:\/\/www.elsindical.com.ar\/notas\/var\/www\/html\/notas\/wp-content\/uploads\/2021\/08\/600-caminatas-Andalgala.jpg\"><img loading=\"lazy\" decoding=\"async\" width=\"696\" height=\"380\" src=\"https:\/\/www.elsindical.com.ar\/notas\/var\/www\/html\/notas\/wp-content\/uploads\/2021\/08\/600-caminatas-Andalgala.jpg\" alt=\"\" class=\"wp-image-106777\" srcset=\"https:\/\/www.elsindical.com.ar\/notas\/var\/www\/html\/notas\/wp-content\/uploads\/2021\/08\/600-caminatas-Andalgala.jpg 696w, https:\/\/www.elsindical.com.ar\/notas\/var\/www\/html\/notas\/wp-content\/uploads\/2021\/08\/600-caminatas-Andalgala-300x164.jpg 300w, https:\/\/www.elsindical.com.ar\/notas\/var\/www\/html\/notas\/wp-content\/uploads\/2021\/08\/600-caminatas-Andalgala-500x273.jpg 500w\" sizes=\"auto, (max-width: 696px) 100vw, 696px\" \/><\/a><\/figure>\n\n\n\n<p>La cita ser\u00e1, como siempre, en la plaza principal de nuestro pueblo, a las 17 horas.<br><\/p>\n\n\n\n<p>Estas caminatas se realizan de manera ininterrumpida desde hace m\u00e1s de<br>11 a\u00f1os, todos los s\u00e1bados, por las calles de Andalgal\u00e1, como forma de<br>expresar el rechazo al modelo extractivista en nuestro territorio y la<br>falta de licencia social para la megaminer\u00eda. <\/p>\n\n\n\n<p>Son la manera de visibilizar, de manera pac\u00edfica, el leg\u00edtimo reclamo del pueblo de<br>Andalgal\u00e1 para que se respeten sus derechos a la autodeterminaci\u00f3n, al<br>acceso al agua y a vivir en un ambiente sano.<\/p>\n\n\n\n<p>Adem\u00e1s de pac\u00edficas, estas caminatas est\u00e1n caracterizadas por la<br>alegr\u00eda, nacida en la esperanza que las sustenta. As\u00ed, a los tambores<br>se suman instrumentos de viento y, a veces, de cuerdas, convirti\u00e9ndose<br>la m\u00fasica en una expresi\u00f3n de resistencia. El color, a trav\u00e9s de<br>banderas y carteles, tambi\u00e9n est\u00e1 presente en esta manifestaci\u00f3n que,<br>por su persistencia en el tiempo, es hist\u00f3rica.<\/p>\n\n\n\n<p>A lo largo de estos a\u00f1os, ha sido acompa\u00f1ada por referentes de<br>Derechos Humanos, artistas, cient\u00edficos, asambleas ciudadanas y otros<br>colectivos, adem\u00e1s de vecinas y vecinos comunes de otros territorios,<br>que se solidarizan con nuestra lucha.<\/p>\n\n\n\n<p>Aprovechamos la oportunidad para reiterar que:<br>*Defendemos el derecho a la autodeterminaci\u00f3n de nuestro pueblo, al<br>acceso al agua y a vivir en un ambiente sano.<\/p>\n\n\n\n<p>*Denunciamos que el emprendimiento megaminero en el yacimiento Agua<br>Rica es ILEGAL, porque viola, entre otras, la Ley General del Ambiente<br>y la Ley Nacional de Glaciares.<\/p>\n\n\n\n<p>*Exigimos, por lo tanto, que bajen las m\u00e1quinas del cerro y se<br>paralicen inmediatamente los trabajos de exploraci\u00f3n avanzada.<br>*Ratificamos la vigencia de la ordenanza 029\/16, ya que su declaraci\u00f3n<br>de inconstitucionalidad, a cargo de una Justicia corrupta y servil, ha<br>sido apelada y no hay sentencia firme.<\/p>\n\n\n\n<p>*Reivindicamos la inocencia de nuestras vecinas y nuestros vecinos<br>judicializados durante todos estos a\u00f1os por defender nuestros bienes<br>comunes.<\/p>\n\n\n\n<p>*Responsabilizamos a los Gobiernos provincial y nacional por todos los<br>da\u00f1os \u2013ambientales y sociales- producidos ya en nuestro pueblo y en<br>nuestros Nevados del Aconquija.<\/p>\n\n\n\n<p>Megaminer\u00eda delito de lesa humanidad y de lesa naturaleza<\/p>\n\n\n\n<h1 class=\"wp-block-heading\">AndalgalaResiste<\/h1>\n\n\n\n<h1 class=\"wp-block-heading\">#Bajenlasmaquinasdelcerro<\/h1>\n","protected":false},"excerpt":{"rendered":"<p>La cita ser\u00e1, como siempre, en la plaza principal de nuestro pueblo, a las 17 horas. Estas caminatas se realizan de manera ininterrumpida desde hace m\u00e1s de11 a\u00f1os, todos los s\u00e1bados, por las calles de Andalgal\u00e1, como forma deexpresar el rechazo al modelo extractivista en nuestro territorio y lafalta de licencia social para la megaminer\u00eda.&hellip;<\/p>\n","protected":false},"author":1,"featured_media":106777,"comment_status":"open","ping_status":"open","sticky":false,"template":"","format":"standard","meta":{"footnotes":""},"categories":[1],"tags":[1923,35257,2450,2660,156,11274,22032],"class_list":["post-106776","post","type-post","status-publish","format-standard","has-post-thumbnail","hentry","category-destacadas","tag-agua","tag-andalgala","tag-diario-el-sindical","tag-lesa-humanidad","tag-marcha","tag-megamineria","tag-sociedad"],"_links":{"self":[{"href":"https:\/\/www.elsindical.com.ar\/notas\/wp-json\/wp\/v2\/posts\/106776","targetHints":{"allow":["GET"]}}],"collection":[{"href":"https:\/\/www.elsindical.com.ar\/notas\/wp-json\/wp\/v2\/posts"}],"about":[{"href":"https:\/\/www.elsindical.com.ar\/notas\/wp-json\/wp\/v2\/types\/post"}],"author":[{"embeddable":true,"href":"https:\/\/www.elsindical.com.ar\/notas\/wp-json\/wp\/v2\/users\/1"}],"replies":[{"embeddable":true,"href":"https:\/\/www.elsindical.com.ar\/notas\/wp-json\/wp\/v2\/comments?post=106776"}],"version-history":[{"count":1,"href":"https:\/\/www.elsindical.com.ar\/notas\/wp-json\/wp\/v2\/posts\/106776\/revisions"}],"predecessor-version":[{"id":106778,"href":"https:\/\/www.elsindical.com.ar\/notas\/wp-json\/wp\/v2\/posts\/106776\/revisions\/106778"}],"wp:featuredmedia":[{"embeddable":true,"href":"https:\/\/www.elsindical.com.ar\/notas\/wp-json\/wp\/v2\/media\/106777"}],"wp:attachment":[{"href":"https:\/\/www.elsindical.com.ar\/notas\/wp-json\/wp\/v2\/media?parent=106776"}],"wp:term":[{"taxonomy":"category","embeddable":true,"href":"https:\/\/www.elsindical.com.ar\/notas\/wp-json\/wp\/v2\/categories?post=106776"},{"taxonomy":"post_tag","embeddable":true,"href":"https:\/\/www.elsindical.com.ar\/notas\/wp-json\/wp\/v2\/tags?post=106776"}],"curies":[{"name":"wp","href":"https:\/\/api.w.org\/{rel}","templated":true}]}}