{"id":106763,"date":"2021-08-06T21:01:07","date_gmt":"2021-08-07T00:01:07","guid":{"rendered":"https:\/\/www.elsindical.com.ar\/notas\/?p=106763"},"modified":"2021-08-06T21:04:33","modified_gmt":"2021-08-07T00:04:33","slug":"la-pfa-detuvo-a-un-homicida-profugo","status":"publish","type":"post","link":"https:\/\/www.elsindical.com.ar\/notas\/la-pfa-detuvo-a-un-homicida-profugo\/","title":{"rendered":"La PFA detuvo a un homicida pr\u00f3fugo"},"content":{"rendered":"\n<div class=\"wp-block-image\"><figure class=\"aligncenter size-full\"><a href=\"https:\/\/www.elsindical.com.ar\/notas\/var\/www\/html\/notas\/wp-content\/uploads\/2021\/08\/WhatsApp-Image-2021-08-06-at-09.30.49.jpeg\"><img loading=\"lazy\" decoding=\"async\" width=\"1024\" height=\"586\" src=\"https:\/\/www.elsindical.com.ar\/notas\/var\/www\/html\/notas\/wp-content\/uploads\/2021\/08\/WhatsApp-Image-2021-08-06-at-09.30.49.jpeg\" alt=\"\" class=\"wp-image-106764\" srcset=\"https:\/\/www.elsindical.com.ar\/notas\/var\/www\/html\/notas\/wp-content\/uploads\/2021\/08\/WhatsApp-Image-2021-08-06-at-09.30.49.jpeg 1024w, https:\/\/www.elsindical.com.ar\/notas\/var\/www\/html\/notas\/wp-content\/uploads\/2021\/08\/WhatsApp-Image-2021-08-06-at-09.30.49-300x172.jpeg 300w, https:\/\/www.elsindical.com.ar\/notas\/var\/www\/html\/notas\/wp-content\/uploads\/2021\/08\/WhatsApp-Image-2021-08-06-at-09.30.49-768x440.jpeg 768w, https:\/\/www.elsindical.com.ar\/notas\/var\/www\/html\/notas\/wp-content\/uploads\/2021\/08\/WhatsApp-Image-2021-08-06-at-09.30.49-500x286.jpeg 500w, https:\/\/www.elsindical.com.ar\/notas\/var\/www\/html\/notas\/wp-content\/uploads\/2021\/08\/WhatsApp-Image-2021-08-06-at-09.30.49-220x126.jpeg 220w\" sizes=\"auto, (max-width: 1024px) 100vw, 1024px\" \/><\/a><\/figure><\/div>\n\n\n\n<p>Agentes federales del Divisi\u00f3n B\u00fasqueda de Pr\u00f3fugos y Personas Desaparecidas, detuvieron a un hombre que registraba pedido de captura por \u201cRobo Agravado por el Resultado de Muerte\u201d, en la ciudad de Buenos Aires.<br><\/p>\n\n\n\n<p>El hecho ocurri\u00f3 en junio del corriente a\u00f1o en la localidad de San Francisco Solano, cuando el involucrado mat\u00f3 a un chofer de una aplicaci\u00f3n de viajes de un disparo de arma de fuego en la zona del cuello, en ocasi\u00f3n de robo.<\/p>\n\n\n\n<p>En consecuencia y por orden del Juzgado de Garant\u00edas N\u00b03 Del Departamento Judicial Quilmes del Dr. Marcelo Javier Goldberg, los efectivos federales realizaron amplias tareas de campo durante varios d\u00edas para establecer y dar con el paradero del buscado, estableciendo que el mismo frecuentaba la zona del Barrio de Barracas de esta ciudad. Por este motivo, los uniformados realizaron un discreto operativo en la zona, capturando al mismo sobre la Avenida Montes de Oca al 900.<\/p>\n\n\n\n<p>El detenido, argentino de 29 a\u00f1os, qued\u00f3 a disposici\u00f3n del magistrado interventor.<\/p>\n\n\n\n<figure class=\"wp-block-embed is-type-video is-provider-youtube wp-block-embed-youtube wp-embed-aspect-16-9 wp-has-aspect-ratio\"><div class=\"wp-block-embed__wrapper\">\n<iframe loading=\"lazy\" title=\"La PFA detuvo a un homicida pr\u00f3fugo\" width=\"700\" height=\"394\" src=\"https:\/\/www.youtube.com\/embed\/2XFP2H3pL3Y?feature=oembed\" frameborder=\"0\" allow=\"accelerometer; autoplay; clipboard-write; encrypted-media; gyroscope; picture-in-picture\" allowfullscreen><\/iframe>\n<\/div><\/figure>\n","protected":false},"excerpt":{"rendered":"<p>Agentes federales del Divisi\u00f3n B\u00fasqueda de Pr\u00f3fugos y Personas Desaparecidas, detuvieron a un hombre que registraba pedido de captura por \u201cRobo Agravado por el Resultado de Muerte\u201d, en la ciudad de Buenos Aires. El hecho ocurri\u00f3 en junio del corriente a\u00f1o en la localidad de San Francisco Solano, cuando el involucrado mat\u00f3 a un chofer&hellip;<\/p>\n","protected":false},"author":1,"featured_media":106764,"comment_status":"open","ping_status":"open","sticky":false,"template":"","format":"standard","meta":{"footnotes":""},"categories":[22],"tags":[2450,2329,698,22030,658,684,14193],"class_list":["post-106763","post","type-post","status-publish","format-standard","has-post-thumbnail","hentry","category-policiales","tag-diario-el-sindical","tag-homicidio","tag-pfa","tag-policiales","tag-profugo","tag-quilmes","tag-robo-agravado"],"_links":{"self":[{"href":"https:\/\/www.elsindical.com.ar\/notas\/wp-json\/wp\/v2\/posts\/106763","targetHints":{"allow":["GET"]}}],"collection":[{"href":"https:\/\/www.elsindical.com.ar\/notas\/wp-json\/wp\/v2\/posts"}],"about":[{"href":"https:\/\/www.elsindical.com.ar\/notas\/wp-json\/wp\/v2\/types\/post"}],"author":[{"embeddable":true,"href":"https:\/\/www.elsindical.com.ar\/notas\/wp-json\/wp\/v2\/users\/1"}],"replies":[{"embeddable":true,"href":"https:\/\/www.elsindical.com.ar\/notas\/wp-json\/wp\/v2\/comments?post=106763"}],"version-history":[{"count":2,"href":"https:\/\/www.elsindical.com.ar\/notas\/wp-json\/wp\/v2\/posts\/106763\/revisions"}],"predecessor-version":[{"id":106766,"href":"https:\/\/www.elsindical.com.ar\/notas\/wp-json\/wp\/v2\/posts\/106763\/revisions\/106766"}],"wp:featuredmedia":[{"embeddable":true,"href":"https:\/\/www.elsindical.com.ar\/notas\/wp-json\/wp\/v2\/media\/106764"}],"wp:attachment":[{"href":"https:\/\/www.elsindical.com.ar\/notas\/wp-json\/wp\/v2\/media?parent=106763"}],"wp:term":[{"taxonomy":"category","embeddable":true,"href":"https:\/\/www.elsindical.com.ar\/notas\/wp-json\/wp\/v2\/categories?post=106763"},{"taxonomy":"post_tag","embeddable":true,"href":"https:\/\/www.elsindical.com.ar\/notas\/wp-json\/wp\/v2\/tags?post=106763"}],"curies":[{"name":"wp","href":"https:\/\/api.w.org\/{rel}","templated":true}]}}