{"id":106679,"date":"2021-08-04T00:20:16","date_gmt":"2021-08-04T03:20:16","guid":{"rendered":"https:\/\/www.elsindical.com.ar\/notas\/?p=106679"},"modified":"2021-08-04T00:20:17","modified_gmt":"2021-08-04T03:20:17","slug":"machado-recibio-a-larreta-y-santilli-en-avellaneda","status":"publish","type":"post","link":"https:\/\/www.elsindical.com.ar\/notas\/machado-recibio-a-larreta-y-santilli-en-avellaneda\/","title":{"rendered":"Machado recibi\u00f3 a Larreta y Santilli en Avellaneda"},"content":{"rendered":"\n<figure class=\"wp-block-image size-large\"><a href=\"https:\/\/www.elsindical.com.ar\/notas\/var\/www\/html\/notas\/wp-content\/uploads\/2021\/08\/conf-prensa.jpg\"><img loading=\"lazy\" decoding=\"async\" width=\"1024\" height=\"682\" src=\"https:\/\/www.elsindical.com.ar\/notas\/var\/www\/html\/notas\/wp-content\/uploads\/2021\/08\/conf-prensa-1024x682.jpg\" alt=\"\" class=\"wp-image-106680\" srcset=\"https:\/\/www.elsindical.com.ar\/notas\/var\/www\/html\/notas\/wp-content\/uploads\/2021\/08\/conf-prensa-1024x682.jpg 1024w, https:\/\/www.elsindical.com.ar\/notas\/var\/www\/html\/notas\/wp-content\/uploads\/2021\/08\/conf-prensa-300x200.jpg 300w, https:\/\/www.elsindical.com.ar\/notas\/var\/www\/html\/notas\/wp-content\/uploads\/2021\/08\/conf-prensa-768x512.jpg 768w, https:\/\/www.elsindical.com.ar\/notas\/var\/www\/html\/notas\/wp-content\/uploads\/2021\/08\/conf-prensa-450x300.jpg 450w, https:\/\/www.elsindical.com.ar\/notas\/var\/www\/html\/notas\/wp-content\/uploads\/2021\/08\/conf-prensa.jpg 1280w\" sizes=\"auto, (max-width: 1024px) 100vw, 1024px\" \/><\/a><\/figure>\n\n\n\n<p>El primer candidato a concejal de Juntos Avellaneda Orlando Machado<br>recibi\u00f3 esta ma\u00f1ana al candidato a diputado nacional por la provincia de<br>Buenos Aires Diego Santilli y al jefe de gobierno de la Ciudad de Buenos<br>Aires Horacio Rodr\u00edguez Larreta, en una visita que cont\u00f3 con la presencia<br>de referentes provinciales y locales y donde adem\u00e1s se sum\u00f3 a brindar su<br>apoyo a Machado el candidato a diputado nacional oriundo de Avellaneda<br>Gerardo Milman. <\/p>\n\n\n\n<p>En el encuentro compartieron una amena charla con vecinos donde se abordaron diferentes problem\u00e1ticas como la seguridad, el trabajo, la educaci\u00f3n y las consecuencias de la pandemia en la econom\u00eda,<br>y tras brindar una conferencia de prensa a medios locales, los tres candida-<br>tos recorrieron la zona comercial de Avenida Mitre y la plaza Alsina donde<br>fueron interactuando con muchos ciudadanos de nuestra ciudad.<\/p>\n\n\n\n<p>En di\u00e1logo con los medios de prensa Santilli expres\u00f3: \u201cNosotros tenemos<br>una forma de trabajar. Un modelo que implica abordar los temas, hacer-<br>se cargo, enf rentarlos y resolverlos. Claramente hoy estamos viviendo un<br>momento muy dif \u00edcil, donde nos falta trabajo, no te alcanza para llegar<br>a fin de mes, la gente tiene miedo a perder su laburo. La inseguridad es <\/p>\n\n\n\n<p>moneda corriente en todos los lugares donde nos toca recorrer, y la<br>educaci\u00f3n es el \u00fanico motor del futuro de los argentinos. La verdad<br>es que tuvimos un a\u00f1o y medio sin clases y eso le ha hecho mucho<br>da\u00f1o a los bonaerenses, sobre todo cuando ven que en otros lugares<br>hay clases, hubo clases y hubo presencialidad\u201d.<\/p>\n\n\n\n<p>Por su parte, Rodr\u00edguez Larreta hizo referencia al acto electoral:<br>\u201cEstas elecciones son importantes para tener una mayor presencia<br>en el Congreso, para frenar leyes del kirchnerismo con las que no<br>estamos de acuerdo, para mejorar la seguridad, para que baje la<br>inflaci\u00f3n. Nosotros queremos llevar esas ideas al Congreso\u201d, remarc\u00f3.<br>Asimismo, Machado, sostuvo: \u201cUna de las cosas que queremos hacer<br>en Avellaneda es buscar el consenso. Hablar con todos los sectores. <\/p>\n\n\n\n<p>Me parece que una de las cuestiones de que adolece el gobierno munici-<br>pal en este momento es eso. Est\u00e1n de prestado por el voto de los ciuda-<br>danos de Avellaneda. Es una de las cosas que queremos cambiar\u201d.<\/p>\n\n\n\n<figure class=\"wp-block-gallery columns-1 is-cropped wp-block-gallery-1 is-layout-flex wp-block-gallery-is-layout-flex\"><ul class=\"blocks-gallery-grid\"><li class=\"blocks-gallery-item\"><figure><a href=\"https:\/\/www.elsindical.com.ar\/notas\/var\/www\/html\/notas\/wp-content\/uploads\/2021\/08\/larreta-y-orlando-2.jpg\"><img loading=\"lazy\" decoding=\"async\" width=\"966\" height=\"1024\" src=\"https:\/\/www.elsindical.com.ar\/notas\/var\/www\/html\/notas\/wp-content\/uploads\/2021\/08\/larreta-y-orlando-2-966x1024.jpg\" alt=\"\" data-id=\"106682\" data-full-url=\"https:\/\/www.elsindical.com.ar\/notas\/var\/www\/html\/notas\/wp-content\/uploads\/2021\/08\/larreta-y-orlando-2.jpg\" data-link=\"https:\/\/www.elsindical.com.ar\/notas\/?attachment_id=106682#main\" class=\"wp-image-106682\" srcset=\"https:\/\/www.elsindical.com.ar\/notas\/var\/www\/html\/notas\/wp-content\/uploads\/2021\/08\/larreta-y-orlando-2-966x1024.jpg 966w, https:\/\/www.elsindical.com.ar\/notas\/var\/www\/html\/notas\/wp-content\/uploads\/2021\/08\/larreta-y-orlando-2-283x300.jpg 283w, https:\/\/www.elsindical.com.ar\/notas\/var\/www\/html\/notas\/wp-content\/uploads\/2021\/08\/larreta-y-orlando-2-768x814.jpg 768w, https:\/\/www.elsindical.com.ar\/notas\/var\/www\/html\/notas\/wp-content\/uploads\/2021\/08\/larreta-y-orlando-2.jpg 1208w\" sizes=\"auto, (max-width: 966px) 100vw, 966px\" \/><\/a><\/figure><\/li><li class=\"blocks-gallery-item\"><figure><a href=\"https:\/\/www.elsindical.com.ar\/notas\/var\/www\/html\/notas\/wp-content\/uploads\/2021\/08\/santilli-orlando-5.jpg\"><img loading=\"lazy\" decoding=\"async\" width=\"899\" height=\"1024\" src=\"https:\/\/www.elsindical.com.ar\/notas\/var\/www\/html\/notas\/wp-content\/uploads\/2021\/08\/santilli-orlando-5-899x1024.jpg\" alt=\"\" data-id=\"106683\" data-full-url=\"https:\/\/www.elsindical.com.ar\/notas\/var\/www\/html\/notas\/wp-content\/uploads\/2021\/08\/santilli-orlando-5.jpg\" data-link=\"https:\/\/www.elsindical.com.ar\/notas\/?attachment_id=106683#main\" class=\"wp-image-106683\" srcset=\"https:\/\/www.elsindical.com.ar\/notas\/var\/www\/html\/notas\/wp-content\/uploads\/2021\/08\/santilli-orlando-5-899x1024.jpg 899w, https:\/\/www.elsindical.com.ar\/notas\/var\/www\/html\/notas\/wp-content\/uploads\/2021\/08\/santilli-orlando-5-263x300.jpg 263w, https:\/\/www.elsindical.com.ar\/notas\/var\/www\/html\/notas\/wp-content\/uploads\/2021\/08\/santilli-orlando-5-768x875.jpg 768w, https:\/\/www.elsindical.com.ar\/notas\/var\/www\/html\/notas\/wp-content\/uploads\/2021\/08\/santilli-orlando-5.jpg 1124w\" sizes=\"auto, (max-width: 899px) 100vw, 899px\" \/><\/a><\/figure><\/li><li class=\"blocks-gallery-item\"><figure><a href=\"https:\/\/www.elsindical.com.ar\/notas\/var\/www\/html\/notas\/wp-content\/uploads\/2021\/08\/machado-larreta-santilli-mesa.jpg\"><img loading=\"lazy\" decoding=\"async\" width=\"1024\" height=\"768\" src=\"https:\/\/www.elsindical.com.ar\/notas\/var\/www\/html\/notas\/wp-content\/uploads\/2021\/08\/machado-larreta-santilli-mesa-1024x768.jpg\" alt=\"\" data-id=\"106684\" data-full-url=\"https:\/\/www.elsindical.com.ar\/notas\/var\/www\/html\/notas\/wp-content\/uploads\/2021\/08\/machado-larreta-santilli-mesa.jpg\" data-link=\"https:\/\/www.elsindical.com.ar\/notas\/?attachment_id=106684#main\" class=\"wp-image-106684\" srcset=\"https:\/\/www.elsindical.com.ar\/notas\/var\/www\/html\/notas\/wp-content\/uploads\/2021\/08\/machado-larreta-santilli-mesa-1024x768.jpg 1024w, https:\/\/www.elsindical.com.ar\/notas\/var\/www\/html\/notas\/wp-content\/uploads\/2021\/08\/machado-larreta-santilli-mesa-300x225.jpg 300w, https:\/\/www.elsindical.com.ar\/notas\/var\/www\/html\/notas\/wp-content\/uploads\/2021\/08\/machado-larreta-santilli-mesa-768x576.jpg 768w, https:\/\/www.elsindical.com.ar\/notas\/var\/www\/html\/notas\/wp-content\/uploads\/2021\/08\/machado-larreta-santilli-mesa-400x300.jpg 400w, https:\/\/www.elsindical.com.ar\/notas\/var\/www\/html\/notas\/wp-content\/uploads\/2021\/08\/machado-larreta-santilli-mesa.jpg 1280w\" sizes=\"auto, (max-width: 1024px) 100vw, 1024px\" \/><\/a><\/figure><\/li><\/ul><\/figure>\n","protected":false},"excerpt":{"rendered":"<p>El primer candidato a concejal de Juntos Avellaneda Orlando Machadorecibi\u00f3 esta ma\u00f1ana al candidato a diputado nacional por la provincia deBuenos Aires Diego Santilli y al jefe de gobierno de la Ciudad de BuenosAires Horacio Rodr\u00edguez Larreta, en una visita que cont\u00f3 con la presenciade referentes provinciales y locales y donde adem\u00e1s se sum\u00f3 a&hellip;<\/p>\n","protected":false},"author":1,"featured_media":106680,"comment_status":"open","ping_status":"open","sticky":false,"template":"","format":"standard","meta":{"footnotes":""},"categories":[13],"tags":[461,2450,756,16896,1943,16688,18035],"class_list":["post-106679","post","type-post","status-publish","format-standard","has-post-thumbnail","hentry","category-politica","tag-avellaneda","tag-diario-el-sindical","tag-diego-santilli","tag-gerardo-milman","tag-horacio-rodriguez-larreta","tag-juntos","tag-pedro-orlando-machado"],"_links":{"self":[{"href":"https:\/\/www.elsindical.com.ar\/notas\/wp-json\/wp\/v2\/posts\/106679","targetHints":{"allow":["GET"]}}],"collection":[{"href":"https:\/\/www.elsindical.com.ar\/notas\/wp-json\/wp\/v2\/posts"}],"about":[{"href":"https:\/\/www.elsindical.com.ar\/notas\/wp-json\/wp\/v2\/types\/post"}],"author":[{"embeddable":true,"href":"https:\/\/www.elsindical.com.ar\/notas\/wp-json\/wp\/v2\/users\/1"}],"replies":[{"embeddable":true,"href":"https:\/\/www.elsindical.com.ar\/notas\/wp-json\/wp\/v2\/comments?post=106679"}],"version-history":[{"count":1,"href":"https:\/\/www.elsindical.com.ar\/notas\/wp-json\/wp\/v2\/posts\/106679\/revisions"}],"predecessor-version":[{"id":106685,"href":"https:\/\/www.elsindical.com.ar\/notas\/wp-json\/wp\/v2\/posts\/106679\/revisions\/106685"}],"wp:featuredmedia":[{"embeddable":true,"href":"https:\/\/www.elsindical.com.ar\/notas\/wp-json\/wp\/v2\/media\/106680"}],"wp:attachment":[{"href":"https:\/\/www.elsindical.com.ar\/notas\/wp-json\/wp\/v2\/media?parent=106679"}],"wp:term":[{"taxonomy":"category","embeddable":true,"href":"https:\/\/www.elsindical.com.ar\/notas\/wp-json\/wp\/v2\/categories?post=106679"},{"taxonomy":"post_tag","embeddable":true,"href":"https:\/\/www.elsindical.com.ar\/notas\/wp-json\/wp\/v2\/tags?post=106679"}],"curies":[{"name":"wp","href":"https:\/\/api.w.org\/{rel}","templated":true}]}}