{"id":106666,"date":"2021-08-03T08:01:24","date_gmt":"2021-08-03T11:01:24","guid":{"rendered":"https:\/\/www.elsindical.com.ar\/notas\/?p=106666"},"modified":"2021-08-03T08:01:25","modified_gmt":"2021-08-03T11:01:25","slug":"gremios-aeronauticos-cuestionan-al-ministro-de-transporte-y-advierten-con-conflictos","status":"publish","type":"post","link":"https:\/\/www.elsindical.com.ar\/notas\/gremios-aeronauticos-cuestionan-al-ministro-de-transporte-y-advierten-con-conflictos\/","title":{"rendered":"Gremios aeron\u00e1uticos cuestionan al ministro de Transporte y advierten con conflictos"},"content":{"rendered":"\n<figure class=\"wp-block-image size-full\"><a href=\"https:\/\/www.elsindical.com.ar\/notas\/var\/www\/html\/notas\/wp-content\/uploads\/2021\/08\/aeronauticos.jpg\"><img loading=\"lazy\" decoding=\"async\" width=\"849\" height=\"500\" src=\"https:\/\/www.elsindical.com.ar\/notas\/var\/www\/html\/notas\/wp-content\/uploads\/2021\/08\/aeronauticos.jpg\" alt=\"\" class=\"wp-image-106667\" srcset=\"https:\/\/www.elsindical.com.ar\/notas\/var\/www\/html\/notas\/wp-content\/uploads\/2021\/08\/aeronauticos.jpg 849w, https:\/\/www.elsindical.com.ar\/notas\/var\/www\/html\/notas\/wp-content\/uploads\/2021\/08\/aeronauticos-300x177.jpg 300w, https:\/\/www.elsindical.com.ar\/notas\/var\/www\/html\/notas\/wp-content\/uploads\/2021\/08\/aeronauticos-768x452.jpg 768w, https:\/\/www.elsindical.com.ar\/notas\/var\/www\/html\/notas\/wp-content\/uploads\/2021\/08\/aeronauticos-500x294.jpg 500w\" sizes=\"auto, (max-width: 849px) 100vw, 849px\" \/><\/a><\/figure>\n\n\n\n<blockquote class=\"wp-block-quote is-layout-flow wp-block-quote-is-layout-flow\"><p>APTA, APA, UPSA, APLA y ATEPSA apuntaron con el ministro Alexis Guerrera por no atender los reclamos de los trabajadores aeron\u00e1uticos.<\/p><cite>Gremios aeron\u00e1uticos se quejaron de la falta de atenci\u00f3n por parte del ministerio de Transporte a los reclamos efectuados considerados prioritarios en su agenda.<br><br>Con un comunicado, el bloque de unidad sindical manifest\u00f3 su \u201cpreocupaci\u00f3n y disconformidad con las continuas dilaciones del Ministro de Transporte de la Naci\u00f3n, Alexis Guerrera y el Secretario de Transporte, Diego Giuliano, para acordar una reuni\u00f3n\u201d.<br><br>Adhieren al pedido APTA (Asociaci\u00f3n del Personal T\u00e9cnico Aeron\u00e1utico), APA (Asociaci\u00f3n del Personal Aeron\u00e1utico), UPSA (Uni\u00f3n del Personal Superior y Profesional de Empresas Aerocomerciales), APLA (Asociaci\u00f3n de Pilotos de L\u00edneas A\u00e9reas) y ATEPSA (Asociaci\u00f3n T\u00e9cnicos y Empleados de Protecci\u00f3n y Seguridad a la Aeronavegaci\u00f3n).<br><br>Aseguran que fueron reiterados los pedidos de reuni\u00f3n con el ministro y que el funcionario \u201cadujo sucesivos problemas de agenda\u201d, por lo que fueron derivados al Secretario, quien tampoco los recibi\u00f3 \u201ccon diferentes argumentos de disculpa\u201d.<br><br>\u201cDado que los temas a tratar son de gran importancia y requieren atenci\u00f3n en el corto plazo, los Sindicatos Aeron\u00e1uticos Unidos reiteran una vez m\u00e1s la necesidad de su tratamiento sin demoras ni postergaciones, para evitar situaciones de conflictividad no deseada y lograr, mediante el di\u00e1logo y el consenso entre todas las partes interesadas, la salida de la profunda crisis por la que atraviesa el sector del transporte a\u00e9reo\u201d, concluyeron.<\/cite><\/blockquote>\n","protected":false},"excerpt":{"rendered":"<p>APTA, APA, UPSA, APLA y ATEPSA apuntaron con el ministro Alexis Guerrera por no atender los reclamos de los trabajadores aeron\u00e1uticos. Gremios aeron\u00e1uticos se quejaron de la falta de atenci\u00f3n por parte del ministerio de Transporte a los reclamos efectuados considerados prioritarios en su agenda. Con un comunicado, el bloque de unidad sindical manifest\u00f3 su&hellip;<\/p>\n","protected":false},"author":1,"featured_media":106667,"comment_status":"open","ping_status":"open","sticky":false,"template":"","format":"standard","meta":{"footnotes":""},"categories":[16],"tags":[35223,5076,8001,1564,26667,2450,666,11111],"class_list":["post-106666","post","type-post","status-publish","format-standard","has-post-thumbnail","hentry","category-gremiales","tag-alexis-guerrera","tag-apa","tag-apla","tag-apta","tag-atepsa","tag-diario-el-sindical","tag-gremios","tag-upsa"],"_links":{"self":[{"href":"https:\/\/www.elsindical.com.ar\/notas\/wp-json\/wp\/v2\/posts\/106666","targetHints":{"allow":["GET"]}}],"collection":[{"href":"https:\/\/www.elsindical.com.ar\/notas\/wp-json\/wp\/v2\/posts"}],"about":[{"href":"https:\/\/www.elsindical.com.ar\/notas\/wp-json\/wp\/v2\/types\/post"}],"author":[{"embeddable":true,"href":"https:\/\/www.elsindical.com.ar\/notas\/wp-json\/wp\/v2\/users\/1"}],"replies":[{"embeddable":true,"href":"https:\/\/www.elsindical.com.ar\/notas\/wp-json\/wp\/v2\/comments?post=106666"}],"version-history":[{"count":1,"href":"https:\/\/www.elsindical.com.ar\/notas\/wp-json\/wp\/v2\/posts\/106666\/revisions"}],"predecessor-version":[{"id":106668,"href":"https:\/\/www.elsindical.com.ar\/notas\/wp-json\/wp\/v2\/posts\/106666\/revisions\/106668"}],"wp:featuredmedia":[{"embeddable":true,"href":"https:\/\/www.elsindical.com.ar\/notas\/wp-json\/wp\/v2\/media\/106667"}],"wp:attachment":[{"href":"https:\/\/www.elsindical.com.ar\/notas\/wp-json\/wp\/v2\/media?parent=106666"}],"wp:term":[{"taxonomy":"category","embeddable":true,"href":"https:\/\/www.elsindical.com.ar\/notas\/wp-json\/wp\/v2\/categories?post=106666"},{"taxonomy":"post_tag","embeddable":true,"href":"https:\/\/www.elsindical.com.ar\/notas\/wp-json\/wp\/v2\/tags?post=106666"}],"curies":[{"name":"wp","href":"https:\/\/api.w.org\/{rel}","templated":true}]}}