{"id":106606,"date":"2021-08-01T14:09:58","date_gmt":"2021-08-01T17:09:58","guid":{"rendered":"https:\/\/www.elsindical.com.ar\/notas\/?p=106606"},"modified":"2021-08-01T14:09:59","modified_gmt":"2021-08-01T17:09:59","slug":"7-de-agosto-jornada-nacional-por-tierra-techo-y-trabajo","status":"publish","type":"post","link":"https:\/\/www.elsindical.com.ar\/notas\/7-de-agosto-jornada-nacional-por-tierra-techo-y-trabajo\/","title":{"rendered":"7 de agosto: Jornada nacional por Tierra, Techo y Trabajo"},"content":{"rendered":"\n<div class=\"wp-block-image\"><figure class=\"aligncenter size-full\"><a href=\"https:\/\/www.elsindical.com.ar\/notas\/var\/www\/html\/notas\/wp-content\/uploads\/2021\/08\/Barrios-de-Pie.png\"><img loading=\"lazy\" decoding=\"async\" width=\"600\" height=\"449\" src=\"https:\/\/www.elsindical.com.ar\/notas\/var\/www\/html\/notas\/wp-content\/uploads\/2021\/08\/Barrios-de-Pie.png\" alt=\"\" class=\"wp-image-106607\" srcset=\"https:\/\/www.elsindical.com.ar\/notas\/var\/www\/html\/notas\/wp-content\/uploads\/2021\/08\/Barrios-de-Pie.png 600w, https:\/\/www.elsindical.com.ar\/notas\/var\/www\/html\/notas\/wp-content\/uploads\/2021\/08\/Barrios-de-Pie-300x225.png 300w, https:\/\/www.elsindical.com.ar\/notas\/var\/www\/html\/notas\/wp-content\/uploads\/2021\/08\/Barrios-de-Pie-401x300.png 401w\" sizes=\"auto, (max-width: 600px) 100vw, 600px\" \/><\/a><\/figure><\/div>\n\n\n\n<p class=\"wp-block-paragraph\"><strong>Las organizaciones sociales hace 5 a\u00f1os conmovieron la Argentina surcada por el hambre y la desocupaci\u00f3n del macrismo.<\/strong><\/p>\n\n\n\n<p class=\"wp-block-paragraph\"><strong>Partieron desde la iglesia de San Cayetano en Liniers por decenas de miles, conquistaron medidas como la ley de Emergencia Social.<\/strong><\/p>\n\n\n\n<p class=\"wp-block-paragraph\"><strong>El 7 de agosto convocamos a una jornada nacional en la sexta marcha por\u00a0 TECHO TIERRA y TRABAJO, que naci\u00f3 en coincidencia con lo que pregona el Papa Francisco<\/strong>.<\/p>\n\n\n\n<p class=\"wp-block-paragraph\">Hoy con un grito de unidad muy fuerte, volvemos a marchar por el proyecto de Ley presentado por el diputado Juan Carlos Alderete. Proyecto que resume la necesidad de millones de desposeidos y es bandera de lucha de las organizaciones sociales que vienen peleando incluso en medio de la pandemia, que agrav\u00f3 la crisis que nos dejo la pol\u00edtica de quienes derrotamos en las calles y en las urnas en 2019.<\/p>\n\n\n\n<p class=\"wp-block-paragraph\">El jueves pasado en la reuni\u00f3n del secretariado ampliado de UTEP (Uni\u00f3n de Trabajadores de la Econom\u00eda Nacional) se vot\u00f3 \u00abllevar adelante la tradicional marcha de San Cayetano\u00a0en unidad y por Tierra, Techo y Trabajo (TTT) desde Liniers a Plaza de Mayo y con jornadas de movilizaci\u00f3n en todo el pa\u00eds\u00bb.<\/p>\n\n\n\n<div class=\"wp-block-image\"><figure class=\"aligncenter size-full\"><a href=\"https:\/\/www.elsindical.com.ar\/notas\/var\/www\/html\/notas\/wp-content\/uploads\/2021\/08\/Barrios-de-Pie-asamblea.png\"><img loading=\"lazy\" decoding=\"async\" width=\"600\" height=\"400\" src=\"https:\/\/www.elsindical.com.ar\/notas\/var\/www\/html\/notas\/wp-content\/uploads\/2021\/08\/Barrios-de-Pie-asamblea.png\" alt=\"\" class=\"wp-image-106608\" srcset=\"https:\/\/www.elsindical.com.ar\/notas\/var\/www\/html\/notas\/wp-content\/uploads\/2021\/08\/Barrios-de-Pie-asamblea.png 600w, https:\/\/www.elsindical.com.ar\/notas\/var\/www\/html\/notas\/wp-content\/uploads\/2021\/08\/Barrios-de-Pie-asamblea-300x200.png 300w, https:\/\/www.elsindical.com.ar\/notas\/var\/www\/html\/notas\/wp-content\/uploads\/2021\/08\/Barrios-de-Pie-asamblea-450x300.png 450w\" sizes=\"auto, (max-width: 600px) 100vw, 600px\" \/><\/a><\/figure><\/div>\n\n\n\n<p class=\"wp-block-paragraph\">Del encuentro de la UTEP participaron Esteban Gringo Castro, secretario general de la UTEP; Norma Morales, secretaria general adjunta de Somos Barrios de Pie; Dina S\u00e1nchez, secretaria general adjunta del Frente Popular Dar\u00edo Santill\u00e1n (FPDS); Fredy Mari\u00f1o, secretario de Organizaci\u00f3n y de la Mesa Nacional de los desocupados y precarizados de la Corriente Clasista y Combativa (CCC) y Gildo Onorato, secretario gremial del Movimiento Evita.<\/p>\n\n\n\n<p class=\"wp-block-paragraph\">Porque fuimos protagonistas decisivos ayer para abrir otra esperanza y despu\u00e9s\u00a0 estuvimos en la primera linea de batalla por la salud y contra el hambre, hoy queremos avanzar en medidas que nos den trabajo genuino, tierra para trabajar y un techo donde para vivir.<\/p>\n\n\n\n<div class=\"wp-block-image\"><figure class=\"aligncenter size-full\"><a href=\"https:\/\/www.elsindical.com.ar\/notas\/var\/www\/html\/notas\/wp-content\/uploads\/2021\/08\/Asamblea-UTEP.png\"><img loading=\"lazy\" decoding=\"async\" width=\"600\" height=\"387\" src=\"https:\/\/www.elsindical.com.ar\/notas\/var\/www\/html\/notas\/wp-content\/uploads\/2021\/08\/Asamblea-UTEP.png\" alt=\"\" class=\"wp-image-106609\" srcset=\"https:\/\/www.elsindical.com.ar\/notas\/var\/www\/html\/notas\/wp-content\/uploads\/2021\/08\/Asamblea-UTEP.png 600w, https:\/\/www.elsindical.com.ar\/notas\/var\/www\/html\/notas\/wp-content\/uploads\/2021\/08\/Asamblea-UTEP-300x194.png 300w, https:\/\/www.elsindical.com.ar\/notas\/var\/www\/html\/notas\/wp-content\/uploads\/2021\/08\/Asamblea-UTEP-465x300.png 465w\" sizes=\"auto, (max-width: 600px) 100vw, 600px\" \/><\/a><\/figure><\/div>\n\n\n\n<p class=\"wp-block-paragraph\">No queremos el asistencialismo del Estado. Necesitamos &nbsp;miles de unidades productivas en la construcci\u00f3n de viviendas populares, miles de puestos de trabajo para los que en esta pandemia llevamos un a\u00f1o y medio en la primera linea, como promotores\/as de salud, de&nbsp; prevenci\u00f3n en violencia de genero, como \u201clas Ramonas\u201d que cocinan d\u00eda a dia en los barrios para darle de comer a miles y miles personas. O como los j\u00f3venes que luchan contra la drogadiccion en #NiUnPibeMenosPorLaDroga.<\/p>\n\n\n\n<p class=\"wp-block-paragraph\">Como lo se\u00f1ala nuestro coordinador nacional y diputado nacional, Juan Carlos Alderete, tenemos propuestas para abordar temas estrat\u00e9gicos para sacar a nuestro pa\u00eds de la crisis y recuperar el patrimonio nacional y nuestra soberan\u00eda. El control de la Hidrov\u00eda del R\u00edo Paran\u00e1, el control del mar continental, la recuperaci\u00f3n de nuestros ferrocarriles y nuestros recursos naturales como el petr\u00f3leo y el Litio.<\/p>\n\n\n\n<div class=\"wp-block-image\"><figure class=\"aligncenter size-full\"><a href=\"https:\/\/www.elsindical.com.ar\/notas\/var\/www\/html\/notas\/wp-content\/uploads\/2021\/08\/Asamblea-UTEP-2.png\"><img loading=\"lazy\" decoding=\"async\" width=\"593\" height=\"398\" src=\"https:\/\/www.elsindical.com.ar\/notas\/var\/www\/html\/notas\/wp-content\/uploads\/2021\/08\/Asamblea-UTEP-2.png\" alt=\"\" class=\"wp-image-106610\" srcset=\"https:\/\/www.elsindical.com.ar\/notas\/var\/www\/html\/notas\/wp-content\/uploads\/2021\/08\/Asamblea-UTEP-2.png 593w, https:\/\/www.elsindical.com.ar\/notas\/var\/www\/html\/notas\/wp-content\/uploads\/2021\/08\/Asamblea-UTEP-2-300x201.png 300w, https:\/\/www.elsindical.com.ar\/notas\/var\/www\/html\/notas\/wp-content\/uploads\/2021\/08\/Asamblea-UTEP-2-447x300.png 447w\" sizes=\"auto, (max-width: 593px) 100vw, 593px\" \/><\/a><\/figure><\/div>\n\n\n\n<p class=\"wp-block-paragraph\">Por esto las organizaciones sociales m\u00e1s que nunca en unidad haremos&nbsp;esta jornada nacional. En CABA&nbsp;marchamos desde el santuario de San Cayetano, patrono del Trabajo, hasta Plaza de Mayo. Demostraremos una vez m\u00e1s que estamos en las calles de todos los barrios y tenemos propuestas para paliar nuestras necesidades.<\/p>\n\n\n\n<p class=\"wp-block-paragraph\"><strong>Convocamos a sumarse a todos y todas el <a href=\"https:\/\/www.facebook.com\/hashtag\/7deagosto?__eep__=6&amp;__cft__%5b0%5d=AZUSU3tajMZx4foyH02rfyxdTQQwaqkUGDRU0psTaC044JNwoXhllQZ-qNxigCRlRCTEC6ztk17fj_znE8yDpoxp3uRaESiiwNzrK18i9dhas-Vf3s5-eaInEXhvBcgJYpI_LPIo4UO8ieSUTB8u9Pyu&amp;__tn__=*NK-R\">#7DeAgosto<\/a> por <a href=\"https:\/\/www.facebook.com\/hashtag\/tierratechotrabajo?__eep__=6&amp;__cft__%5b0%5d=AZUSU3tajMZx4foyH02rfyxdTQQwaqkUGDRU0psTaC044JNwoXhllQZ-qNxigCRlRCTEC6ztk17fj_znE8yDpoxp3uRaESiiwNzrK18i9dhas-Vf3s5-eaInEXhvBcgJYpI_LPIo4UO8ieSUTB8u9Pyu&amp;__tn__=*NK-R\">#TierraTechoTrabajo<\/a><\/strong><\/p>\n","protected":false},"excerpt":{"rendered":"<p>Las organizaciones sociales hace 5 a\u00f1os conmovieron la Argentina surcada por el hambre y la desocupaci\u00f3n del macrismo. Partieron desde la iglesia de San Cayetano en Liniers por decenas de miles, conquistaron medidas como la ley de Emergencia Social. El 7 de agosto convocamos a una jornada nacional en la sexta marcha por\u00a0 TECHO TIERRA&hellip;<\/p>\n","protected":false},"author":1,"featured_media":106607,"comment_status":"open","ping_status":"open","sticky":false,"template":"","format":"standard","meta":{"footnotes":""},"categories":[13],"tags":[3327,2450,35199,15984,35197,32082],"class_list":["post-106606","post","type-post","status-publish","format-standard","has-post-thumbnail","hentry","category-politica","tag-barrios-de-pie","tag-diario-el-sindical","tag-jornada-por-tierra-techo-y-trabajo","tag-papa-francisco","tag-ttt","tag-utep"],"_links":{"self":[{"href":"https:\/\/www.elsindical.com.ar\/notas\/wp-json\/wp\/v2\/posts\/106606","targetHints":{"allow":["GET"]}}],"collection":[{"href":"https:\/\/www.elsindical.com.ar\/notas\/wp-json\/wp\/v2\/posts"}],"about":[{"href":"https:\/\/www.elsindical.com.ar\/notas\/wp-json\/wp\/v2\/types\/post"}],"author":[{"embeddable":true,"href":"https:\/\/www.elsindical.com.ar\/notas\/wp-json\/wp\/v2\/users\/1"}],"replies":[{"embeddable":true,"href":"https:\/\/www.elsindical.com.ar\/notas\/wp-json\/wp\/v2\/comments?post=106606"}],"version-history":[{"count":1,"href":"https:\/\/www.elsindical.com.ar\/notas\/wp-json\/wp\/v2\/posts\/106606\/revisions"}],"predecessor-version":[{"id":106611,"href":"https:\/\/www.elsindical.com.ar\/notas\/wp-json\/wp\/v2\/posts\/106606\/revisions\/106611"}],"wp:featuredmedia":[{"embeddable":true,"href":"https:\/\/www.elsindical.com.ar\/notas\/wp-json\/wp\/v2\/media\/106607"}],"wp:attachment":[{"href":"https:\/\/www.elsindical.com.ar\/notas\/wp-json\/wp\/v2\/media?parent=106606"}],"wp:term":[{"taxonomy":"category","embeddable":true,"href":"https:\/\/www.elsindical.com.ar\/notas\/wp-json\/wp\/v2\/categories?post=106606"},{"taxonomy":"post_tag","embeddable":true,"href":"https:\/\/www.elsindical.com.ar\/notas\/wp-json\/wp\/v2\/tags?post=106606"}],"curies":[{"name":"wp","href":"https:\/\/api.w.org\/{rel}","templated":true}]}}