{"id":10656,"date":"2010-11-09T00:30:29","date_gmt":"2010-11-09T03:30:29","guid":{"rendered":"http:\/\/www.elsindical.com.ar\/notas\/?p=10656"},"modified":"2010-11-09T00:30:29","modified_gmt":"2010-11-09T03:30:29","slug":"repudio-gremial-a-declaraciones-de-macri","status":"publish","type":"post","link":"https:\/\/www.elsindical.com.ar\/notas\/repudio-gremial-a-declaraciones-de-macri\/","title":{"rendered":"Repudio gremial a declaraciones de Macri"},"content":{"rendered":"<p style=\"text-align: justify;\"><em><a href=\"http:\/\/www.elsindical.com.ar\/notas\/var\/www\/html\/notas\/wp-content\/uploads\/2010\/11\/Edgardo-Llano.jpg\"><img loading=\"lazy\" decoding=\"async\" class=\"alignleft size-full wp-image-10657\" title=\"Edgardo-Llano\" src=\"http:\/\/www.elsindical.com.ar\/notas\/var\/www\/html\/notas\/wp-content\/uploads\/2010\/11\/Edgardo-Llano.jpg\" alt=\"\" width=\"236\" height=\"236\" srcset=\"https:\/\/www.elsindical.com.ar\/notas\/var\/www\/html\/notas\/wp-content\/uploads\/2010\/11\/Edgardo-Llano.jpg 236w, https:\/\/www.elsindical.com.ar\/notas\/var\/www\/html\/notas\/wp-content\/uploads\/2010\/11\/Edgardo-Llano-150x150.jpg 150w\" sizes=\"auto, (max-width: 236px) 100vw, 236px\" \/><\/a>La Asociaci\u00f3n del Personal Aeron\u00e1utico (APA) repudi\u00f3 declaraciones realizadas por el jefe de gobierno porte\u00f1o Mauricio Macri con respecto a la situaci\u00f3n de Aerol\u00edneas Argentinas.<\/em><\/p>\n<p style=\"text-align: justify;\">A trav\u00e9s de un comunicado APA expres\u00f3 \u00abel repudio de los trabajadores a las declaraciones realizadas por el Jefe de Gobierno Porte\u00f1o Mauricio Macri, con respecto a la situaci\u00f3n de Aerol\u00edneas Argentinas\u00bb<\/p>\n<p style=\"text-align: justify;\">El gremio que nuclea al personal aerona\u00fatico indic\u00f3 que \u00abcomo primer punto es detestable y totalmente repudiable, como tambi\u00e9n de muy bajo nivel \u00e9tico, el oportunismo de las declaraciones realizadas por Macri\u00bb.<\/p>\n<p style=\"text-align: justify;\">Indica que \u00aben segundo t\u00e9rmino, es evidente el desconocimiento por parte del l\u00edder del PRO de los verdaderos objetivos que persiguen las pol\u00edticas p\u00fablicas, que no son justamente la rentabilidad de una empresa en particular, sino que el Estado pueda brindar asistencia a una sociedad donde no la dan otros\u00bb.<\/p>\n<p style=\"text-align: justify;\">APA sostiene que \u00abla manipulaci\u00f3n claramente maliciosa y tendenciosa de querer comparar a dos empresas con un pasado totalmente diferente, donde Aerol\u00edneas fue desguazada, endeudada en beneficio de empresarios privados y capitales for\u00e1neos. Hasta su recuperaci\u00f3n por parte de los trabajadores junto al Gobierno\u00bb.<\/p>\n<p style=\"text-align: justify;\">El comunicado, que lleva la firma de Eduardo Llano, secretario general de APA y de Rodrigo Borr\u00e1s, de Prensa, se\u00f1ala adem\u00e1s que \u00ablos trabajadores de APA, el gremio m\u00e1s antiguo y mayoritario de la actividad, repudia la pol\u00edtica carro\u00f1era de Mauricio Macri ante los esfuerzos que estamos llevando adelante los trabajadores junto a este gobierno\u00bb.<\/p>\n<p style=\"text-align: justify;\">Destac\u00f3 adem\u00e1s \u00abel actual plan pol\u00edtico-social que hizo que muchos trabajadores volvi\u00e9ramos a creer que podemos construir una sociedad mucho m\u00e1s justa y digna para todos los argentinos. A pesar de que los nost\u00e1lgicos de las pol\u00edticas neoliberales traten de impedir que este proyecto de pa\u00eds para todos siga avanzando\u00bb.<\/p>\n","protected":false},"excerpt":{"rendered":"<p>La Asociaci\u00f3n del Personal Aeron\u00e1utico (APA) repudi\u00f3 declaraciones realizadas por el jefe de gobierno porte\u00f1o Mauricio Macri con respecto a la situaci\u00f3n de Aerol\u00edneas Argentinas. A trav\u00e9s de un comunicado APA expres\u00f3 \u00abel repudio de los trabajadores a las declaraciones realizadas por el Jefe de Gobierno Porte\u00f1o Mauricio Macri, con respecto a la situaci\u00f3n de&hellip;<\/p>\n","protected":false},"author":1,"featured_media":0,"comment_status":"open","ping_status":"open","sticky":false,"template":"","format":"standard","meta":{"footnotes":""},"categories":[16],"tags":[3051,5076,253,76],"class_list":["post-10656","post","type-post","status-publish","format-standard","hentry","category-gremiales","tag-aerolineas-argentinas","tag-apa","tag-declaraciones","tag-mauricio-macri"],"_links":{"self":[{"href":"https:\/\/www.elsindical.com.ar\/notas\/wp-json\/wp\/v2\/posts\/10656","targetHints":{"allow":["GET"]}}],"collection":[{"href":"https:\/\/www.elsindical.com.ar\/notas\/wp-json\/wp\/v2\/posts"}],"about":[{"href":"https:\/\/www.elsindical.com.ar\/notas\/wp-json\/wp\/v2\/types\/post"}],"author":[{"embeddable":true,"href":"https:\/\/www.elsindical.com.ar\/notas\/wp-json\/wp\/v2\/users\/1"}],"replies":[{"embeddable":true,"href":"https:\/\/www.elsindical.com.ar\/notas\/wp-json\/wp\/v2\/comments?post=10656"}],"version-history":[{"count":1,"href":"https:\/\/www.elsindical.com.ar\/notas\/wp-json\/wp\/v2\/posts\/10656\/revisions"}],"predecessor-version":[{"id":10658,"href":"https:\/\/www.elsindical.com.ar\/notas\/wp-json\/wp\/v2\/posts\/10656\/revisions\/10658"}],"wp:attachment":[{"href":"https:\/\/www.elsindical.com.ar\/notas\/wp-json\/wp\/v2\/media?parent=10656"}],"wp:term":[{"taxonomy":"category","embeddable":true,"href":"https:\/\/www.elsindical.com.ar\/notas\/wp-json\/wp\/v2\/categories?post=10656"},{"taxonomy":"post_tag","embeddable":true,"href":"https:\/\/www.elsindical.com.ar\/notas\/wp-json\/wp\/v2\/tags?post=10656"}],"curies":[{"name":"wp","href":"https:\/\/api.w.org\/{rel}","templated":true}]}}