{"id":106544,"date":"2021-07-30T08:53:49","date_gmt":"2021-07-30T11:53:49","guid":{"rendered":"https:\/\/www.elsindical.com.ar\/notas\/?p=106544"},"modified":"2021-07-30T08:53:49","modified_gmt":"2021-07-30T11:53:49","slug":"somospuentes-org-nuevo-activismo-digital-para-iniciativas-ambientales","status":"publish","type":"post","link":"https:\/\/www.elsindical.com.ar\/notas\/somospuentes-org-nuevo-activismo-digital-para-iniciativas-ambientales\/","title":{"rendered":"SomosPuentes.org, nuevo activismo digital para iniciativas ambientales"},"content":{"rendered":"\n<figure class=\"wp-block-image size-large\"><a href=\"https:\/\/www.elsindical.com.ar\/notas\/var\/www\/html\/notas\/wp-content\/uploads\/2021\/07\/GPA_SomosPuentes_09-scaled.jpg\"><img loading=\"lazy\" decoding=\"async\" width=\"1024\" height=\"640\" src=\"https:\/\/www.elsindical.com.ar\/notas\/var\/www\/html\/notas\/wp-content\/uploads\/2021\/07\/GPA_SomosPuentes_09-1024x640.jpg\" alt=\"\" class=\"wp-image-106545\" srcset=\"https:\/\/www.elsindical.com.ar\/notas\/var\/www\/html\/notas\/wp-content\/uploads\/2021\/07\/GPA_SomosPuentes_09-1024x640.jpg 1024w, https:\/\/www.elsindical.com.ar\/notas\/var\/www\/html\/notas\/wp-content\/uploads\/2021\/07\/GPA_SomosPuentes_09-300x188.jpg 300w, https:\/\/www.elsindical.com.ar\/notas\/var\/www\/html\/notas\/wp-content\/uploads\/2021\/07\/GPA_SomosPuentes_09-768x480.jpg 768w, https:\/\/www.elsindical.com.ar\/notas\/var\/www\/html\/notas\/wp-content\/uploads\/2021\/07\/GPA_SomosPuentes_09-480x300.jpg 480w, https:\/\/www.elsindical.com.ar\/notas\/var\/www\/html\/notas\/wp-content\/uploads\/2021\/07\/GPA_SomosPuentes_09-1536x960.jpg 1536w, https:\/\/www.elsindical.com.ar\/notas\/var\/www\/html\/notas\/wp-content\/uploads\/2021\/07\/GPA_SomosPuentes_09-2048x1280.jpg 2048w\" sizes=\"auto, (max-width: 1024px) 100vw, 1024px\" \/><\/a><figcaption>Activistas y defensores del medioambiente cuentan desde el mi\u00e9rcoles con una nueva herramienta digital para llevar adelante sus reclamos y difundir sus causas; la nueva versi\u00f3n de la plataforma de peticiones impulsada por Greenpeace se lanz\u00f3 esta semana y ya cuenta con mas de 8300 Peticiones activas.<\/figcaption><\/figure>\n\n\n\n<p class=\"wp-block-paragraph\">SomosPuentes.org, participaci\u00f3n y articulaci\u00f3n en red, con el respaldo de Greenpeace<\/p>\n\n\n\n<p class=\"wp-block-paragraph\"><strong>El nuevo activismo digital para iniciativas ambientales<\/strong> La nueva plataforma brinda posibilidades de<\/p>\n\n\n\n<ul class=\"wp-block-list\"><li>Crear una campa\u00f1a ambiental&nbsp;<\/li><li>Encontrar grupos de activistas ambientales o formar un grupo nuevo<\/li><li>Buscar campa\u00f1as por cercan\u00eda<\/li><li>Participar y fomentar debates<\/li><li>Acceder a un centro con recursos y aprendizajes<\/li><li>Conocer oportunidades de voluntariado<\/li><\/ul>\n\n\n\n<p class=\"wp-block-paragraph\">Im\u00e1genes:<a href=\"https:\/\/et.datacrush.la\/track\/click?portalID=315&amp;l=FdT3h1jjGwlBuK9b2HSh8FT7P&amp;key=MzE1LTM1OTQ4ODYzMS0xODY5Mi0yMTkwOC00NDU1Njg2LQ&amp;contact_key=3154iNa749pTZ2ONHWZ2YB66dyy6SxFljtpChAKmK9gJc4wU\" target=\"_blank\" rel=\"noreferrer noopener\">http:\/\/fotos.greenpeace.org.ar\/Prensa\/indexdesktop.php?layout=4col&amp;dir=20210714+Somos+Puentes<\/a><\/p>\n\n\n\n<p class=\"wp-block-paragraph\"><strong>Buenos Aires,&nbsp; 29 de julio de 2021.- <\/strong>Activistas y defensores del medioambiente cuentan ahora con una nueva herramienta digital para llevar adelante sus reclamos y difundir sus causas; la nueva versi\u00f3n de la plataforma de peticiones impulsada por Greenpeace que ya cuenta con m\u00e1s de 8300 peticiones activas.&nbsp;<\/p>\n\n\n\n<p class=\"wp-block-paragraph\">\u00abSomos Puentes\u00bb, es el nombre de la nueva propuesta. Brinda a quienes buscan involucrarse en causas relacionadas con el ambiente una soluci\u00f3n online f\u00e1cil y atractiva, que incluye herramientas de difusi\u00f3n y el respaldo de una organizaci\u00f3n internacional.&nbsp;<\/p>\n\n\n\n<p class=\"wp-block-paragraph\">Campa\u00f1as sobre protecci\u00f3n animal, cambio clim\u00e1tico, contaminaci\u00f3n, espacios verdes, reducci\u00f3n de pl\u00e1sticos o cualquier otro tema o idea que tenga como objetivo mejorar la comunidad o regi\u00f3n en que vivimos, o el planeta entero, tienen su lugar en este nuevo sitio, heredero de la plataforma pionera en causas ecol\u00f3gicas Hagamos Eco. Entre otros logros, la plataforma en su versi\u00f3n original logr\u00f3 la prohibici\u00f3n del asbesto en Colombia y la de los sorbetes pl\u00e1sticos en la ciudad de Pinamar, ac\u00e1 en Argentina.&nbsp; &nbsp; <em>\u00abAlrededor del mundo, miles de personas se manifiestan contra el cambio clim\u00e1tico y los distintos modos en que las industrias atentan contra la salud del planeta, en las grandes ciudades y en poblaciones peque\u00f1as, buscando un cambio que permita combatir estos fen\u00f3menos\u00bb<\/em>, explica Bruno Giambelluca, coordinador de la plataforma y de la campa\u00f1a de Clima y Energ\u00eda de Greenpeace en Argentina. <em>\u00abSomos Puentes es una herramienta m\u00e1s con la que esa gente puede contar. Ser activista hoy no es s\u00f3lo poner el cuerpo sino poner las ideas en movimiento y alzar la voz para, junto a otros y otras, frenar el avance sobre la naturaleza\u00bb.<\/em><\/p>\n\n\n\n<p class=\"wp-block-paragraph\">Adem\u00e1s de poder crear una campa\u00f1a en s\u00f3lo <a href=\"https:\/\/et.datacrush.la\/track\/click?portalID=315&amp;l=5aJOh9PWUTSMas3uaq4XHAjsF&amp;key=MzE1LTM1OTQ4ODYzMS0xODY5Mi0yMTkwOC00NDU1Njg2LQ&amp;contact_key=3154iNa749pTZ2ONHWZ2YB66dyy6SxFljtpChAKmK9gJc4wU\" target=\"_blank\" rel=\"noreferrer noopener\">tres pasos<\/a>, Somos Puentes permite al usuario vincularse con personas que comparten intereses sobre estas problem\u00e1ticas, encontrar grupos de activistas ambientales cercanos, o armar un grupo nuevo con quienes est\u00e9n involucrados en campa\u00f1as similares.&nbsp; &nbsp; Es posible ubicar a los grupos creados en un mapa de Am\u00e9rica Latina para que otras personas la encuentren y se unan; hacer preguntas, generar debates y ofrecer apoyo en la comunidad interactiva, y recibir informaci\u00f3n sobre oportunidades de voluntariado. &nbsp; M\u00e1s informaci\u00f3n en en <a href=\"https:\/\/et.datacrush.la\/track\/click?portalID=315&amp;l=rAaDCcRYwSZ6DTkrCoRKxTWSe&amp;key=MzE1LTM1OTQ4ODYzMS0xODY5Mi0yMTkwOC00NDU1Njg2LQ&amp;contact_key=3154iNa749pTZ2ONHWZ2YB66dyy6SxFljtpChAKmK9gJc4wU\" target=\"_blank\" rel=\"noreferrer noopener\">www.somospuentes.org<\/a><\/p>\n\n\n\n<hr class=\"wp-block-separator\"\/>\n\n\n\n<p class=\"wp-block-paragraph\">Contactos de Prensa:<br>Aurora Lugo. Tel: (54.9.11) 3226.2600<br>Florencia Rodriguez. Tel: (54.9.11) 3761.2969<\/p>\n\n\n\n<figure class=\"wp-block-gallery columns-1 is-cropped wp-block-gallery-1 is-layout-flex wp-block-gallery-is-layout-flex\"><ul class=\"blocks-gallery-grid\"><li class=\"blocks-gallery-item\"><figure><a href=\"https:\/\/www.elsindical.com.ar\/notas\/var\/www\/html\/notas\/wp-content\/uploads\/2021\/07\/GPA_SomosPuentes_05-scaled.jpg\"><img loading=\"lazy\" decoding=\"async\" width=\"1024\" height=\"683\" src=\"https:\/\/www.elsindical.com.ar\/notas\/var\/www\/html\/notas\/wp-content\/uploads\/2021\/07\/GPA_SomosPuentes_05-1024x683.jpg\" alt=\"\" data-id=\"106546\" data-full-url=\"https:\/\/www.elsindical.com.ar\/notas\/var\/www\/html\/notas\/wp-content\/uploads\/2021\/07\/GPA_SomosPuentes_05-scaled.jpg\" data-link=\"https:\/\/www.elsindical.com.ar\/notas\/?attachment_id=106546#main\" class=\"wp-image-106546\" srcset=\"https:\/\/www.elsindical.com.ar\/notas\/var\/www\/html\/notas\/wp-content\/uploads\/2021\/07\/GPA_SomosPuentes_05-1024x683.jpg 1024w, https:\/\/www.elsindical.com.ar\/notas\/var\/www\/html\/notas\/wp-content\/uploads\/2021\/07\/GPA_SomosPuentes_05-300x200.jpg 300w, https:\/\/www.elsindical.com.ar\/notas\/var\/www\/html\/notas\/wp-content\/uploads\/2021\/07\/GPA_SomosPuentes_05-768x512.jpg 768w, https:\/\/www.elsindical.com.ar\/notas\/var\/www\/html\/notas\/wp-content\/uploads\/2021\/07\/GPA_SomosPuentes_05-450x300.jpg 450w, https:\/\/www.elsindical.com.ar\/notas\/var\/www\/html\/notas\/wp-content\/uploads\/2021\/07\/GPA_SomosPuentes_05-1536x1024.jpg 1536w, https:\/\/www.elsindical.com.ar\/notas\/var\/www\/html\/notas\/wp-content\/uploads\/2021\/07\/GPA_SomosPuentes_05-2048x1365.jpg 2048w\" sizes=\"auto, (max-width: 1024px) 100vw, 1024px\" \/><\/a><figcaption class=\"blocks-gallery-item__caption\">Activistas y defensores del medioambiente cuentan desde el mi\u00e9rcoles con una nueva herramienta digital para llevar adelante sus reclamos y difundir sus causas; la nueva versi\u00f3n de la plataforma de peticiones impulsada por Greenpeace se lanz\u00f3 esta semana y ya cuenta con mas de 8300 Peticiones activas.<\/figcaption><\/figure><\/li><li class=\"blocks-gallery-item\"><figure><a href=\"https:\/\/www.elsindical.com.ar\/notas\/var\/www\/html\/notas\/wp-content\/uploads\/2021\/07\/GPA_SomosPuentes_08-scaled.jpg\"><img loading=\"lazy\" decoding=\"async\" width=\"1024\" height=\"849\" src=\"https:\/\/www.elsindical.com.ar\/notas\/var\/www\/html\/notas\/wp-content\/uploads\/2021\/07\/GPA_SomosPuentes_08-1024x849.jpg\" alt=\"\" data-id=\"106547\" data-full-url=\"https:\/\/www.elsindical.com.ar\/notas\/var\/www\/html\/notas\/wp-content\/uploads\/2021\/07\/GPA_SomosPuentes_08-scaled.jpg\" data-link=\"https:\/\/www.elsindical.com.ar\/notas\/?attachment_id=106547#main\" class=\"wp-image-106547\" srcset=\"https:\/\/www.elsindical.com.ar\/notas\/var\/www\/html\/notas\/wp-content\/uploads\/2021\/07\/GPA_SomosPuentes_08-1024x849.jpg 1024w, https:\/\/www.elsindical.com.ar\/notas\/var\/www\/html\/notas\/wp-content\/uploads\/2021\/07\/GPA_SomosPuentes_08-300x249.jpg 300w, https:\/\/www.elsindical.com.ar\/notas\/var\/www\/html\/notas\/wp-content\/uploads\/2021\/07\/GPA_SomosPuentes_08-768x636.jpg 768w, https:\/\/www.elsindical.com.ar\/notas\/var\/www\/html\/notas\/wp-content\/uploads\/2021\/07\/GPA_SomosPuentes_08-362x300.jpg 362w, https:\/\/www.elsindical.com.ar\/notas\/var\/www\/html\/notas\/wp-content\/uploads\/2021\/07\/GPA_SomosPuentes_08-1536x1273.jpg 1536w, https:\/\/www.elsindical.com.ar\/notas\/var\/www\/html\/notas\/wp-content\/uploads\/2021\/07\/GPA_SomosPuentes_08-2048x1697.jpg 2048w\" sizes=\"auto, (max-width: 1024px) 100vw, 1024px\" \/><\/a><figcaption class=\"blocks-gallery-item__caption\">Activistas y defensores del medioambiente cuentan desde el mi\u00e9rcoles con una nueva herramienta digital para llevar adelante sus reclamos y difundir sus causas; la nueva versi\u00f3n de la plataforma de peticiones impulsada por Greenpeace se lanz\u00f3 esta semana y ya cuenta con mas de 8300 Peticiones activas.<\/figcaption><\/figure><\/li><\/ul><\/figure>\n","protected":false},"excerpt":{"rendered":"<p>SomosPuentes.org, participaci\u00f3n y articulaci\u00f3n en red, con el respaldo de Greenpeace El nuevo activismo digital para iniciativas ambientales La nueva plataforma brinda posibilidades de Crear una campa\u00f1a ambiental&nbsp; Encontrar grupos de activistas ambientales o formar un grupo nuevo Buscar campa\u00f1as por cercan\u00eda Participar y fomentar debates Acceder a un centro con recursos y aprendizajes Conocer&hellip;<\/p>\n","protected":false},"author":1,"featured_media":106545,"comment_status":"open","ping_status":"open","sticky":false,"template":"","format":"standard","meta":{"footnotes":""},"categories":[24],"tags":[35181,2450,17456,22942,1043,35180],"class_list":["post-106544","post","type-post","status-publish","format-standard","has-post-thumbnail","hentry","category-sociales","tag-activismo-digital","tag-diario-el-sindical","tag-greempeace","tag-medioambiente","tag-ong","tag-somospuentes-org"],"_links":{"self":[{"href":"https:\/\/www.elsindical.com.ar\/notas\/wp-json\/wp\/v2\/posts\/106544","targetHints":{"allow":["GET"]}}],"collection":[{"href":"https:\/\/www.elsindical.com.ar\/notas\/wp-json\/wp\/v2\/posts"}],"about":[{"href":"https:\/\/www.elsindical.com.ar\/notas\/wp-json\/wp\/v2\/types\/post"}],"author":[{"embeddable":true,"href":"https:\/\/www.elsindical.com.ar\/notas\/wp-json\/wp\/v2\/users\/1"}],"replies":[{"embeddable":true,"href":"https:\/\/www.elsindical.com.ar\/notas\/wp-json\/wp\/v2\/comments?post=106544"}],"version-history":[{"count":1,"href":"https:\/\/www.elsindical.com.ar\/notas\/wp-json\/wp\/v2\/posts\/106544\/revisions"}],"predecessor-version":[{"id":106548,"href":"https:\/\/www.elsindical.com.ar\/notas\/wp-json\/wp\/v2\/posts\/106544\/revisions\/106548"}],"wp:featuredmedia":[{"embeddable":true,"href":"https:\/\/www.elsindical.com.ar\/notas\/wp-json\/wp\/v2\/media\/106545"}],"wp:attachment":[{"href":"https:\/\/www.elsindical.com.ar\/notas\/wp-json\/wp\/v2\/media?parent=106544"}],"wp:term":[{"taxonomy":"category","embeddable":true,"href":"https:\/\/www.elsindical.com.ar\/notas\/wp-json\/wp\/v2\/categories?post=106544"},{"taxonomy":"post_tag","embeddable":true,"href":"https:\/\/www.elsindical.com.ar\/notas\/wp-json\/wp\/v2\/tags?post=106544"}],"curies":[{"name":"wp","href":"https:\/\/api.w.org\/{rel}","templated":true}]}}