{"id":106539,"date":"2021-07-29T20:23:12","date_gmt":"2021-07-29T23:23:12","guid":{"rendered":"https:\/\/www.elsindical.com.ar\/notas\/?p=106539"},"modified":"2021-07-29T20:23:14","modified_gmt":"2021-07-29T23:23:14","slug":"san-juan-una-joven-denuncio-que-fue-violada-por-su-amante-y-dos-amigos-en-un-hotel-alojamiento","status":"publish","type":"post","link":"https:\/\/www.elsindical.com.ar\/notas\/san-juan-una-joven-denuncio-que-fue-violada-por-su-amante-y-dos-amigos-en-un-hotel-alojamiento\/","title":{"rendered":"San Juan: Una joven denunci\u00f3 que fue violada por su amante y dos amigos en un hotel alojamiento"},"content":{"rendered":"\n<figure class=\"wp-block-image size-full\"><a href=\"https:\/\/www.elsindical.com.ar\/notas\/var\/www\/html\/notas\/wp-content\/uploads\/2021\/07\/comisaria-9na-de-San-Juan.jpeg\"><img loading=\"lazy\" decoding=\"async\" width=\"929\" height=\"523\" src=\"https:\/\/www.elsindical.com.ar\/notas\/var\/www\/html\/notas\/wp-content\/uploads\/2021\/07\/comisaria-9na-de-San-Juan.jpeg\" alt=\"\" class=\"wp-image-106540\" srcset=\"https:\/\/www.elsindical.com.ar\/notas\/var\/www\/html\/notas\/wp-content\/uploads\/2021\/07\/comisaria-9na-de-San-Juan.jpeg 929w, https:\/\/www.elsindical.com.ar\/notas\/var\/www\/html\/notas\/wp-content\/uploads\/2021\/07\/comisaria-9na-de-San-Juan-300x169.jpeg 300w, https:\/\/www.elsindical.com.ar\/notas\/var\/www\/html\/notas\/wp-content\/uploads\/2021\/07\/comisaria-9na-de-San-Juan-768x432.jpeg 768w, https:\/\/www.elsindical.com.ar\/notas\/var\/www\/html\/notas\/wp-content\/uploads\/2021\/07\/comisaria-9na-de-San-Juan-500x281.jpeg 500w, https:\/\/www.elsindical.com.ar\/notas\/var\/www\/html\/notas\/wp-content\/uploads\/2021\/07\/comisaria-9na-de-San-Juan-460x260.jpeg 460w\" sizes=\"auto, (max-width: 929px) 100vw, 929px\" \/><\/a><\/figure>\n\n\n\n<p class=\"wp-block-paragraph\">La mujer sostuvo que tiene moretones en la espalda y rasgu\u00f1os en los brazos, lesiones que, seg\u00fan su declaraci\u00f3n, fueron constatadas por un m\u00e9dico legista.<\/p>\n\n\n\n<p class=\"wp-block-paragraph\">Hay conmoci\u00f3n en Caucete, San Juan, por una violaci\u00f3n.<\/p>\n\n\n\n<p class=\"wp-block-paragraph\">Seg\u00fan denunci\u00f3 la v\u00edctima, una peluquera de 27 a\u00f1os, fue atacada por tres hombres, de los cuales s\u00f3lo conoc\u00eda a uno y los otros dos eran amigos del primero.<\/p>\n\n\n\n<p class=\"wp-block-paragraph\">Tras la intervenci\u00f3n de Justicia, el caso qued\u00f3 a cargo del fiscal Miguel Gay, quien inform\u00f3 que los tres sujetos quedaron detenidos en la comisar\u00eda 9 de la ciudad sanjuanina.<\/p>\n\n\n\n<p class=\"wp-block-paragraph\">Los acusados tienen entre 25 y 27 a\u00f1os y fueron identificados como Gast\u00f3n Aciar, Fernando Salinas y Claudio Ardiles, seg\u00fan consign\u00f3 Tiempo de San Juan.<\/p>\n\n\n\n<p class=\"wp-block-paragraph\">De acuerdo al testimonio de la mujer, llegaron un auto conducido por el hombre que era su amigo. Al parecer todos se hab\u00edan juntado a tomar algo en la noche del s\u00e1bado y luego se dirigieron al hotel alojamiento ubicado en la calle Espa\u00f1a.<\/p>\n\n\n\n<p class=\"wp-block-paragraph\">La mujer sostuvo que tiene moretones en la espalda y rasgu\u00f1os en los brazos, lesiones que, seg\u00fan su declaraci\u00f3n, fueron constatadas por un m\u00e9dico legista.<\/p>\n","protected":false},"excerpt":{"rendered":"<p>La mujer sostuvo que tiene moretones en la espalda y rasgu\u00f1os en los brazos, lesiones que, seg\u00fan su declaraci\u00f3n, fueron constatadas por un m\u00e9dico legista. Hay conmoci\u00f3n en Caucete, San Juan, por una violaci\u00f3n. Seg\u00fan denunci\u00f3 la v\u00edctima, una peluquera de 27 a\u00f1os, fue atacada por tres hombres, de los cuales s\u00f3lo conoc\u00eda a uno&hellip;<\/p>\n","protected":false},"author":1,"featured_media":106540,"comment_status":"open","ping_status":"open","sticky":false,"template":"","format":"standard","meta":{"footnotes":""},"categories":[22],"tags":[35179,175,2450,13164,4509,271],"class_list":["post-106539","post","type-post","status-publish","format-standard","has-post-thumbnail","hentry","category-policiales","tag-caucete","tag-denuncia","tag-diario-el-sindical","tag-peluquera","tag-san-juan","tag-violacion"],"_links":{"self":[{"href":"https:\/\/www.elsindical.com.ar\/notas\/wp-json\/wp\/v2\/posts\/106539","targetHints":{"allow":["GET"]}}],"collection":[{"href":"https:\/\/www.elsindical.com.ar\/notas\/wp-json\/wp\/v2\/posts"}],"about":[{"href":"https:\/\/www.elsindical.com.ar\/notas\/wp-json\/wp\/v2\/types\/post"}],"author":[{"embeddable":true,"href":"https:\/\/www.elsindical.com.ar\/notas\/wp-json\/wp\/v2\/users\/1"}],"replies":[{"embeddable":true,"href":"https:\/\/www.elsindical.com.ar\/notas\/wp-json\/wp\/v2\/comments?post=106539"}],"version-history":[{"count":1,"href":"https:\/\/www.elsindical.com.ar\/notas\/wp-json\/wp\/v2\/posts\/106539\/revisions"}],"predecessor-version":[{"id":106541,"href":"https:\/\/www.elsindical.com.ar\/notas\/wp-json\/wp\/v2\/posts\/106539\/revisions\/106541"}],"wp:featuredmedia":[{"embeddable":true,"href":"https:\/\/www.elsindical.com.ar\/notas\/wp-json\/wp\/v2\/media\/106540"}],"wp:attachment":[{"href":"https:\/\/www.elsindical.com.ar\/notas\/wp-json\/wp\/v2\/media?parent=106539"}],"wp:term":[{"taxonomy":"category","embeddable":true,"href":"https:\/\/www.elsindical.com.ar\/notas\/wp-json\/wp\/v2\/categories?post=106539"},{"taxonomy":"post_tag","embeddable":true,"href":"https:\/\/www.elsindical.com.ar\/notas\/wp-json\/wp\/v2\/tags?post=106539"}],"curies":[{"name":"wp","href":"https:\/\/api.w.org\/{rel}","templated":true}]}}