{"id":106486,"date":"2021-07-28T11:36:05","date_gmt":"2021-07-28T14:36:05","guid":{"rendered":"https:\/\/www.elsindical.com.ar\/notas\/?p=106486"},"modified":"2021-07-28T11:36:06","modified_gmt":"2021-07-28T14:36:06","slug":"kreplak-juro-como-ministro-de-salud-bonaerense","status":"publish","type":"post","link":"https:\/\/www.elsindical.com.ar\/notas\/kreplak-juro-como-ministro-de-salud-bonaerense\/","title":{"rendered":"Kreplak jur\u00f3 como ministro de Salud bonaerense"},"content":{"rendered":"\n<figure class=\"wp-block-image size-large\"><a href=\"https:\/\/www.elsindical.com.ar\/notas\/var\/www\/html\/notas\/wp-content\/uploads\/2021\/07\/Kreplak-juramento.jpg\"><img loading=\"lazy\" decoding=\"async\" width=\"1024\" height=\"576\" src=\"https:\/\/www.elsindical.com.ar\/notas\/var\/www\/html\/notas\/wp-content\/uploads\/2021\/07\/Kreplak-juramento-1024x576.jpg\" alt=\"\" class=\"wp-image-106487\" srcset=\"https:\/\/www.elsindical.com.ar\/notas\/var\/www\/html\/notas\/wp-content\/uploads\/2021\/07\/Kreplak-juramento-1024x576.jpg 1024w, https:\/\/www.elsindical.com.ar\/notas\/var\/www\/html\/notas\/wp-content\/uploads\/2021\/07\/Kreplak-juramento-300x169.jpg 300w, https:\/\/www.elsindical.com.ar\/notas\/var\/www\/html\/notas\/wp-content\/uploads\/2021\/07\/Kreplak-juramento-768x432.jpg 768w, https:\/\/www.elsindical.com.ar\/notas\/var\/www\/html\/notas\/wp-content\/uploads\/2021\/07\/Kreplak-juramento-500x281.jpg 500w, https:\/\/www.elsindical.com.ar\/notas\/var\/www\/html\/notas\/wp-content\/uploads\/2021\/07\/Kreplak-juramento-460x260.jpg 460w, https:\/\/www.elsindical.com.ar\/notas\/var\/www\/html\/notas\/wp-content\/uploads\/2021\/07\/Kreplak-juramento.jpg 1200w\" sizes=\"auto, (max-width: 1024px) 100vw, 1024px\" \/><\/a><\/figure>\n\n\n\n<p class=\"wp-block-paragraph\">Asumi\u00f3 este mi\u00e9rcoles al frente de la cartera sanitaria, tras la renuncia de Daniel Gollan, precandidato a diputado nacional por la Provincia del Frente de Todos.<\/p>\n\n\n\n<p class=\"wp-block-paragraph\">El gobernador Axel Kicillof le tom\u00f3 este mi\u00e9rcoles juramento a Nicol\u00e1s Kreplak, quien asumi\u00f3 al frente del Ministerio de Salud de la provincia de Buenos Aires tras la renuncia de Daniel Gollan, precandidato a diputado nacional por el Frente de Todos.<\/p>\n\n\n\n<p class=\"wp-block-paragraph\">Ayer, el Gobernador agradeci\u00f3 a Daniel Gollan por \u201cel compromiso con el que desempe\u00f1\u00f3 su cargo durante la peor emergencia sanitaria de la historia de la Provincia, en la que organiz\u00f3 un sistema de salud que estaba abandonado y garantiz\u00f3 que a nadie le faltara la atenci\u00f3n que necesitaba\u201d.<\/p>\n\n\n\n<p class=\"wp-block-paragraph\">Gollan, quien est\u00e1 segundo en la lista del Frente de Todos para diputados nacionales por la Provincia, se integrar\u00e1 como presidente honorario al Comit\u00e9 de Expertos que asesora a la Provincia.<\/p>\n\n\n\n<p class=\"wp-block-paragraph\">\u201cMe toca reemplazar a un amigo y referente. Una de las personas m\u00e1s nobles que conozco. Un doctorado en fortaleza y esp\u00edritu. Un maestro sabio y generoso, que tendr\u00e1 un rol destacado en el Congreso en pos de una patria m\u00e1s justa. Gracias Daniel Gollan\u201d, dijo Kreplak en su primer discurso como ministro.<\/p>\n\n\n\n<p class=\"wp-block-paragraph\">La asunci\u00f3n se dio en el marco de un acto en la casa de Gobierno bonaerense, encabezado por el gobernador, del que tambi\u00e9n particip\u00f3 la ministra de Salud de la Naci\u00f3n, Carla Vizzotti.<\/p>\n\n\n\n<p class=\"wp-block-paragraph\">En su discurso, Kicillof habl\u00f3 de \u201cproblemas estructurales\u201d irresueltos en materia de salud en el territorio bonaerense y especific\u00f3 que durante \u201clos \u00faltimos cuatro a\u00f1os neoliberales la gesti\u00f3n sanitaria retrocedi\u00f3\u201d. \u201cEs algo muy reprochable, espantoso. Venimos de cuatro a\u00f1os de franco retroceso, deterioro y abandono\u201d, asever\u00f3 el mandatario bonaerense.<\/p>\n","protected":false},"excerpt":{"rendered":"<p>Asumi\u00f3 este mi\u00e9rcoles al frente de la cartera sanitaria, tras la renuncia de Daniel Gollan, precandidato a diputado nacional por la Provincia del Frente de Todos. El gobernador Axel Kicillof le tom\u00f3 este mi\u00e9rcoles juramento a Nicol\u00e1s Kreplak, quien asumi\u00f3 al frente del Ministerio de Salud de la provincia de Buenos Aires tras la renuncia&hellip;<\/p>\n","protected":false},"author":1,"featured_media":106487,"comment_status":"open","ping_status":"open","sticky":false,"template":"","format":"standard","meta":{"footnotes":""},"categories":[13],"tags":[13798,32387,2450,6426,35166,1466],"class_list":["post-106486","post","type-post","status-publish","format-standard","has-post-thumbnail","hentry","category-politica","tag-axel-kicillof","tag-daniel-gollan-2","tag-diario-el-sindical","tag-ministro-de-salud","tag-nicolas-kreplak","tag-provincia-de-buenos-aires"],"_links":{"self":[{"href":"https:\/\/www.elsindical.com.ar\/notas\/wp-json\/wp\/v2\/posts\/106486","targetHints":{"allow":["GET"]}}],"collection":[{"href":"https:\/\/www.elsindical.com.ar\/notas\/wp-json\/wp\/v2\/posts"}],"about":[{"href":"https:\/\/www.elsindical.com.ar\/notas\/wp-json\/wp\/v2\/types\/post"}],"author":[{"embeddable":true,"href":"https:\/\/www.elsindical.com.ar\/notas\/wp-json\/wp\/v2\/users\/1"}],"replies":[{"embeddable":true,"href":"https:\/\/www.elsindical.com.ar\/notas\/wp-json\/wp\/v2\/comments?post=106486"}],"version-history":[{"count":1,"href":"https:\/\/www.elsindical.com.ar\/notas\/wp-json\/wp\/v2\/posts\/106486\/revisions"}],"predecessor-version":[{"id":106488,"href":"https:\/\/www.elsindical.com.ar\/notas\/wp-json\/wp\/v2\/posts\/106486\/revisions\/106488"}],"wp:featuredmedia":[{"embeddable":true,"href":"https:\/\/www.elsindical.com.ar\/notas\/wp-json\/wp\/v2\/media\/106487"}],"wp:attachment":[{"href":"https:\/\/www.elsindical.com.ar\/notas\/wp-json\/wp\/v2\/media?parent=106486"}],"wp:term":[{"taxonomy":"category","embeddable":true,"href":"https:\/\/www.elsindical.com.ar\/notas\/wp-json\/wp\/v2\/categories?post=106486"},{"taxonomy":"post_tag","embeddable":true,"href":"https:\/\/www.elsindical.com.ar\/notas\/wp-json\/wp\/v2\/tags?post=106486"}],"curies":[{"name":"wp","href":"https:\/\/api.w.org\/{rel}","templated":true}]}}