{"id":106385,"date":"2021-07-23T01:00:30","date_gmt":"2021-07-23T04:00:30","guid":{"rendered":"https:\/\/www.elsindical.com.ar\/notas\/?p=106385"},"modified":"2021-07-23T01:00:31","modified_gmt":"2021-07-23T04:00:31","slug":"murio-palo-pandolfo-lider-de-los-visitantes-y-don-cornelio","status":"publish","type":"post","link":"https:\/\/www.elsindical.com.ar\/notas\/murio-palo-pandolfo-lider-de-los-visitantes-y-don-cornelio\/","title":{"rendered":"Muri\u00f3 Palo Pandolfo, l\u00edder de \u201cLos Visitantes\u201d y \u201cDon Cornelio\u201d"},"content":{"rendered":"\n<figure class=\"wp-block-image size-full\"><a href=\"https:\/\/www.elsindical.com.ar\/notas\/var\/www\/html\/notas\/wp-content\/uploads\/2021\/07\/Palo-Pandolfo.jpg\"><img loading=\"lazy\" decoding=\"async\" width=\"850\" height=\"617\" src=\"https:\/\/www.elsindical.com.ar\/notas\/var\/www\/html\/notas\/wp-content\/uploads\/2021\/07\/Palo-Pandolfo.jpg\" alt=\"\" class=\"wp-image-106386\" srcset=\"https:\/\/www.elsindical.com.ar\/notas\/var\/www\/html\/notas\/wp-content\/uploads\/2021\/07\/Palo-Pandolfo.jpg 850w, https:\/\/www.elsindical.com.ar\/notas\/var\/www\/html\/notas\/wp-content\/uploads\/2021\/07\/Palo-Pandolfo-300x218.jpg 300w, https:\/\/www.elsindical.com.ar\/notas\/var\/www\/html\/notas\/wp-content\/uploads\/2021\/07\/Palo-Pandolfo-768x557.jpg 768w, https:\/\/www.elsindical.com.ar\/notas\/var\/www\/html\/notas\/wp-content\/uploads\/2021\/07\/Palo-Pandolfo-413x300.jpg 413w\" sizes=\"auto, (max-width: 850px) 100vw, 850px\" \/><\/a><\/figure>\n\n\n\n<p>Fue uno de los cantautores m\u00e1s destacados de la m\u00fasica argentina en las \u00faltimas tres d\u00e9cadas.<\/p>\n\n\n\n<p><strong>El m\u00fasico y compositor de rock Palo Pandolfo, creador de influyentes grupos como Don Cornelio y Los Visitantes, falleci\u00f3 hoy s\u00fabitamente a los 56 a\u00f1os.<\/strong><\/p>\n\n\n\n<p>El artista se desvaneci\u00f3 mientras caminaba por la avenida D\u00edaz V\u00e9lez al 5200, en el barrio porte\u00f1o de Caballito, inform\u00f3 la Polic\u00eda porte\u00f1a de la Comisar\u00eda Vecinal 6 A y una ambulancia de SAME constat\u00f3 que hab\u00eda fallecido.<\/p>\n\n\n\n<p><strong>Pandolfo\u00a0form\u00f3 Don Cornelio en 1984, justo despu\u00e9s de terminar la escuela secundaria; poco despu\u00e9s, el nombre de la banda sumar\u00eda el \u00aby la Zona\u00bb.\u00a0El grupo, se separ\u00f3 en 1989, tras la publicaci\u00f3n de Patria o muerte. Luego form\u00f3 Los Visitantes, banda en la que el cantante y compositor incorpor\u00f3 por primera vez los ritmos latinoamericanos.<\/strong><\/p>\n\n\n\n<p>Su carrera solista comenz\u00f3 en 2001 con A trav\u00e9s de los sue\u00f1os, luego reeditado en 2007. Otros trabajos de Palo Pandolfo fueron Antojo y Ritual criollo. Junto a La Hermandad grab\u00f3 Esto es un abrazo y en 2016 public\u00f3 Transformaci\u00f3n y en 2019 lanz\u00f3 El vuelo del drag\u00f3n, un \u00abregistro antropol\u00f3gico\u00bb de sus tres d\u00e9cadas de carrera.<\/p>\n\n\n\n<p><strong>Hace dos semanas, Palo hab\u00eda publicado el single \u00abTu amor\u00bb, un d\u00fao con Santiago Motorizado que oficiaba junto a \u00abEl alma partida\u00bb como anticipo de su pr\u00f3ximo \u00e1lbum.<\/strong><\/p>\n\n\n\n<figure class=\"wp-block-embed is-type-video is-provider-youtube wp-block-embed-youtube wp-embed-aspect-16-9 wp-has-aspect-ratio\"><div class=\"wp-block-embed__wrapper\">\n<iframe loading=\"lazy\" title=\"Don Cornelio y La Zona - Badia y Compa\u00f1ia 1987\" width=\"700\" height=\"394\" src=\"https:\/\/www.youtube.com\/embed\/5GPvwjmPuTM?feature=oembed\" frameborder=\"0\" allow=\"accelerometer; autoplay; clipboard-write; encrypted-media; gyroscope; picture-in-picture\" allowfullscreen><\/iframe>\n<\/div><\/figure>\n","protected":false},"excerpt":{"rendered":"<p>Fue uno de los cantautores m\u00e1s destacados de la m\u00fasica argentina en las \u00faltimas tres d\u00e9cadas. El m\u00fasico y compositor de rock Palo Pandolfo, creador de influyentes grupos como Don Cornelio y Los Visitantes, falleci\u00f3 hoy s\u00fabitamente a los 56 a\u00f1os. El artista se desvaneci\u00f3 mientras caminaba por la avenida D\u00edaz V\u00e9lez al 5200, en&hellip;<\/p>\n","protected":false},"author":1,"featured_media":106386,"comment_status":"open","ping_status":"open","sticky":false,"template":"","format":"standard","meta":{"footnotes":""},"categories":[24],"tags":[2450,35148,35149,1986,23356],"class_list":["post-106385","post","type-post","status-publish","format-standard","has-post-thumbnail","hentry","category-sociales","tag-diario-el-sindical","tag-don-cornelio","tag-los-visitantes","tag-musico","tag-palo-pandolfo"],"_links":{"self":[{"href":"https:\/\/www.elsindical.com.ar\/notas\/wp-json\/wp\/v2\/posts\/106385","targetHints":{"allow":["GET"]}}],"collection":[{"href":"https:\/\/www.elsindical.com.ar\/notas\/wp-json\/wp\/v2\/posts"}],"about":[{"href":"https:\/\/www.elsindical.com.ar\/notas\/wp-json\/wp\/v2\/types\/post"}],"author":[{"embeddable":true,"href":"https:\/\/www.elsindical.com.ar\/notas\/wp-json\/wp\/v2\/users\/1"}],"replies":[{"embeddable":true,"href":"https:\/\/www.elsindical.com.ar\/notas\/wp-json\/wp\/v2\/comments?post=106385"}],"version-history":[{"count":1,"href":"https:\/\/www.elsindical.com.ar\/notas\/wp-json\/wp\/v2\/posts\/106385\/revisions"}],"predecessor-version":[{"id":106387,"href":"https:\/\/www.elsindical.com.ar\/notas\/wp-json\/wp\/v2\/posts\/106385\/revisions\/106387"}],"wp:featuredmedia":[{"embeddable":true,"href":"https:\/\/www.elsindical.com.ar\/notas\/wp-json\/wp\/v2\/media\/106386"}],"wp:attachment":[{"href":"https:\/\/www.elsindical.com.ar\/notas\/wp-json\/wp\/v2\/media?parent=106385"}],"wp:term":[{"taxonomy":"category","embeddable":true,"href":"https:\/\/www.elsindical.com.ar\/notas\/wp-json\/wp\/v2\/categories?post=106385"},{"taxonomy":"post_tag","embeddable":true,"href":"https:\/\/www.elsindical.com.ar\/notas\/wp-json\/wp\/v2\/tags?post=106385"}],"curies":[{"name":"wp","href":"https:\/\/api.w.org\/{rel}","templated":true}]}}