{"id":106025,"date":"2021-07-09T10:19:07","date_gmt":"2021-07-09T13:19:07","guid":{"rendered":"https:\/\/www.elsindical.com.ar\/notas\/?p=106025"},"modified":"2021-07-09T10:19:09","modified_gmt":"2021-07-09T13:19:09","slug":"el-palomar-persecucion-y-choque-en-acceso-oeste-tres-detenidos","status":"publish","type":"post","link":"https:\/\/www.elsindical.com.ar\/notas\/el-palomar-persecucion-y-choque-en-acceso-oeste-tres-detenidos\/","title":{"rendered":"El Palomar: Persecuci\u00f3n y choque en Acceso Oeste, tres detenidos"},"content":{"rendered":"\n<figure class=\"wp-block-image size-large\"><a href=\"https:\/\/www.elsindical.com.ar\/notas\/var\/www\/html\/notas\/wp-content\/uploads\/2021\/07\/delincuentes-detenidos-Acceso-Oeste.jpg\"><img loading=\"lazy\" decoding=\"async\" width=\"1024\" height=\"577\" src=\"https:\/\/www.elsindical.com.ar\/notas\/var\/www\/html\/notas\/wp-content\/uploads\/2021\/07\/delincuentes-detenidos-Acceso-Oeste-1024x577.jpg\" alt=\"\" class=\"wp-image-106026\" srcset=\"https:\/\/www.elsindical.com.ar\/notas\/var\/www\/html\/notas\/wp-content\/uploads\/2021\/07\/delincuentes-detenidos-Acceso-Oeste-1024x577.jpg 1024w, https:\/\/www.elsindical.com.ar\/notas\/var\/www\/html\/notas\/wp-content\/uploads\/2021\/07\/delincuentes-detenidos-Acceso-Oeste-300x169.jpg 300w, https:\/\/www.elsindical.com.ar\/notas\/var\/www\/html\/notas\/wp-content\/uploads\/2021\/07\/delincuentes-detenidos-Acceso-Oeste-768x433.jpg 768w, https:\/\/www.elsindical.com.ar\/notas\/var\/www\/html\/notas\/wp-content\/uploads\/2021\/07\/delincuentes-detenidos-Acceso-Oeste-500x282.jpg 500w, https:\/\/www.elsindical.com.ar\/notas\/var\/www\/html\/notas\/wp-content\/uploads\/2021\/07\/delincuentes-detenidos-Acceso-Oeste-460x260.jpg 460w, https:\/\/www.elsindical.com.ar\/notas\/var\/www\/html\/notas\/wp-content\/uploads\/2021\/07\/delincuentes-detenidos-Acceso-Oeste.jpg 1170w\" sizes=\"auto, (max-width: 1024px) 100vw, 1024px\" \/><\/a><\/figure>\n\n\n\n<p class=\"wp-block-paragraph\">El hecho ocurri\u00f3 durante la madrugada en el kil\u00f3metro 18 de la Autopista Acceso Oeste, a la altura de El Palomar. Hubo varios veh\u00edculos involucrados en el choque.<\/p>\n\n\n\n<p class=\"wp-block-paragraph\">Tres personas que iban en un <strong>auto robado<\/strong> fueron detenidas esta madrugada en el kil\u00f3metro 18 de la <strong>Autopista Acceso Oeste<\/strong>, a la altura de la localidad bonaerense de <strong>El Palomar<\/strong>, luego de participar de una persecuci\u00f3n policial que termin\u00f3 con un choque m\u00faltiple.<\/p>\n\n\n\n<p class=\"wp-block-paragraph\">Seg\u00fan trascendi\u00f3, las tres personas detenidas iban en un auto <strong>BMW<\/strong> robado y comenzaron a ser perseguidas por dos m\u00f3viles policiales en el momento en el que sal\u00edan del Barrio Ej\u00e9rcito de los Andes (Fuerte Apache), en el partido bonaerense de Tres de Febrero.<\/p>\n\n\n\n<p class=\"wp-block-paragraph\">Desde ese momento los <strong>delincuentes<\/strong> tomaron el Acceso Oeste y tras varios kil\u00f3metros, y por causas que se intentaban establecer, se produjo un <strong>accidente<\/strong> en el que se vieron involucrados <strong>varios veh\u00edculos,<\/strong> incluidos un cami\u00f3n y los patrulleros.<\/p>\n\n\n\n<p class=\"wp-block-paragraph\">Trascendi\u00f3 tambi\u00e9n que durante el accidente no hubo que lamentar heridos de gravedad. Tras el<strong> choque m\u00faltiple<\/strong> algunos carriles de la Autopista se vieron interrumpidos por unas horas, ya que en el lugar trabajaban peritos policiales para determinar las causas del accidente.<\/p>\n","protected":false},"excerpt":{"rendered":"<p>El hecho ocurri\u00f3 durante la madrugada en el kil\u00f3metro 18 de la Autopista Acceso Oeste, a la altura de El Palomar. Hubo varios veh\u00edculos involucrados en el choque. Tres personas que iban en un auto robado fueron detenidas esta madrugada en el kil\u00f3metro 18 de la Autopista Acceso Oeste, a la altura de la localidad&hellip;<\/p>\n","protected":false},"author":1,"featured_media":106026,"comment_status":"open","ping_status":"open","sticky":false,"template":"","format":"standard","meta":{"footnotes":""},"categories":[22],"tags":[28207,2724,2450,1279],"class_list":["post-106025","post","type-post","status-publish","format-standard","has-post-thumbnail","hentry","category-policiales","tag-acceso-oeste","tag-autopista","tag-diario-el-sindical","tag-el-palomar"],"_links":{"self":[{"href":"https:\/\/www.elsindical.com.ar\/notas\/wp-json\/wp\/v2\/posts\/106025","targetHints":{"allow":["GET"]}}],"collection":[{"href":"https:\/\/www.elsindical.com.ar\/notas\/wp-json\/wp\/v2\/posts"}],"about":[{"href":"https:\/\/www.elsindical.com.ar\/notas\/wp-json\/wp\/v2\/types\/post"}],"author":[{"embeddable":true,"href":"https:\/\/www.elsindical.com.ar\/notas\/wp-json\/wp\/v2\/users\/1"}],"replies":[{"embeddable":true,"href":"https:\/\/www.elsindical.com.ar\/notas\/wp-json\/wp\/v2\/comments?post=106025"}],"version-history":[{"count":1,"href":"https:\/\/www.elsindical.com.ar\/notas\/wp-json\/wp\/v2\/posts\/106025\/revisions"}],"predecessor-version":[{"id":106027,"href":"https:\/\/www.elsindical.com.ar\/notas\/wp-json\/wp\/v2\/posts\/106025\/revisions\/106027"}],"wp:featuredmedia":[{"embeddable":true,"href":"https:\/\/www.elsindical.com.ar\/notas\/wp-json\/wp\/v2\/media\/106026"}],"wp:attachment":[{"href":"https:\/\/www.elsindical.com.ar\/notas\/wp-json\/wp\/v2\/media?parent=106025"}],"wp:term":[{"taxonomy":"category","embeddable":true,"href":"https:\/\/www.elsindical.com.ar\/notas\/wp-json\/wp\/v2\/categories?post=106025"},{"taxonomy":"post_tag","embeddable":true,"href":"https:\/\/www.elsindical.com.ar\/notas\/wp-json\/wp\/v2\/tags?post=106025"}],"curies":[{"name":"wp","href":"https:\/\/api.w.org\/{rel}","templated":true}]}}