{"id":105791,"date":"2021-06-29T08:19:14","date_gmt":"2021-06-29T11:19:14","guid":{"rendered":"https:\/\/www.elsindical.com.ar\/notas\/?p=105791"},"modified":"2021-06-29T08:19:15","modified_gmt":"2021-06-29T11:19:15","slug":"victimas-del-coronavirus-supera-los-93-000","status":"publish","type":"post","link":"https:\/\/www.elsindical.com.ar\/notas\/victimas-del-coronavirus-supera-los-93-000\/","title":{"rendered":"V\u00edctimas del Coronavirus supera los 93.000"},"content":{"rendered":"\n<figure class=\"wp-block-image size-large\"><a href=\"https:\/\/www.elsindical.com.ar\/notas\/var\/www\/html\/notas\/wp-content\/uploads\/2021\/06\/Covid-Argentina-28-jun-21.jpg\"><img loading=\"lazy\" decoding=\"async\" width=\"850\" height=\"463\" src=\"https:\/\/www.elsindical.com.ar\/notas\/var\/www\/html\/notas\/wp-content\/uploads\/2021\/06\/Covid-Argentina-28-jun-21.jpg\" alt=\"\" class=\"wp-image-105792\" srcset=\"https:\/\/www.elsindical.com.ar\/notas\/var\/www\/html\/notas\/wp-content\/uploads\/2021\/06\/Covid-Argentina-28-jun-21.jpg 850w, https:\/\/www.elsindical.com.ar\/notas\/var\/www\/html\/notas\/wp-content\/uploads\/2021\/06\/Covid-Argentina-28-jun-21-300x163.jpg 300w, https:\/\/www.elsindical.com.ar\/notas\/var\/www\/html\/notas\/wp-content\/uploads\/2021\/06\/Covid-Argentina-28-jun-21-768x418.jpg 768w, https:\/\/www.elsindical.com.ar\/notas\/var\/www\/html\/notas\/wp-content\/uploads\/2021\/06\/Covid-Argentina-28-jun-21-500x272.jpg 500w\" sizes=\"auto, (max-width: 850px) 100vw, 850px\" \/><\/a><\/figure>\n\n\n\n<p class=\"wp-block-paragraph\">Hay 6.869 los internados con coronavirus en terapia intensiva, con un porcentaje de ocupaci\u00f3n de camas de adultos de 69,5% en el pa\u00eds y del 65,5% en el AMBA.<\/p>\n\n\n\n<p class=\"wp-block-paragraph\">Otras 576 personas murieron y 18.389 fueron reportadas con coronavirus en las \u00faltimas 24 horas en la Argentina, con lo que suman 93.142 los fallecidos registrados oficialmente a nivel nacional y 4.423.636 los contagiados desde el inicio de la pandemia, inform\u00f3 hoy el Ministerio de Salud.<\/p>\n\n\n\n<p class=\"wp-block-paragraph\">La cartera sanitaria indic\u00f3 que son 6.869 los internados con coronavirus en unidades de terapia intensiva, con un porcentaje de ocupaci\u00f3n de camas de adultos de 69,5% en el pa\u00eds y del 65,5% en la \u00c1rea Metropolitana Buenos Aires.<\/p>\n\n\n\n<p class=\"wp-block-paragraph\">De acuerdo al Monitor P\u00fablico de Vacunaci\u00f3n, el total de inoculados asciende a 20.156.628, de los cuales 16.173.340 recibieron una dosis y 3.983.288 las dos, mientras que las vacunas distribuidas a las jurisdicciones llegan a 24.285.391.<\/p>\n\n\n\n<p class=\"wp-block-paragraph\">Un 38,89% (7.152 personas) de los infectados de hoy (18.389) corresponden a la Ciudad y a la provincia de Buenos Aires.<\/p>\n\n\n\n<p class=\"wp-block-paragraph\">De los 4.423.636 contagiados, el 91,47% (4.046.308) recibi\u00f3 el alta y 284.186 son casos confirmados activos.<\/p>\n\n\n\n<h4 class=\"wp-block-heading\">Los fallecidos<\/h4>\n\n\n\n<p class=\"wp-block-paragraph\">El reporte consign\u00f3 que fallecieron 341 hombres y 230 mujeres, mientras que tres personas de la provincia de Buenos Aires, una de la Ciudad de Buenos Aires, y una de Chaco que fueron reportadas sin dato de sexo.<\/p>\n\n\n\n<p class=\"wp-block-paragraph\">El parte precis\u00f3 que murieron 156 hombres en la provincia de Buenos Aires; 23 en la Ciudad de Buenos Aires; 4 en Catamarca; 8 en Chaco; 3 en Chubut; 2 en Corrientes; 41 en C\u00f3rdoba; 6 en Entre R\u00edos; 5 en Formosa; 3 en Jujuy; 8 en La Pampa; 11 en Mendoza; 7 en Neuqu\u00e9n; 7 en R\u00edo Negro; 12 en Salta; 7 en San Juan; 5 en San Luis; 1 en Santa Cruz; 22 en Santa Fe; 4 en Santiago del Estero; 1 en Tierra del Fuego; y 5 en Tucum\u00e1n.<\/p>\n\n\n\n<p class=\"wp-block-paragraph\">Tambi\u00e9n fallecieron 112 mujeres en Buenos Aires; 20 en la Ciudad de Buenos Aires; 1 en Catamarca; 12 en Chaco; 3 en Chubut; 3 en Corrientes; 26 en C\u00f3rdoba; 2 en Entre R\u00edos; 1 en Jujuy; 5 en La Pampa; 8 en Mendoza; 2 en R\u00edo Negro; 7 en Salta; 2 en San Juan; 5 en San Luis; 14 en Santa Fe; 2 en Santiago del Estero; y 5 en Tucum\u00e1n.<\/p>\n\n\n\n<h4 class=\"wp-block-heading\">Nuevos casos<\/h4>\n\n\n\n<p class=\"wp-block-paragraph\">Este lunes se registraron en la provincia de Buenos Aires 6.023 casos; en la Ciudad de Buenos Aires, 1.129; en Catamarca, 439; en Chaco, 351; en Chubut, 272; en Corrientes, 239; en C\u00f3rdoba, 2.015; en Entre R\u00edos, 600; en Formosa, 246; en Jujuy, 265; en La Pampa, 729; en La Rioja, 105; en Mendoza, 649; en Misiones, 160; en Neuqu\u00e9n, 185; en R\u00edo Negro, 165; en Salta, 361; en San Juan, 471; en San Luis, 375; en Santa Cruz, 171; en Santa Fe, 1.377; en Santiago del Estero, 367; Tierra del Fuego, 37; y en Tucum\u00e1n, 1.658.<\/p>\n\n\n\n<p class=\"wp-block-paragraph\">El Ministerio agreg\u00f3 que se realizaron en las \u00faltimas 24 horas 74.540 testeos y desde el inicio del brote ascienden a 16.502.856 las pruebas diagn\u00f3sticas para esta enfermedad.<\/p>\n\n\n\n<h4 class=\"wp-block-heading\">El total de casos<\/h4>\n\n\n\n<p class=\"wp-block-paragraph\">El total de acumulados por distrito indica que la provincia de Buenos Aires suma 1.827.305 casos; la Ciudad de Buenos Aires, 461.449; Catamarca, 33.630; Chaco, 75.659; Chubut, 70.344; Corrientes, 65.039; C\u00f3rdoba, 404.625; Entre R\u00edos, 108.387; Formosa, 44.825; Jujuy, 35.246; La Pampa, 52.396; La Rioja, 21.787; Mendoza, 138.538; Misiones, 25.304; Neuqu\u00e9n, 100.977; R\u00edo Negro, 83.680; Salta, 60.123; San Juan, 49.715; San Luis, 64.959; Santa Cruz, 55.255; Santa Fe, 402.560; Santiago del Estero, 58.468; Tierra del Fuego, 29.659; y Tucum\u00e1n, 153.706.<\/p>\n","protected":false},"excerpt":{"rendered":"<p>Hay 6.869 los internados con coronavirus en terapia intensiva, con un porcentaje de ocupaci\u00f3n de camas de adultos de 69,5% en el pa\u00eds y del 65,5% en el AMBA. Otras 576 personas murieron y 18.389 fueron reportadas con coronavirus en las \u00faltimas 24 horas en la Argentina, con lo que suman 93.142 los fallecidos registrados&hellip;<\/p>\n","protected":false},"author":1,"featured_media":105792,"comment_status":"open","ping_status":"open","sticky":false,"template":"","format":"standard","meta":{"footnotes":""},"categories":[23],"tags":[19938,32346,2450,34899,134,22031],"class_list":["post-105791","post","type-post","status-publish","format-standard","has-post-thumbnail","hentry","category-salud","tag-contagios","tag-coronavirus","tag-diario-el-sindical","tag-informacion-epidemiologica","tag-muertes","tag-salud"],"_links":{"self":[{"href":"https:\/\/www.elsindical.com.ar\/notas\/wp-json\/wp\/v2\/posts\/105791","targetHints":{"allow":["GET"]}}],"collection":[{"href":"https:\/\/www.elsindical.com.ar\/notas\/wp-json\/wp\/v2\/posts"}],"about":[{"href":"https:\/\/www.elsindical.com.ar\/notas\/wp-json\/wp\/v2\/types\/post"}],"author":[{"embeddable":true,"href":"https:\/\/www.elsindical.com.ar\/notas\/wp-json\/wp\/v2\/users\/1"}],"replies":[{"embeddable":true,"href":"https:\/\/www.elsindical.com.ar\/notas\/wp-json\/wp\/v2\/comments?post=105791"}],"version-history":[{"count":1,"href":"https:\/\/www.elsindical.com.ar\/notas\/wp-json\/wp\/v2\/posts\/105791\/revisions"}],"predecessor-version":[{"id":105793,"href":"https:\/\/www.elsindical.com.ar\/notas\/wp-json\/wp\/v2\/posts\/105791\/revisions\/105793"}],"wp:featuredmedia":[{"embeddable":true,"href":"https:\/\/www.elsindical.com.ar\/notas\/wp-json\/wp\/v2\/media\/105792"}],"wp:attachment":[{"href":"https:\/\/www.elsindical.com.ar\/notas\/wp-json\/wp\/v2\/media?parent=105791"}],"wp:term":[{"taxonomy":"category","embeddable":true,"href":"https:\/\/www.elsindical.com.ar\/notas\/wp-json\/wp\/v2\/categories?post=105791"},{"taxonomy":"post_tag","embeddable":true,"href":"https:\/\/www.elsindical.com.ar\/notas\/wp-json\/wp\/v2\/tags?post=105791"}],"curies":[{"name":"wp","href":"https:\/\/api.w.org\/{rel}","templated":true}]}}